{"id":129363,"date":"2021-05-02T12:52:32","date_gmt":"2021-05-02T15:52:32","guid":{"rendered":"https:\/\/www.hoymercedes.com.ar\/principal\/?p=129363"},"modified":"2021-05-02T20:58:50","modified_gmt":"2021-05-02T23:58:50","slug":"ucr-convoca-a-participar-de-las-mesas-de-trabajo-del-partido-politico","status":"publish","type":"post","link":"https:\/\/www.hoymercedes.com.ar\/principal\/2021\/05\/02\/ucr-convoca-a-participar-de-las-mesas-de-trabajo-del-partido-politico\/","title":{"rendered":"UCR convoca a participar de las mesas de trabajo del partido pol\u00edtico"},"content":{"rendered":"\n<p>A trav\u00e9s de un mensaje a la comunidad, el Comit\u00e9 de Distrito de la Uni\u00f3n C\u00edvica Radical invita a los correligionarios en particular y a la comunidad en general a sumarse a las mesas de trabajo que llevan adelante con diferentes tem\u00e1ticas como salud, desarrollo urban\u00edstico, medio ambiente, educaci\u00f3n, deportes, g\u00e9nero y diversidad, presupuesto, legal y t\u00e9cnica, entre otras. La idea es armar proyectos que luego ser\u00e1n presentados como propuestas para la comunidad. <\/p>\n\n\n\n<p>En la invitaci\u00f3n p\u00fablica, los radicales explican los motivos y objetivos que tendr\u00e1 en el trabajo conjunto: <\/p>\n\n\n\n<p>\u00abComo mesa de conducci\u00f3n partidaria nos hemos propuesto establecer un m\u00e9todo de trabajo sistem\u00e1tico y organizado a los fines de potenciar la ciudad para el FUTURO, haciendo especial hincapi\u00e9 en un verdadero desarrollo sustentable con inclusi\u00f3n social para todos, que nos saque de la visi\u00f3n conservadora de las gestiones de nuestra ciudad de los \u00faltimos 40 a\u00f1os, enfatizando las siguientes premisas:<br>\u2022 Potenciar la producci\u00f3n y empleo sustentable con el medio ambiente, impulsando las ventajas geo territoriales (Rutas) de nuestra ciudad.<br>\u2022 Urbanizaci\u00f3n planificada que garantice el acceso a los servicios b\u00e1sicos.<br>\u2022 Movilidad y espacios p\u00fablicos con equipamiento recreativos, amigables con el peat\u00f3n y el trasporte.<br>\u2022 Educaci\u00f3n que acompa\u00f1e al desarrollo humano y a las necesidades del futuro.<br>\u2022 Sistema de acceso a la salud integral. <br>\u2022 Potenciar el turismo regional y los pueblos rurales, incentivando el arraigo con conectividad y preservando su identidad<br>\u2022 Transparencia en el ejercicio de la funci\u00f3n p\u00fablica: gobierno abierto en l\u00ednea a los datos de los recursos de todos los mercedinos\u00bb.<\/p>\n\n\n\n<p>Con el objetivo de crear un \u00abMaster Plan\u00bb que \u00abpotencie una ciudad planificada para las pr\u00f3ximas generaciones con inclusi\u00f3n social y oportunidad para todos, fijando metas y objetivos de corto, mediano y largo plazo, priorizando establecer pol\u00edticas p\u00fablicas e iniciativas legislativas con una mirada interdisciplinaria y de futuro. Servir de apoyo a las representaciones del HCD y del Consejo Escolar, abordando temas de coyuntura en tiempo oportuno, estimulando y priorizando el trabajo en equipo, con la finalidad que surjan de cada mesa futuros liderazgos\u00bb.<\/p>\n\n\n\n<p>Las mesas de trabajo est\u00e1n constituidas con los contactos correspondientes. Los interesados pueden comunicarse a trav\u00e9s de mensajes de textos v\u00eda whatsapp y sumarse a la propuesta de trabajo del radicalismo. <\/p>\n\n\n\n<p><strong>Mesas de trabajo constituidas<\/strong><\/p>\n\n\n\n<p><span style=\"text-decoration: underline;\">Mesa de Desarrollo Urbano y H\u00e1bitat- Producci\u00f3n, Medio ambiente y Tecnolog\u00eda<\/span>. Referente Maria Masztalerz (2324-312359) y Fernando Lapolla (2324-503129)<br><span style=\"text-decoration: underline;\">Mesa de Acci\u00f3n Social, Adultos Mayores, discapacidad y Juventud<\/span>. Referentes Daniel Ivaldis (2324-501465) y Mario Rivas (221-4202977)<br><span style=\"text-decoration: underline;\">Mesa de Salud<\/span>. Referente Leandro Esain (2324-531050)<br><span style=\"text-decoration: underline;\">Mesa de Educaci\u00f3n, Cultura y Deportes<\/span>. Referente Sandra Guti\u00e9rrez (2324-559962)<br><span style=\"text-decoration: underline;\">Mesa de G\u00e9nero y Diversidad<\/span>. Referente Pia Fratini (2324-474490)<br><span style=\"text-decoration: underline;\">Mesa de Hacienda, Presupuesto y Ejecuci\u00f3n<\/span>. Referentes Juan Manuel Navarro (2324-557186), Oscar Valerga y Gonzalo Guanzetti (2324-698894). <br><span style=\"text-decoration: underline;\">Mesa de Protecci\u00f3n Ciudadana y Seguridad<\/span>. Referente Juan Manuel Navarro (2324-557186)<br><span style=\"text-decoration: underline;\">Mesa de Legal y T\u00e9cnica<\/span>. Referente Enrique S\u00e1nchez (11-4415-7216)<br><span style=\"text-decoration: underline;\">Mesa de Mujeres Radicales<\/span>. Referente Marisa Brilado. (2324-517112)<br><span style=\"text-decoration: underline;\">Mesa de Registro y Afiliaciones<\/span>. Referentes M\u00f3nica Ghiglione, Lorena Marino, Mariano Berm\u00fadez y Sandra Guti\u00e9rrez<br><span style=\"text-decoration: underline;\">Mesa de Comunicaci\u00f3n<\/span>. Referente Mar\u00eda Masztalerz<\/p>\n\n\n\n<p><\/p>\n\n\n\n<p><\/p>\n\n\n\n<p><\/p>\n\n\n\n<p><\/p>\n","protected":false},"excerpt":{"rendered":"<p>A trav\u00e9s de un mensaje a la comunidad, el Comit\u00e9 de Distrito de la Uni\u00f3n C\u00edvica Radical invita a los &#8230; <a title=\"UCR convoca a participar de las mesas de trabajo del partido pol\u00edtico\" class=\"read-more\" href=\"https:\/\/www.hoymercedes.com.ar\/principal\/2021\/05\/02\/ucr-convoca-a-participar-de-las-mesas-de-trabajo-del-partido-politico\/\" aria-label=\"Leer m\u00e1s sobre UCR convoca a participar de las mesas de trabajo del partido pol\u00edtico\">Leer m\u00e1s<\/a><\/p>\n","protected":false},"author":1,"featured_media":119259,"comment_status":"closed","ping_status":"open","sticky":false,"template":"","format":"standard","meta":{"_monsterinsights_skip_tracking":false,"_monsterinsights_sitenote_active":false,"_monsterinsights_sitenote_note":"","_monsterinsights_sitenote_category":0,"jetpack_post_was_ever_published":false,"_jetpack_newsletter_access":"","_jetpack_dont_email_post_to_subs":false,"_jetpack_newsletter_tier_id":0,"_jetpack_memberships_contains_paywalled_content":false,"_jetpack_memberships_contains_paid_content":false,"footnotes":"","jetpack_publicize_message":"","jetpack_publicize_feature_enabled":true,"jetpack_social_post_already_shared":true,"jetpack_social_options":{"image_generator_settings":{"template":"highway","default_image_id":0,"font":"","enabled":false},"version":2},"_wpas_customize_per_network":false},"categories":[5],"tags":[9168,17753,5319,217],"class_list":["post-129363","post","type-post","status-publish","format-standard","has-post-thumbnail","hentry","category-politica","tag-convocatoria","tag-mesas-de-trabajo","tag-politica-2","tag-ucr-mercedes","generate-columns","tablet-grid-50","mobile-grid-100","grid-parent","grid-50"],"jetpack_publicize_connections":[],"jetpack_featured_media_url":"https:\/\/www.hoymercedes.com.ar\/principal\/wp-content\/uploads\/2020\/10\/30-UCR-_modern_logo.png","wps_subtitle":"Armado de proyectos","jetpack_sharing_enabled":true,"_links":{"self":[{"href":"https:\/\/www.hoymercedes.com.ar\/principal\/wp-json\/wp\/v2\/posts\/129363","targetHints":{"allow":["GET"]}}],"collection":[{"href":"https:\/\/www.hoymercedes.com.ar\/principal\/wp-json\/wp\/v2\/posts"}],"about":[{"href":"https:\/\/www.hoymercedes.com.ar\/principal\/wp-json\/wp\/v2\/types\/post"}],"author":[{"embeddable":true,"href":"https:\/\/www.hoymercedes.com.ar\/principal\/wp-json\/wp\/v2\/users\/1"}],"replies":[{"embeddable":true,"href":"https:\/\/www.hoymercedes.com.ar\/principal\/wp-json\/wp\/v2\/comments?post=129363"}],"version-history":[{"count":0,"href":"https:\/\/www.hoymercedes.com.ar\/principal\/wp-json\/wp\/v2\/posts\/129363\/revisions"}],"wp:featuredmedia":[{"embeddable":true,"href":"https:\/\/www.hoymercedes.com.ar\/principal\/wp-json\/wp\/v2\/media\/119259"}],"wp:attachment":[{"href":"https:\/\/www.hoymercedes.com.ar\/principal\/wp-json\/wp\/v2\/media?parent=129363"}],"wp:term":[{"taxonomy":"category","embeddable":true,"href":"https:\/\/www.hoymercedes.com.ar\/principal\/wp-json\/wp\/v2\/categories?post=129363"},{"taxonomy":"post_tag","embeddable":true,"href":"https:\/\/www.hoymercedes.com.ar\/principal\/wp-json\/wp\/v2\/tags?post=129363"}],"curies":[{"name":"wp","href":"https:\/\/api.w.org\/{rel}","templated":true}]}}