{"id":129365,"date":"2021-05-02T14:10:19","date_gmt":"2021-05-02T17:10:19","guid":{"rendered":"https:\/\/www.hoymercedes.com.ar\/principal\/?p=129365"},"modified":"2021-05-02T20:58:31","modified_gmt":"2021-05-02T23:58:31","slug":"tallarines-para-el-dia-dia-del-trabajador","status":"publish","type":"post","link":"https:\/\/www.hoymercedes.com.ar\/principal\/2021\/05\/02\/tallarines-para-el-dia-dia-del-trabajador\/","title":{"rendered":"Tallarines para el d\u00eda D\u00eda del Trabajador"},"content":{"rendered":"\n<p>Tal como se anticipara d\u00edas atr\u00e1s, All Boys Solidario y la Unidad Penitenciaria N\u00b0 5 de Mercedes, distribuy\u00f3 tallarines, m\u00e1s de 2000 viandas, en comedores de distintos barrios as\u00ed como instituciones. Elaborados por el personal del SPB de la U5, los tallarines fueron distribuidos en comedores del Barrio Esperanza, y Barrio San Mart\u00edn, en El Honguito, en el Cen\u00e1colo, en el Hogar Lowe Mercedes, en la Divina Providencia, en el Hogar Villa Abrile entre otros lugares de la ciudad de Mercedes. <\/p>\n\n\n\n<div class=\"wp-block-image\"><figure class=\"aligncenter size-large\"><img loading=\"lazy\" decoding=\"async\" width=\"768\" height=\"1024\" data-attachment-id=\"129369\" data-permalink=\"https:\/\/www.hoymercedes.com.ar\/principal\/2021\/05\/02\/tallarines-para-el-dia-dia-del-trabajador\/whatsapp-image-2021-05-02-at-10-57-00\/#main\" data-orig-file=\"https:\/\/www.hoymercedes.com.ar\/principal\/wp-content\/uploads\/2021\/05\/WhatsApp-Image-2021-05-02-at-10.57.00-e1619975343788.jpeg\" data-orig-size=\"960,870\" data-comments-opened=\"0\" data-image-meta=\"{&quot;aperture&quot;:&quot;0&quot;,&quot;credit&quot;:&quot;&quot;,&quot;camera&quot;:&quot;&quot;,&quot;caption&quot;:&quot;&quot;,&quot;created_timestamp&quot;:&quot;0&quot;,&quot;copyright&quot;:&quot;&quot;,&quot;focal_length&quot;:&quot;0&quot;,&quot;iso&quot;:&quot;0&quot;,&quot;shutter_speed&quot;:&quot;0&quot;,&quot;title&quot;:&quot;&quot;,&quot;orientation&quot;:&quot;0&quot;}\" data-image-title=\"WhatsApp Image 2021-05-02 at 10.57.00\" data-image-description=\"\" data-image-caption=\"\" data-large-file=\"https:\/\/www.hoymercedes.com.ar\/principal\/wp-content\/uploads\/2021\/05\/WhatsApp-Image-2021-05-02-at-10.57.00-768x1024.jpeg\" src=\"https:\/\/www.hoymercedes.com.ar\/principal\/wp-content\/uploads\/2021\/05\/WhatsApp-Image-2021-05-02-at-10.57.00-768x1024.jpeg\" alt=\"\" class=\"wp-image-129369\"\/><\/figure><\/div>\n","protected":false},"excerpt":{"rendered":"<p>Tal como se anticipara d\u00edas atr\u00e1s, All Boys Solidario y la Unidad Penitenciaria N\u00b0 5 de Mercedes, distribuy\u00f3 tallarines, m\u00e1s &#8230; <a title=\"Tallarines para el d\u00eda D\u00eda del Trabajador\" class=\"read-more\" href=\"https:\/\/www.hoymercedes.com.ar\/principal\/2021\/05\/02\/tallarines-para-el-dia-dia-del-trabajador\/\" aria-label=\"Leer m\u00e1s sobre Tallarines para el d\u00eda D\u00eda del Trabajador\">Leer m\u00e1s<\/a><\/p>\n","protected":false},"author":1,"featured_media":129369,"comment_status":"closed","ping_status":"open","sticky":false,"template":"","format":"standard","meta":{"_monsterinsights_skip_tracking":false,"_monsterinsights_sitenote_active":false,"_monsterinsights_sitenote_note":"","_monsterinsights_sitenote_category":0,"jetpack_post_was_ever_published":false,"_jetpack_newsletter_access":"","_jetpack_dont_email_post_to_subs":false,"_jetpack_newsletter_tier_id":0,"_jetpack_memberships_contains_paywalled_content":false,"_jetpack_memberships_contains_paid_content":false,"footnotes":"","jetpack_publicize_message":"","jetpack_publicize_feature_enabled":true,"jetpack_social_post_already_shared":true,"jetpack_social_options":{"image_generator_settings":{"template":"highway","default_image_id":0,"font":"","enabled":false},"version":2},"_wpas_customize_per_network":false},"categories":[8],"tags":[10506,1011,3361,16403],"class_list":["post-129365","post","type-post","status-publish","format-standard","has-post-thumbnail","hentry","category-sociedad","tag-all-boys-solidario","tag-carcel","tag-solidaridad","tag-u5","generate-columns","tablet-grid-50","mobile-grid-100","grid-parent","grid-50"],"jetpack_publicize_connections":[],"jetpack_featured_media_url":"https:\/\/www.hoymercedes.com.ar\/principal\/wp-content\/uploads\/2021\/05\/WhatsApp-Image-2021-05-02-at-10.57.00-e1619975343788.jpeg","wps_subtitle":"Solidaridad","jetpack_sharing_enabled":true,"_links":{"self":[{"href":"https:\/\/www.hoymercedes.com.ar\/principal\/wp-json\/wp\/v2\/posts\/129365","targetHints":{"allow":["GET"]}}],"collection":[{"href":"https:\/\/www.hoymercedes.com.ar\/principal\/wp-json\/wp\/v2\/posts"}],"about":[{"href":"https:\/\/www.hoymercedes.com.ar\/principal\/wp-json\/wp\/v2\/types\/post"}],"author":[{"embeddable":true,"href":"https:\/\/www.hoymercedes.com.ar\/principal\/wp-json\/wp\/v2\/users\/1"}],"replies":[{"embeddable":true,"href":"https:\/\/www.hoymercedes.com.ar\/principal\/wp-json\/wp\/v2\/comments?post=129365"}],"version-history":[{"count":0,"href":"https:\/\/www.hoymercedes.com.ar\/principal\/wp-json\/wp\/v2\/posts\/129365\/revisions"}],"wp:featuredmedia":[{"embeddable":true,"href":"https:\/\/www.hoymercedes.com.ar\/principal\/wp-json\/wp\/v2\/media\/129369"}],"wp:attachment":[{"href":"https:\/\/www.hoymercedes.com.ar\/principal\/wp-json\/wp\/v2\/media?parent=129365"}],"wp:term":[{"taxonomy":"category","embeddable":true,"href":"https:\/\/www.hoymercedes.com.ar\/principal\/wp-json\/wp\/v2\/categories?post=129365"},{"taxonomy":"post_tag","embeddable":true,"href":"https:\/\/www.hoymercedes.com.ar\/principal\/wp-json\/wp\/v2\/tags?post=129365"}],"curies":[{"name":"wp","href":"https:\/\/api.w.org\/{rel}","templated":true}]}}