{"id":129410,"date":"2021-05-02T20:26:34","date_gmt":"2021-05-02T23:26:34","guid":{"rendered":"https:\/\/www.hoymercedes.com.ar\/principal\/?p=129410"},"modified":"2021-05-02T20:57:01","modified_gmt":"2021-05-02T23:57:01","slug":"giles-intendente-decidio-pasar-el-pueblo-a-fase-2","status":"publish","type":"post","link":"https:\/\/www.hoymercedes.com.ar\/principal\/2021\/05\/02\/giles-intendente-decidio-pasar-el-pueblo-a-fase-2\/","title":{"rendered":"S. A. de Giles: Intendente decidi\u00f3 pasar el pueblo a Fase 2"},"content":{"rendered":"\n<p>Tras una conferencia de prensa en la tarde de este domingo, el Intendente de San Andr\u00e9s de Giles, Carlos Puglelli dio a conocer la decisi\u00f3n de \u201cauto determinar\u201d tomar medidas correspondientes a fase 2. Aclar\u00f3 que el reunionismo ha generado graves problemas, que a esta altura la poblaci\u00f3n ya deber\u00eda saber c\u00f3mo cuidarte y que cuadriplicaron el ingreso de pacientes en el sistema de salud.<\/p>\n\n\n\n<figure class=\"wp-block-image size-large\"><img loading=\"lazy\" decoding=\"async\" width=\"1024\" height=\"576\" data-attachment-id=\"129411\" data-permalink=\"https:\/\/www.hoymercedes.com.ar\/principal\/2021\/05\/02\/giles-intendente-decidio-pasar-el-pueblo-a-fase-2\/carlospublelli-s-a-de_-giles_\/#main\" data-orig-file=\"https:\/\/www.hoymercedes.com.ar\/principal\/wp-content\/uploads\/2021\/05\/CarlosPublelli-S.A.De_.Giles_.jpg\" data-orig-size=\"1366,768\" data-comments-opened=\"0\" data-image-meta=\"{&quot;aperture&quot;:&quot;0&quot;,&quot;credit&quot;:&quot;&quot;,&quot;camera&quot;:&quot;&quot;,&quot;caption&quot;:&quot;&quot;,&quot;created_timestamp&quot;:&quot;0&quot;,&quot;copyright&quot;:&quot;&quot;,&quot;focal_length&quot;:&quot;0&quot;,&quot;iso&quot;:&quot;0&quot;,&quot;shutter_speed&quot;:&quot;0&quot;,&quot;title&quot;:&quot;&quot;,&quot;orientation&quot;:&quot;0&quot;}\" data-image-title=\"CarlosPublelli-S.A.De_.Giles_\" data-image-description=\"\" data-image-caption=\"\" data-large-file=\"https:\/\/www.hoymercedes.com.ar\/principal\/wp-content\/uploads\/2021\/05\/CarlosPublelli-S.A.De_.Giles_-1024x576.jpg\" src=\"https:\/\/www.hoymercedes.com.ar\/principal\/wp-content\/uploads\/2021\/05\/CarlosPublelli-S.A.De_.Giles_-1024x576.jpg\" alt=\"\" class=\"wp-image-129411\" srcset=\"https:\/\/www.hoymercedes.com.ar\/principal\/wp-content\/uploads\/2021\/05\/CarlosPublelli-S.A.De_.Giles_-1024x576.jpg 1024w, https:\/\/www.hoymercedes.com.ar\/principal\/wp-content\/uploads\/2021\/05\/CarlosPublelli-S.A.De_.Giles_-630x354.jpg 630w, https:\/\/www.hoymercedes.com.ar\/principal\/wp-content\/uploads\/2021\/05\/CarlosPublelli-S.A.De_.Giles_-150x84.jpg 150w, https:\/\/www.hoymercedes.com.ar\/principal\/wp-content\/uploads\/2021\/05\/CarlosPublelli-S.A.De_.Giles_.jpg 1366w\" sizes=\"auto, (max-width: 1024px) 100vw, 1024px\" \/><\/figure>\n\n\n\n<p>\u201cEstamos preocupados, en el peor momento de la pandemia\u201d comenz\u00f3 diciendo Carlos Puglelli quien adem\u00e1s remarc\u00f3 el dif\u00edcil estado del Nosocomio local: \u201ccompletamos la cantidad de camas en la planta baja, tenemos una alta ocupaci\u00f3n en el lugar que hab\u00edamos reservado como emergencia en la planta alta del Hospital San Andr\u00e9s\u201d.<\/p>\n\n\n\n<p>\u201cSe est\u00e1n incorporando pacientes a terapia intensiva, por eso necesitamos bajar la circulaci\u00f3n\u201d y aclar\u00f3 que \u201cseguro hay otras cepas circulando por el nivel de contagios\u201d afirm\u00f3.<\/p>\n\n\n\n<p>El Secretario de Salud de la vecina localidad, Fernando Romero, calific\u00f3 como un \u201ctsunami\u201d la situaci\u00f3n. \u201cLas medidas que tomamos antes sirvieron, pero se estabiliz\u00f3 la positividad alta, si mantenemos este nivel de contagio el sistema de salud va a colapsar\u201d, sostuvo en una conferencia de prensa que fue transmitida y pudo verse a trav\u00e9s de las redes sociales del municipio vecino. <\/p>\n\n\n\n<p>\u201cEntre 18 y 20 vecinos pueden morir por mes si se mantiene este nivel de contagio, esto ya pas\u00f3 en otros pa\u00edses, tenemos que ver esto y no repetirlo\u201d reflexion\u00f3 Romero. Por \u00faltimo destac\u00f3 que es mayor la cantidad de vecinos que ingresan al Nosocomio que la que egresa por d\u00eda.<\/p>\n\n\n\n<p><strong>Algunos de los numeros que se compartieron:<\/strong><\/p>\n\n\n\n<ul class=\"wp-block-list\"><li>3 gilenses est\u00e1n en terapia intensiva y 34 camas est\u00e1n ocupadas en el \u00e1rea Covid-19.<\/li><li>5 docentes y 13 alumnos son positivos de Covid-19 en Giles.<\/li><li>45 docentes y 303 alumnos est\u00e1n aislados. <\/li><\/ul>\n\n\n\n<p><strong>Las medidas que regir\u00e1n por 14 d\u00edas corridos:<\/strong><\/p>\n\n\n\n<ul class=\"wp-block-list\"><li>Prohibici\u00f3n de circular entre las 20 y las 6 horas para los NO esenciales.<\/li><li>Suspensi\u00f3n de reuniones sociales en domicilios particulares.<\/li><li>Cierre de locales de gastronom\u00eda desde las 19 y las 6 horas, solo podr\u00e1n tener mesas en el exterior y delivery hasta las 23 horas. El resto de los locales cierran de 19 a 6 horas.<\/li><li>Suspensi\u00f3n de actividad deportiva grupal de contacto en lugares cerrados y al aire libre.<\/li><li>Suspensi\u00f3n de actividades deportivas individuales en lugares cerrados.<\/li><li>Suspensi\u00f3n de clases presenciales en todos los niveles educativos.<\/li><li>Suspensi\u00f3n de todos los talleres culturales, educativos, suspensi\u00f3n de todo tipo de eventos cultural social, recreativo y religioso.<\/li><\/ul>\n\n\n\n<p>Ver conferencia de prensa del Intendente Puglelli de San Andr\u00e9s Giles (a partir del minuto 13) <a href=\"https:\/\/fb.watch\/5eXJMCnDGz\/\" target=\"_blank\" rel=\"noopener\">https:\/\/fb.watch\/5eXJMCnDGz\/<\/a><\/p>\n","protected":false},"excerpt":{"rendered":"<p>Tras una conferencia de prensa en la tarde de este domingo, el Intendente de San Andr\u00e9s de Giles, Carlos Puglelli &#8230; <a title=\"S. A. de Giles: Intendente decidi\u00f3 pasar el pueblo a Fase 2\" class=\"read-more\" href=\"https:\/\/www.hoymercedes.com.ar\/principal\/2021\/05\/02\/giles-intendente-decidio-pasar-el-pueblo-a-fase-2\/\" aria-label=\"Leer m\u00e1s sobre S. A. de Giles: Intendente decidi\u00f3 pasar el pueblo a Fase 2\">Leer m\u00e1s<\/a><\/p>\n","protected":false},"author":1,"featured_media":129411,"comment_status":"closed","ping_status":"open","sticky":false,"template":"","format":"standard","meta":{"_monsterinsights_skip_tracking":false,"_monsterinsights_sitenote_active":false,"_monsterinsights_sitenote_note":"","_monsterinsights_sitenote_category":0,"jetpack_post_was_ever_published":false,"_jetpack_newsletter_access":"","_jetpack_dont_email_post_to_subs":false,"_jetpack_newsletter_tier_id":0,"_jetpack_memberships_contains_paywalled_content":false,"_jetpack_memberships_contains_paid_content":false,"footnotes":"","jetpack_publicize_message":"","jetpack_publicize_feature_enabled":true,"jetpack_social_post_already_shared":true,"jetpack_social_options":{"image_generator_settings":{"template":"highway","default_image_id":0,"font":"","enabled":false},"version":2},"_wpas_customize_per_network":false},"categories":[5501],"tags":[16175,16819,17749,9322,2123],"class_list":["post-129410","post","type-post","status-publish","format-standard","has-post-thumbnail","hentry","category-region","tag-coronavirus","tag-covid","tag-covid-en-giles","tag-region","tag-san-andres-de-giles","generate-columns","tablet-grid-50","mobile-grid-100","grid-parent","grid-50"],"jetpack_publicize_connections":[],"jetpack_featured_media_url":"https:\/\/www.hoymercedes.com.ar\/principal\/wp-content\/uploads\/2021\/05\/CarlosPublelli-S.A.De_.Giles_.jpg","wps_subtitle":"#Coronavirus en la regi\u00f3n","jetpack_sharing_enabled":true,"_links":{"self":[{"href":"https:\/\/www.hoymercedes.com.ar\/principal\/wp-json\/wp\/v2\/posts\/129410","targetHints":{"allow":["GET"]}}],"collection":[{"href":"https:\/\/www.hoymercedes.com.ar\/principal\/wp-json\/wp\/v2\/posts"}],"about":[{"href":"https:\/\/www.hoymercedes.com.ar\/principal\/wp-json\/wp\/v2\/types\/post"}],"author":[{"embeddable":true,"href":"https:\/\/www.hoymercedes.com.ar\/principal\/wp-json\/wp\/v2\/users\/1"}],"replies":[{"embeddable":true,"href":"https:\/\/www.hoymercedes.com.ar\/principal\/wp-json\/wp\/v2\/comments?post=129410"}],"version-history":[{"count":0,"href":"https:\/\/www.hoymercedes.com.ar\/principal\/wp-json\/wp\/v2\/posts\/129410\/revisions"}],"wp:featuredmedia":[{"embeddable":true,"href":"https:\/\/www.hoymercedes.com.ar\/principal\/wp-json\/wp\/v2\/media\/129411"}],"wp:attachment":[{"href":"https:\/\/www.hoymercedes.com.ar\/principal\/wp-json\/wp\/v2\/media?parent=129410"}],"wp:term":[{"taxonomy":"category","embeddable":true,"href":"https:\/\/www.hoymercedes.com.ar\/principal\/wp-json\/wp\/v2\/categories?post=129410"},{"taxonomy":"post_tag","embeddable":true,"href":"https:\/\/www.hoymercedes.com.ar\/principal\/wp-json\/wp\/v2\/tags?post=129410"}],"curies":[{"name":"wp","href":"https:\/\/api.w.org\/{rel}","templated":true}]}}