{"id":12978,"date":"2012-05-18T09:10:02","date_gmt":"2012-05-18T09:10:02","guid":{"rendered":"http:\/\/www.hoymercedes.com.ar\/principal\/?p=12978"},"modified":"2012-05-18T02:13:40","modified_gmt":"2012-05-18T02:13:40","slug":"marcelo-melo-en-asuncion-del-nuevo-sec-de-ddhh-guido-carlotto","status":"publish","type":"post","link":"https:\/\/www.hoymercedes.com.ar\/principal\/2012\/05\/18\/marcelo-melo-en-asuncion-del-nuevo-sec-de-ddhh-guido-carlotto\/","title":{"rendered":"Marcelo Melo en asunci\u00f3n del nuevo Sec. De DDHH Guido Carlotto"},"content":{"rendered":"<p><a href=\"https:\/\/www.hoymercedes.com.ar\/principal\/wp-content\/uploads\/2012\/05\/GuidoCarlotto-Melo-Scioli.jpg\"><img loading=\"lazy\" decoding=\"async\" data-attachment-id=\"12980\" data-permalink=\"https:\/\/www.hoymercedes.com.ar\/principal\/2012\/05\/18\/marcelo-melo-en-asuncion-del-nuevo-sec-de-ddhh-guido-carlotto\/guidocarlotto-melo-scioli\/#main\" data-orig-file=\"https:\/\/www.hoymercedes.com.ar\/principal\/wp-content\/uploads\/2012\/05\/GuidoCarlotto-Melo-Scioli.jpg\" data-orig-size=\"612,413\" data-comments-opened=\"1\" data-image-meta=\"{&quot;aperture&quot;:&quot;0&quot;,&quot;credit&quot;:&quot;&quot;,&quot;camera&quot;:&quot;&quot;,&quot;caption&quot;:&quot;&quot;,&quot;created_timestamp&quot;:&quot;0&quot;,&quot;copyright&quot;:&quot;&quot;,&quot;focal_length&quot;:&quot;0&quot;,&quot;iso&quot;:&quot;0&quot;,&quot;shutter_speed&quot;:&quot;0&quot;,&quot;title&quot;:&quot;&quot;}\" data-image-title=\"GuidoCarlotto-Melo-Scioli\" data-image-description=\"\" data-image-caption=\"\" data-large-file=\"https:\/\/www.hoymercedes.com.ar\/principal\/wp-content\/uploads\/2012\/05\/GuidoCarlotto-Melo-Scioli.jpg\" class=\"aligncenter size-full wp-image-12980\" title=\"GuidoCarlotto-Melo-Scioli\" src=\"https:\/\/www.hoymercedes.com.ar\/principal\/wp-content\/uploads\/2012\/05\/GuidoCarlotto-Melo-Scioli.jpg\" alt=\"\" width=\"612\" height=\"413\" \/><\/a><\/p>\n<p>Este jueves se llev\u00f3 a cabo la asunci\u00f3n de nuevo Secretario de Derechos Humanos de la Provincia de Buenos Aires en la capital provincial con la presencia de los principales funcionarios y el Gobernador Daniel Scioli qui\u00e9n tom\u00f3 jura a Guido Carlotto.<\/p>\n<p>D\u00edas atr\u00e1s se acept\u00f3 el paso al costado que por cuestiones de salud llev\u00f3 a cabo Sara Dorotier de Cobacho conoci\u00e9ndose a la vez que Guido Carlotto ser\u00eda qui\u00e9n tomar\u00eda la conducci\u00f3n de la Secretar\u00eda.<\/p>\n<p>Guido Carlotto proviene de una familia vinculada al \u00e1rea ya que adem\u00e1s su madre es la presidenta de Abuelas de Plaza de Mayo, la Sra. Estela de Carlotto.<\/p>\n<p>En el acto de asunci\u00f3n Scioli destac\u00f3 \u201clos valores, la lucha y el compromiso\u201d de Guido Carlotto<\/p>\n<p>El Gobernador destac\u00f3 hoy \u201clos valores, la militancia, la lucha y el compromiso con el proyecto nacional\u201d de Guido Carlotto, al ponerlo en funciones al frente de la secretar\u00eda de Derechos Humanos de la Provincia, acompa\u00f1ado por todo su gabinete en un acto llevado a cabo en la Casa de Gobierno.<\/p>\n<p>\u201cTengo las mejores expectativas sobre la labor que va a llevar adelante para tener cada d\u00eda m\u00e1s verdad y justicia en nuestra provincia y seguir sumando logros y conquistas en los derechos de inclusi\u00f3n social\u201d, asegur\u00f3 Scioli en referencia al flamante Secretario.<\/p>\n<p>Carlotto, en tanto, se comprometi\u00f3 a trabajar para que \u201clas pol\u00edticas de derechos humanos de la Provincia sean vanguardia en la Rep\u00fablica Argentina\u201d, y afirm\u00f3 su vocaci\u00f3n de \u201cseguir avanzando con los juicios por los delitos de lesa humanidad hasta que el \u00faltimo represor militar o civil quede preso\u201d.<\/p>\n<p>Ponder\u00f3 adem\u00e1s \u201clas leyes de reparaci\u00f3n hist\u00f3rica para los sectores afectados que ha promulgado el Gobernador\u201d y agreg\u00f3 que \u201chablar de derechos humanos hoy es hablar de inclusi\u00f3n social, del derecho a la educaci\u00f3n, a la salud, al trabajo y el respeto a las minor\u00edas\u201d<\/p>\n<p>El Gobernador hizo adem\u00e1s un especial reconocimiento a la labor desempe\u00f1ada por Sara Derotier de Cobacho, quien \u201cest\u00e1 m\u00e1s comprometida que nunca para poder ayudarnos desde su experiencia\u201d, al tiempo que subray\u00f3 la \u201ctransici\u00f3n ejemplar\u201d en la Secretar\u00eda<\/p>\n<p>Participaron tambi\u00e9n el ministro de Justicia y Derechos Humanos de la Naci\u00f3n, Julio Alak; el secretario de Derechos Humanos de la Naci\u00f3n, Mart\u00edn Fresneda; la titular de Abuelas de Plaza de Mayo, Estela de Carlotto; intendentes, representantes del Poder Judicial, legisladores e integrantes de organizaciones defensoras de los derechos humanos.<\/p>\n<p>Al respecto, Melo sostuvo: \u201cse trata de un paso m\u00e1s en el camino de la construcci\u00f3n constante de la defensa de los derechos del ser humano en todos los planos. La secretar\u00eda creci\u00f3 de manera hist\u00f3rica con Sara y no existe duda alguna de que continuar\u00e1 en la misma l\u00ednea con todos los aditivos que la personalidad y el apoyo que el nuevo Secretario posee le dar\u00e1n al \u00e1rea. En Mercedes continuaremos apoyando y recibiendo el apoyo que cotidianamente vivimos y con planes constantes de crecimiento.\u201d.<\/p>\n<p>&nbsp;<\/p>\n","protected":false},"excerpt":{"rendered":"<p>Este jueves se llev\u00f3 a cabo la asunci\u00f3n de nuevo Secretario de Derechos Humanos de la Provincia de Buenos Aires &#8230; <a title=\"Marcelo Melo en asunci\u00f3n del nuevo Sec. De DDHH Guido Carlotto\" class=\"read-more\" href=\"https:\/\/www.hoymercedes.com.ar\/principal\/2012\/05\/18\/marcelo-melo-en-asuncion-del-nuevo-sec-de-ddhh-guido-carlotto\/\" aria-label=\"Leer m\u00e1s sobre Marcelo Melo en asunci\u00f3n del nuevo Sec. De DDHH Guido Carlotto\">Leer m\u00e1s<\/a><\/p>\n","protected":false},"author":1,"featured_media":0,"comment_status":"open","ping_status":"open","sticky":false,"template":"","format":"standard","meta":{"_monsterinsights_skip_tracking":false,"_monsterinsights_sitenote_active":false,"_monsterinsights_sitenote_note":"","_monsterinsights_sitenote_category":0,"jetpack_post_was_ever_published":false,"_jetpack_newsletter_access":"","_jetpack_dont_email_post_to_subs":false,"_jetpack_newsletter_tier_id":0,"_jetpack_memberships_contains_paywalled_content":false,"_jetpack_memberships_contains_paid_content":false,"footnotes":"","jetpack_publicize_message":"","jetpack_publicize_feature_enabled":true,"jetpack_social_post_already_shared":false,"jetpack_social_options":{"image_generator_settings":{"template":"highway","default_image_id":0,"font":"","enabled":false},"version":2},"_wpas_customize_per_network":false},"categories":[5],"tags":[2204,2203,403],"class_list":["post-12978","post","type-post","status-publish","format-standard","hentry","category-politica","tag-daniel-scioli","tag-guido-carlotto","tag-marcelo-melo","generate-columns","tablet-grid-50","mobile-grid-100","grid-parent","grid-50"],"jetpack_publicize_connections":[],"jetpack_featured_media_url":"","wps_subtitle":"","jetpack_sharing_enabled":true,"_links":{"self":[{"href":"https:\/\/www.hoymercedes.com.ar\/principal\/wp-json\/wp\/v2\/posts\/12978","targetHints":{"allow":["GET"]}}],"collection":[{"href":"https:\/\/www.hoymercedes.com.ar\/principal\/wp-json\/wp\/v2\/posts"}],"about":[{"href":"https:\/\/www.hoymercedes.com.ar\/principal\/wp-json\/wp\/v2\/types\/post"}],"author":[{"embeddable":true,"href":"https:\/\/www.hoymercedes.com.ar\/principal\/wp-json\/wp\/v2\/users\/1"}],"replies":[{"embeddable":true,"href":"https:\/\/www.hoymercedes.com.ar\/principal\/wp-json\/wp\/v2\/comments?post=12978"}],"version-history":[{"count":0,"href":"https:\/\/www.hoymercedes.com.ar\/principal\/wp-json\/wp\/v2\/posts\/12978\/revisions"}],"wp:attachment":[{"href":"https:\/\/www.hoymercedes.com.ar\/principal\/wp-json\/wp\/v2\/media?parent=12978"}],"wp:term":[{"taxonomy":"category","embeddable":true,"href":"https:\/\/www.hoymercedes.com.ar\/principal\/wp-json\/wp\/v2\/categories?post=12978"},{"taxonomy":"post_tag","embeddable":true,"href":"https:\/\/www.hoymercedes.com.ar\/principal\/wp-json\/wp\/v2\/tags?post=12978"}],"curies":[{"name":"wp","href":"https:\/\/api.w.org\/{rel}","templated":true}]}}