{"id":130056,"date":"2021-05-13T15:11:00","date_gmt":"2021-05-13T18:11:00","guid":{"rendered":"https:\/\/www.hoymercedes.com.ar\/principal\/?p=130056"},"modified":"2021-05-13T14:18:42","modified_gmt":"2021-05-13T17:18:42","slug":"hospital-dubarry-recibe-apoyo-financiero-a-traves-de-samo-central","status":"publish","type":"post","link":"https:\/\/www.hoymercedes.com.ar\/principal\/2021\/05\/13\/hospital-dubarry-recibe-apoyo-financiero-a-traves-de-samo-central\/","title":{"rendered":"Hospital Dubarry recibe apoyo financiero a trav\u00e9s de SAMO central"},"content":{"rendered":"\n<p>Desde las redes oficiales del Hospital Blas L. Dubarry se comunic\u00f3 que el Ministeiro de Salud de la provincia de Buenos AIres otorg\u00f3 un apoyo financiero este jueves. A trav\u00e9s del SAMO central, se recibi\u00f3 el apoyo para reparar el tanque de agua del nosocomio. <\/p>\n\n\n\n<p>\u00abEl hospital tiene un edificio centenario, y al inicio de la gesti\u00f3n actual se evidenci\u00f3 un serio problema en el tanque de agua. Gracias al compromiso del \u00e1rea de infraestructura del Ministerio, del personal de mantenimiento del Hospital, se planific\u00f3 la ejecuci\u00f3n de una obra de reparaci\u00f3n y adecuaci\u00f3n. Gracias al apoyo financiero del SAMO central, a trav\u00e9s de la firma del Ministro y Viceministro se efectuar\u00e1n las reparaciones necesarias\u00bb, explicaron en la comunicaci\u00f3n en redes con una imagen del Viceministro Nicol\u00e1s Kreplak. <\/p>\n","protected":false},"excerpt":{"rendered":"<p>Desde las redes oficiales del Hospital Blas L. Dubarry se comunic\u00f3 que el Ministeiro de Salud de la provincia de &#8230; <a title=\"Hospital Dubarry recibe apoyo financiero a trav\u00e9s de SAMO central\" class=\"read-more\" href=\"https:\/\/www.hoymercedes.com.ar\/principal\/2021\/05\/13\/hospital-dubarry-recibe-apoyo-financiero-a-traves-de-samo-central\/\" aria-label=\"Leer m\u00e1s sobre Hospital Dubarry recibe apoyo financiero a trav\u00e9s de SAMO central\">Leer m\u00e1s<\/a><\/p>\n","protected":false},"author":1,"featured_media":122754,"comment_status":"closed","ping_status":"open","sticky":false,"template":"","format":"standard","meta":{"_monsterinsights_skip_tracking":false,"_monsterinsights_sitenote_active":false,"_monsterinsights_sitenote_note":"","_monsterinsights_sitenote_category":0,"jetpack_post_was_ever_published":false,"_jetpack_newsletter_access":"","_jetpack_dont_email_post_to_subs":false,"_jetpack_newsletter_tier_id":0,"_jetpack_memberships_contains_paywalled_content":false,"_jetpack_memberships_contains_paid_content":false,"footnotes":"","jetpack_publicize_message":"","jetpack_publicize_feature_enabled":true,"jetpack_social_post_already_shared":true,"jetpack_social_options":{"image_generator_settings":{"template":"highway","default_image_id":0,"font":"","enabled":false},"version":2},"_wpas_customize_per_network":false},"categories":[9791],"tags":[16446,17772,134,17771],"class_list":["post-130056","post","type-post","status-publish","format-standard","has-post-thumbnail","hentry","category-salud","tag-hospital-blas-l-dubarry-2","tag-ministerio-de-salud-bonaerense","tag-salud","tag-samo-central","generate-columns","tablet-grid-50","mobile-grid-100","grid-parent","grid-50"],"jetpack_publicize_connections":[],"jetpack_featured_media_url":"https:\/\/www.hoymercedes.com.ar\/principal\/wp-content\/uploads\/2021\/01\/Hospital.Blas_.L.Dubarry.2021.jpg","wps_subtitle":"Para la reparaci\u00f3n del tanque de agua","jetpack_sharing_enabled":true,"_links":{"self":[{"href":"https:\/\/www.hoymercedes.com.ar\/principal\/wp-json\/wp\/v2\/posts\/130056","targetHints":{"allow":["GET"]}}],"collection":[{"href":"https:\/\/www.hoymercedes.com.ar\/principal\/wp-json\/wp\/v2\/posts"}],"about":[{"href":"https:\/\/www.hoymercedes.com.ar\/principal\/wp-json\/wp\/v2\/types\/post"}],"author":[{"embeddable":true,"href":"https:\/\/www.hoymercedes.com.ar\/principal\/wp-json\/wp\/v2\/users\/1"}],"replies":[{"embeddable":true,"href":"https:\/\/www.hoymercedes.com.ar\/principal\/wp-json\/wp\/v2\/comments?post=130056"}],"version-history":[{"count":0,"href":"https:\/\/www.hoymercedes.com.ar\/principal\/wp-json\/wp\/v2\/posts\/130056\/revisions"}],"wp:featuredmedia":[{"embeddable":true,"href":"https:\/\/www.hoymercedes.com.ar\/principal\/wp-json\/wp\/v2\/media\/122754"}],"wp:attachment":[{"href":"https:\/\/www.hoymercedes.com.ar\/principal\/wp-json\/wp\/v2\/media?parent=130056"}],"wp:term":[{"taxonomy":"category","embeddable":true,"href":"https:\/\/www.hoymercedes.com.ar\/principal\/wp-json\/wp\/v2\/categories?post=130056"},{"taxonomy":"post_tag","embeddable":true,"href":"https:\/\/www.hoymercedes.com.ar\/principal\/wp-json\/wp\/v2\/tags?post=130056"}],"curies":[{"name":"wp","href":"https:\/\/api.w.org\/{rel}","templated":true}]}}