{"id":130062,"date":"2021-05-14T18:06:00","date_gmt":"2021-05-14T21:06:00","guid":{"rendered":"https:\/\/www.hoymercedes.com.ar\/principal\/?p=130062"},"modified":"2021-05-13T18:29:09","modified_gmt":"2021-05-13T21:29:09","slug":"selva-estoy-convencido-de-que-la-oposicion-no-esta-haciendo-una-evaluacion-seria-de-la-pandemia","status":"publish","type":"post","link":"https:\/\/www.hoymercedes.com.ar\/principal\/2021\/05\/14\/selva-estoy-convencido-de-que-la-oposicion-no-esta-haciendo-una-evaluacion-seria-de-la-pandemia\/","title":{"rendered":"Selva: \u201cEstoy convencido de que la oposici\u00f3n no est\u00e1 haciendo una evaluaci\u00f3n seria de la pandemia\u201d"},"content":{"rendered":"\n<p>En una entrevista realizada en Diputados TV, el legislador nacional Carlos Selva, del Frente de Todos, se refiri\u00f3 al Proyecto de Ley de Medidas Sanitarias Regionalizadas.<\/p>\n\n\n\n<div class=\"wp-block-image\"><figure class=\"aligncenter size-large\"><img loading=\"lazy\" decoding=\"async\" width=\"640\" height=\"380\" data-attachment-id=\"130063\" data-permalink=\"https:\/\/www.hoymercedes.com.ar\/principal\/2021\/05\/14\/selva-estoy-convencido-de-que-la-oposicion-no-esta-haciendo-una-evaluacion-seria-de-la-pandemia\/carlos_selva\/#main\" data-orig-file=\"https:\/\/www.hoymercedes.com.ar\/principal\/wp-content\/uploads\/2021\/05\/carlos_selva.jpg\" data-orig-size=\"640,380\" data-comments-opened=\"0\" data-image-meta=\"{&quot;aperture&quot;:&quot;0&quot;,&quot;credit&quot;:&quot;&quot;,&quot;camera&quot;:&quot;&quot;,&quot;caption&quot;:&quot;&quot;,&quot;created_timestamp&quot;:&quot;0&quot;,&quot;copyright&quot;:&quot;&quot;,&quot;focal_length&quot;:&quot;0&quot;,&quot;iso&quot;:&quot;0&quot;,&quot;shutter_speed&quot;:&quot;0&quot;,&quot;title&quot;:&quot;&quot;,&quot;orientation&quot;:&quot;0&quot;}\" data-image-title=\"carlos_selva\" data-image-description=\"\" data-image-caption=\"\" data-large-file=\"https:\/\/www.hoymercedes.com.ar\/principal\/wp-content\/uploads\/2021\/05\/carlos_selva.jpg\" src=\"https:\/\/www.hoymercedes.com.ar\/principal\/wp-content\/uploads\/2021\/05\/carlos_selva.jpg\" alt=\"\" class=\"wp-image-130063\" srcset=\"https:\/\/www.hoymercedes.com.ar\/principal\/wp-content\/uploads\/2021\/05\/carlos_selva.jpg 640w, https:\/\/www.hoymercedes.com.ar\/principal\/wp-content\/uploads\/2021\/05\/carlos_selva-630x374.jpg 630w, https:\/\/www.hoymercedes.com.ar\/principal\/wp-content\/uploads\/2021\/05\/carlos_selva-150x89.jpg 150w, https:\/\/www.hoymercedes.com.ar\/principal\/wp-content\/uploads\/2021\/05\/carlos_selva-445x265.jpg 445w\" sizes=\"auto, (max-width: 640px) 100vw, 640px\" \/><\/figure><\/div>\n\n\n\n<p>\u00abEl marco de una ley ordenar\u00eda un mont\u00f3n de situaciones. Ser\u00eda generar un marco federal claramente definido y entendido por todos de armon\u00eda y horizontalizaci\u00f3n\u00bb, dijo y cuestion\u00f3 a sus pares de otras fuerzas pol\u00edticas: \u201cEstoy convencido de que la oposici\u00f3n no est\u00e1 haciendo una evaluaci\u00f3n seria de la pandemia\u201d, sostuvo.<\/p>\n\n\n\n<p>\u201cSe pretende una ley federal y debemos entender que estamos en una situaci\u00f3n cr\u00edtica\u201d, indic\u00f3 Selva.<\/p>\n\n\n\n<p>\u201cEs dif\u00edcil evaluar caso por caso. Hay una situaci\u00f3n en la que a veces nos olvidamos de d\u00f3nde venimos. Hoy algunos siguen discutiendo que tomamos medidas con demasiada antelaci\u00f3n. Es porque se olvidan o no tuvieron por suerte la necesidad de comprobar el estado calamitoso en que estaba nuestro sistema de salud\u201d, sostuvo el legislador del FdT.<\/p>\n\n\n\n<p>\u201cSeguramente no todas las medidas fueron acertadas y eso lo ha reconocido el mismo presidente. Pero no es comparable el criterio de responsabilidad que tiene la oposici\u00f3n en Alemania y en nuestro pa\u00eds\u201d, complet\u00f3.<\/p>\n\n\n\n<p>Fuente: Prensa Carlos Selva<\/p>\n","protected":false},"excerpt":{"rendered":"<p>En una entrevista realizada en Diputados TV, el legislador nacional Carlos Selva, del Frente de Todos, se refiri\u00f3 al Proyecto &#8230; <a title=\"Selva: \u201cEstoy convencido de que la oposici\u00f3n no est\u00e1 haciendo una evaluaci\u00f3n seria de la pandemia\u201d\" class=\"read-more\" href=\"https:\/\/www.hoymercedes.com.ar\/principal\/2021\/05\/14\/selva-estoy-convencido-de-que-la-oposicion-no-esta-haciendo-una-evaluacion-seria-de-la-pandemia\/\" aria-label=\"Leer m\u00e1s sobre Selva: \u201cEstoy convencido de que la oposici\u00f3n no est\u00e1 haciendo una evaluaci\u00f3n seria de la pandemia\u201d\">Leer m\u00e1s<\/a><\/p>\n","protected":false},"author":1,"featured_media":130063,"comment_status":"closed","ping_status":"open","sticky":false,"template":"","format":"standard","meta":{"_monsterinsights_skip_tracking":false,"_monsterinsights_sitenote_active":false,"_monsterinsights_sitenote_note":"","_monsterinsights_sitenote_category":0,"jetpack_post_was_ever_published":false,"_jetpack_newsletter_access":"","_jetpack_dont_email_post_to_subs":false,"_jetpack_newsletter_tier_id":0,"_jetpack_memberships_contains_paywalled_content":false,"_jetpack_memberships_contains_paid_content":false,"footnotes":"","jetpack_publicize_message":"","jetpack_publicize_feature_enabled":true,"jetpack_social_post_already_shared":true,"jetpack_social_options":{"image_generator_settings":{"template":"highway","default_image_id":0,"font":"","enabled":false},"version":2},"_wpas_customize_per_network":false},"categories":[5210],"tags":[],"class_list":["post-130062","post","type-post","status-publish","format-standard","has-post-thumbnail","hentry","category-politica-nacional","generate-columns","tablet-grid-50","mobile-grid-100","grid-parent","grid-50"],"jetpack_publicize_connections":[],"jetpack_featured_media_url":"https:\/\/www.hoymercedes.com.ar\/principal\/wp-content\/uploads\/2021\/05\/carlos_selva.jpg","wps_subtitle":"Postura pol\u00edtica","jetpack_sharing_enabled":true,"jetpack-related-posts":[{"id":119172,"url":"https:\/\/www.hoymercedes.com.ar\/principal\/2020\/10\/29\/selva-aprobamos-un-presupuesto-de-todos-federal\/","url_meta":{"origin":130062,"position":0},"title":"Selva: \u00abAprobamos un Presupuesto de todos, federal\u00bb","author":"hoymercedes","date":"29 octubre, 2020","format":false,"excerpt":"\u00abAprobamos en la C\u00e1mara de Diputados de la Naci\u00f3n el Presupuesto para el a\u00f1o 2021\u00bb, celebr\u00f3 el diputado nacional\u00a0Carlos Selva. \u00abLejos de las especulaciones y con la certeza de potenciar el rol del Estado en miras de la producci\u00f3n y el desarrollo, aprobamos un Presupuesto de todos, federal, priorizando a\u2026","rel":"","context":"En \u00abPol\u00edtica Nacional\u00bb","block_context":{"text":"Pol\u00edtica Nacional","link":"https:\/\/www.hoymercedes.com.ar\/principal\/category\/politica-nacional\/"},"img":{"alt_text":"","src":"https:\/\/i0.wp.com\/www.hoymercedes.com.ar\/principal\/wp-content\/uploads\/2020\/10\/29-carlos_selva.jpg?resize=350%2C200&ssl=1","width":350,"height":200,"srcset":"https:\/\/i0.wp.com\/www.hoymercedes.com.ar\/principal\/wp-content\/uploads\/2020\/10\/29-carlos_selva.jpg?resize=350%2C200&ssl=1 1x, https:\/\/i0.wp.com\/www.hoymercedes.com.ar\/principal\/wp-content\/uploads\/2020\/10\/29-carlos_selva.jpg?resize=525%2C300&ssl=1 1.5x, https:\/\/i0.wp.com\/www.hoymercedes.com.ar\/principal\/wp-content\/uploads\/2020\/10\/29-carlos_selva.jpg?resize=700%2C400&ssl=1 2x"},"classes":[]},{"id":123260,"url":"https:\/\/www.hoymercedes.com.ar\/principal\/2021\/01\/14\/selva-espera-tratar-modificacion-de-ley-de-concursos-y-quiebras\/","url_meta":{"origin":130062,"position":1},"title":"Selva espera tratar modificaci\u00f3n de Ley de Concursos y Quiebras","author":"hoymercedes","date":"14 enero, 2021","format":false,"excerpt":"\u201cEsperemos que pueda incluirse en la agenda\u201d, consider\u00f3 el diputado nacional\u00a0Carlos Selva\u00a0(del Frente de Todos) en torno al proyecto de modificaci\u00f3n de la Ley de Concursos y Quiebras. Dio una nota en Diputados TV. Selva estuvo charlando, entre otras cosas, de la agenda parlamentaria en el periodo de sesiones extraordinarias\u2026","rel":"","context":"En \u00abPol\u00edtica Nacional\u00bb","block_context":{"text":"Pol\u00edtica Nacional","link":"https:\/\/www.hoymercedes.com.ar\/principal\/category\/politica-nacional\/"},"img":{"alt_text":"","src":"https:\/\/i0.wp.com\/www.hoymercedes.com.ar\/principal\/wp-content\/uploads\/2021\/01\/14-selva.jpg?resize=350%2C200&ssl=1","width":350,"height":200,"srcset":"https:\/\/i0.wp.com\/www.hoymercedes.com.ar\/principal\/wp-content\/uploads\/2021\/01\/14-selva.jpg?resize=350%2C200&ssl=1 1x, https:\/\/i0.wp.com\/www.hoymercedes.com.ar\/principal\/wp-content\/uploads\/2021\/01\/14-selva.jpg?resize=525%2C300&ssl=1 1.5x, https:\/\/i0.wp.com\/www.hoymercedes.com.ar\/principal\/wp-content\/uploads\/2021\/01\/14-selva.jpg?resize=700%2C400&ssl=1 2x"},"classes":[]},{"id":110491,"url":"https:\/\/www.hoymercedes.com.ar\/principal\/2020\/05\/10\/selva-presenta-junto-a-su-bloque-cuatro-proyectos-alusivos-a-la-actividad-economica\/","url_meta":{"origin":130062,"position":2},"title":"Selva presenta junto a su bloque cuatro proyectos alusivos a la actividad econ\u00f3mica","author":"hoymercedes","date":"10 mayo, 2020","format":false,"excerpt":"El diputado nacional\u00a0Carlos Selva\u00a0present\u00f3 de manera consensuada junto a sus compa\u00f1eros de bloque del Frente de Todos una serie de proyectos alusivos a necesidades que se dan durante esta pandemia con aislamiento social preventivo y obligatorio. Mientras todav\u00eda se est\u00e1 en etapa de pruebas para poder sesionar virtualmente, en Diputados\u2026","rel":"","context":"En \u00abPol\u00edtica Nacional\u00bb","block_context":{"text":"Pol\u00edtica Nacional","link":"https:\/\/www.hoymercedes.com.ar\/principal\/category\/politica-nacional\/"},"img":{"alt_text":"","src":"https:\/\/i0.wp.com\/www.hoymercedes.com.ar\/principal\/wp-content\/uploads\/2020\/03\/14-selva-proyecto-1.jpg?resize=350%2C200&ssl=1","width":350,"height":200,"srcset":"https:\/\/i0.wp.com\/www.hoymercedes.com.ar\/principal\/wp-content\/uploads\/2020\/03\/14-selva-proyecto-1.jpg?resize=350%2C200&ssl=1 1x, https:\/\/i0.wp.com\/www.hoymercedes.com.ar\/principal\/wp-content\/uploads\/2020\/03\/14-selva-proyecto-1.jpg?resize=525%2C300&ssl=1 1.5x, https:\/\/i0.wp.com\/www.hoymercedes.com.ar\/principal\/wp-content\/uploads\/2020\/03\/14-selva-proyecto-1.jpg?resize=700%2C400&ssl=1 2x"},"classes":[]},{"id":129131,"url":"https:\/\/www.hoymercedes.com.ar\/principal\/2021\/04\/28\/segunda-ola-carlos-selva-pide-medidas-mas-extremas\/","url_meta":{"origin":130062,"position":3},"title":"Segunda ola: Carlos Selva pide medidas \u00abm\u00e1s extremas\u00bb","author":"hoymercedes","date":"28 abril, 2021","format":false,"excerpt":"El diputado nacional\u00a0Carlos Selva\u00a0pidi\u00f3 medidas m\u00e1s extremas para controlar la segunda ola del coronavirus. El legislador nacional del Frente de Todos fue vacunado el pasado viernes junto a su esposa Cristina Arias y por esta horas manifest\u00f3 la necesidad de extremar cuidados en Buenos Aires y apunt\u00f3 contra la \u201coposici\u00f3n\u2026","rel":"","context":"En \u00abPol\u00edtica Nacional\u00bb","block_context":{"text":"Pol\u00edtica Nacional","link":"https:\/\/www.hoymercedes.com.ar\/principal\/category\/politica-nacional\/"},"img":{"alt_text":"","src":"https:\/\/i0.wp.com\/www.hoymercedes.com.ar\/principal\/wp-content\/uploads\/2021\/04\/28-vacunado-selva.jpg?resize=350%2C200&ssl=1","width":350,"height":200,"srcset":"https:\/\/i0.wp.com\/www.hoymercedes.com.ar\/principal\/wp-content\/uploads\/2021\/04\/28-vacunado-selva.jpg?resize=350%2C200&ssl=1 1x, https:\/\/i0.wp.com\/www.hoymercedes.com.ar\/principal\/wp-content\/uploads\/2021\/04\/28-vacunado-selva.jpg?resize=525%2C300&ssl=1 1.5x"},"classes":[]},{"id":75137,"url":"https:\/\/www.hoymercedes.com.ar\/principal\/2018\/04\/27\/selva-en-el-encuentro-peronista-de-cordoba\/","url_meta":{"origin":130062,"position":4},"title":"Selva en el encuentro peronista de C\u00f3rdoba","author":"hoymercedes","date":"27 abril, 2018","format":false,"excerpt":"El diputado nacional Carlos Selva, presidente del PJ Mercedes, participa del plenario organizado por el PJ C\u00f3rdoba, junto a otros referentes del Frente Renovador, Argentina Federal y Cumplir. Continuando con el compromiso de la labor parlamentaria conjunta y de encuentros regionales en todo el pa\u00eds, los dirigentes del Frente Renovador,\u2026","rel":"","context":"En \u00abPol\u00edtica Nacional\u00bb","block_context":{"text":"Pol\u00edtica Nacional","link":"https:\/\/www.hoymercedes.com.ar\/principal\/category\/politica-nacional\/"},"img":{"alt_text":"","src":"https:\/\/i0.wp.com\/www.hoymercedes.com.ar\/principal\/wp-content\/uploads\/2018\/04\/27-selva.jpg?resize=350%2C200&ssl=1","width":350,"height":200,"srcset":"https:\/\/i0.wp.com\/www.hoymercedes.com.ar\/principal\/wp-content\/uploads\/2018\/04\/27-selva.jpg?resize=350%2C200&ssl=1 1x, https:\/\/i0.wp.com\/www.hoymercedes.com.ar\/principal\/wp-content\/uploads\/2018\/04\/27-selva.jpg?resize=525%2C300&ssl=1 1.5x, https:\/\/i0.wp.com\/www.hoymercedes.com.ar\/principal\/wp-content\/uploads\/2018\/04\/27-selva.jpg?resize=700%2C400&ssl=1 2x"},"classes":[]},{"id":114267,"url":"https:\/\/www.hoymercedes.com.ar\/principal\/2020\/07\/28\/avanza-proyecto-de-selva-para-evitar-quiebre-de-empresas\/","url_meta":{"origin":130062,"position":5},"title":"Avanza proyecto de Selva para evitar quiebre de empresas","author":"hoymercedes","date":"28 julio, 2020","format":false,"excerpt":"Esta semana es clave en la discusi\u00f3n de un proyecto de autor\u00eda de\u00a0Carlos Selva\u00a0que cuenta con el aval de la C\u00e1mara Argentina de Comercio. El mi\u00e9rcoles se trata este proyecto de ley en la Comisi\u00f3n de Justicia y todo estar\u00eda encaminado para que tenga dictamen favorable para tratarse y aprobarse\u2026","rel":"","context":"En \u00abPol\u00edtica Nacional\u00bb","block_context":{"text":"Pol\u00edtica Nacional","link":"https:\/\/www.hoymercedes.com.ar\/principal\/category\/politica-nacional\/"},"img":{"alt_text":"","src":"https:\/\/i0.wp.com\/www.hoymercedes.com.ar\/principal\/wp-content\/uploads\/2020\/03\/14-selva-proyecto-1.jpg?resize=350%2C200&ssl=1","width":350,"height":200,"srcset":"https:\/\/i0.wp.com\/www.hoymercedes.com.ar\/principal\/wp-content\/uploads\/2020\/03\/14-selva-proyecto-1.jpg?resize=350%2C200&ssl=1 1x, https:\/\/i0.wp.com\/www.hoymercedes.com.ar\/principal\/wp-content\/uploads\/2020\/03\/14-selva-proyecto-1.jpg?resize=525%2C300&ssl=1 1.5x, https:\/\/i0.wp.com\/www.hoymercedes.com.ar\/principal\/wp-content\/uploads\/2020\/03\/14-selva-proyecto-1.jpg?resize=700%2C400&ssl=1 2x"},"classes":[]}],"_links":{"self":[{"href":"https:\/\/www.hoymercedes.com.ar\/principal\/wp-json\/wp\/v2\/posts\/130062","targetHints":{"allow":["GET"]}}],"collection":[{"href":"https:\/\/www.hoymercedes.com.ar\/principal\/wp-json\/wp\/v2\/posts"}],"about":[{"href":"https:\/\/www.hoymercedes.com.ar\/principal\/wp-json\/wp\/v2\/types\/post"}],"author":[{"embeddable":true,"href":"https:\/\/www.hoymercedes.com.ar\/principal\/wp-json\/wp\/v2\/users\/1"}],"replies":[{"embeddable":true,"href":"https:\/\/www.hoymercedes.com.ar\/principal\/wp-json\/wp\/v2\/comments?post=130062"}],"version-history":[{"count":0,"href":"https:\/\/www.hoymercedes.com.ar\/principal\/wp-json\/wp\/v2\/posts\/130062\/revisions"}],"wp:featuredmedia":[{"embeddable":true,"href":"https:\/\/www.hoymercedes.com.ar\/principal\/wp-json\/wp\/v2\/media\/130063"}],"wp:attachment":[{"href":"https:\/\/www.hoymercedes.com.ar\/principal\/wp-json\/wp\/v2\/media?parent=130062"}],"wp:term":[{"taxonomy":"category","embeddable":true,"href":"https:\/\/www.hoymercedes.com.ar\/principal\/wp-json\/wp\/v2\/categories?post=130062"},{"taxonomy":"post_tag","embeddable":true,"href":"https:\/\/www.hoymercedes.com.ar\/principal\/wp-json\/wp\/v2\/tags?post=130062"}],"curies":[{"name":"wp","href":"https:\/\/api.w.org\/{rel}","templated":true}]}}