{"id":130083,"date":"2021-05-14T07:30:00","date_gmt":"2021-05-14T10:30:00","guid":{"rendered":"https:\/\/www.hoymercedes.com.ar\/principal\/?p=130083"},"modified":"2021-05-14T08:55:49","modified_gmt":"2021-05-14T11:55:49","slug":"municipio-y-consejo-escolar-realizan-obra-en-jardin-no903","status":"publish","type":"post","link":"https:\/\/www.hoymercedes.com.ar\/principal\/2021\/05\/14\/municipio-y-consejo-escolar-realizan-obra-en-jardin-no903\/","title":{"rendered":"Municipio y Consejo Escolar realizan obra en Jard\u00edn N\u00ba903"},"content":{"rendered":"\n<figure class=\"wp-block-image size-large\"><img loading=\"lazy\" decoding=\"async\" width=\"1024\" height=\"576\" data-attachment-id=\"130084\" data-permalink=\"https:\/\/www.hoymercedes.com.ar\/principal\/2021\/05\/14\/municipio-y-consejo-escolar-realizan-obra-en-jardin-no903\/20210513_124709\/#main\" data-orig-file=\"https:\/\/www.hoymercedes.com.ar\/principal\/wp-content\/uploads\/2021\/05\/20210513_124709.jpg\" data-orig-size=\"1113,626\" data-comments-opened=\"0\" data-image-meta=\"{&quot;aperture&quot;:&quot;0&quot;,&quot;credit&quot;:&quot;&quot;,&quot;camera&quot;:&quot;&quot;,&quot;caption&quot;:&quot;&quot;,&quot;created_timestamp&quot;:&quot;0&quot;,&quot;copyright&quot;:&quot;&quot;,&quot;focal_length&quot;:&quot;0&quot;,&quot;iso&quot;:&quot;0&quot;,&quot;shutter_speed&quot;:&quot;0&quot;,&quot;title&quot;:&quot;&quot;,&quot;orientation&quot;:&quot;0&quot;}\" data-image-title=\"20210513_124709\" data-image-description=\"\" data-image-caption=\"\" data-large-file=\"https:\/\/www.hoymercedes.com.ar\/principal\/wp-content\/uploads\/2021\/05\/20210513_124709-1024x576.jpg\" src=\"https:\/\/www.hoymercedes.com.ar\/principal\/wp-content\/uploads\/2021\/05\/20210513_124709-1024x576.jpg\" alt=\"\" class=\"wp-image-130084\" srcset=\"https:\/\/www.hoymercedes.com.ar\/principal\/wp-content\/uploads\/2021\/05\/20210513_124709-1024x576.jpg 1024w, https:\/\/www.hoymercedes.com.ar\/principal\/wp-content\/uploads\/2021\/05\/20210513_124709-630x354.jpg 630w, https:\/\/www.hoymercedes.com.ar\/principal\/wp-content\/uploads\/2021\/05\/20210513_124709-150x84.jpg 150w, https:\/\/www.hoymercedes.com.ar\/principal\/wp-content\/uploads\/2021\/05\/20210513_124709.jpg 1113w\" sizes=\"auto, (max-width: 1024px) 100vw, 1024px\" \/><\/figure>\n\n\n\n<p>El Municipio de Mercedes junto al Consejo Escolar contin\u00faa desarrollando mejoras en las diferentes instituciones educativas de nuestra ciudad. En esta oportunidad, el intendente Juan Ignacio Ustarroz estuvo recorriendo las obras que se est\u00e1n llevando adelante en el jard\u00edn N\u00b0903, junto a autoridades y docentes de la instituci\u00f3n. En este establecimiento se est\u00e1n realizando arreglos en las filtraciones, recambio de la mayor parte del sistema el\u00e9ctrico, remodelaci\u00f3n y mejoramiento del piso del sum, reparaci\u00f3n ba\u00f1os y trabajos de pintura, siendo una millonaria inversi\u00f3n en infraestructura que dudar\u00e1 en el tiempo. \u00a0<\/p>\n\n\n\n<p>En primer lugar, el intendente Ustarroz felicit\u00f3 \u201ca las maestras, porque este jard\u00edn, como pr\u00e1cticamente todos los establecimientos educativos de nuestra ciudad, est\u00e1n integrados por gente que realmente tiene vocaci\u00f3n de servicio\u201d.<\/p>\n\n\n\n<p>Adem\u00e1s, el intendente Juan Ignacio Ustarroz se\u00f1al\u00f3 \u201ceste es un jard\u00edn que se ha ido desarrollando y creciendo much\u00edsimo gracias a la gesti\u00f3n, tambi\u00e9n, de los que trabajan ac\u00e1, que permanentemente est\u00e1n pidiendo y solicitando cosas para que el jard\u00edn mejore, donde con satisfacci\u00f3n podemos ver que eso pasa\u201d y agreg\u00f3 \u201cagradecer tambi\u00e9n al Consejo Escolar porque trabajamos mucho desde el primer d\u00eda de la gesti\u00f3n, donde siempre planteamos lo mismo, que para los jardines y las escuelas hay que poner todos los recursos porque son los lugares tal vez m\u00e1s importantes para nuestra sociedad y es lindo ver el progreso y el desarrollo\u201d.<\/p>\n\n\n\n<figure class=\"wp-block-image size-large\"><img loading=\"lazy\" decoding=\"async\" width=\"939\" height=\"626\" data-attachment-id=\"130085\" data-permalink=\"https:\/\/www.hoymercedes.com.ar\/principal\/2021\/05\/14\/municipio-y-consejo-escolar-realizan-obra-en-jardin-no903\/dsc06855\/#main\" data-orig-file=\"https:\/\/www.hoymercedes.com.ar\/principal\/wp-content\/uploads\/2021\/05\/DSC06855.jpg\" data-orig-size=\"939,626\" data-comments-opened=\"0\" data-image-meta=\"{&quot;aperture&quot;:&quot;0&quot;,&quot;credit&quot;:&quot;&quot;,&quot;camera&quot;:&quot;&quot;,&quot;caption&quot;:&quot;&quot;,&quot;created_timestamp&quot;:&quot;0&quot;,&quot;copyright&quot;:&quot;&quot;,&quot;focal_length&quot;:&quot;0&quot;,&quot;iso&quot;:&quot;0&quot;,&quot;shutter_speed&quot;:&quot;0&quot;,&quot;title&quot;:&quot;&quot;,&quot;orientation&quot;:&quot;0&quot;}\" data-image-title=\"DSC06855\" data-image-description=\"\" data-image-caption=\"\" data-large-file=\"https:\/\/www.hoymercedes.com.ar\/principal\/wp-content\/uploads\/2021\/05\/DSC06855.jpg\" src=\"https:\/\/www.hoymercedes.com.ar\/principal\/wp-content\/uploads\/2021\/05\/DSC06855.jpg\" alt=\"\" class=\"wp-image-130085\" srcset=\"https:\/\/www.hoymercedes.com.ar\/principal\/wp-content\/uploads\/2021\/05\/DSC06855.jpg 939w, https:\/\/www.hoymercedes.com.ar\/principal\/wp-content\/uploads\/2021\/05\/DSC06855-630x420.jpg 630w, https:\/\/www.hoymercedes.com.ar\/principal\/wp-content\/uploads\/2021\/05\/DSC06855-150x100.jpg 150w\" sizes=\"auto, (max-width: 939px) 100vw, 939px\" \/><\/figure>\n\n\n\n<p>\u201cEn este contexto de dificultad ver que los chicos van a volver a un jard\u00edn mejor a nosotros nos llena de orgullo, donde entendemos que las verdaderas art\u00edfices de esto son quienes todos los d\u00edas trabajan por los ni\u00f1os\u201d destac\u00f3 el intendente Ustarroz.&nbsp;&nbsp;<\/p>\n\n\n\n<p>El presidente del Consejo Escolar, Jos\u00e9 Pisano cont\u00f3 \u201cestamos en la \u00faltima etapa de tres obras que estamos realizando en esta instituci\u00f3n, una de ellas financiada por el fondo educativo y el aporte de la Municipalidad de Mercedes, que tiene que ver con el arreglo de filtraciones, tres cuartas partes de todo el sistema el\u00e9ctrico del jard\u00edn y la remodelaci\u00f3n de todo el piso del sum. Tambi\u00e9n se est\u00e1n arreglando los dos ba\u00f1os, cuyas obras las estamos encarando desde el Consejo Escolar y en el marco del programa Argentina Unida por la Educaci\u00f3n y el Trabajo, y un conjunto de trabajadores de la econom\u00eda popular comenz\u00f3 la semana pasada a realizar los arreglos para poder pintar todo el jard\u00edn\u201d quien estuvo tambi\u00e9n acompa\u00f1ado del consejero Ricardo Palacios.<\/p>\n\n\n\n<p>La actual directora, la profesora Valeria Ambrosio manifest\u00f3 \u201cla verdad que super agradecidas porque necesit\u00e1bamos que nos dieran una mano, lo arreglaron todo, el jard\u00edn est\u00e1 quedando hermoso, as\u00ed que felices\u201d y a\u00f1adi\u00f3 \u201cagradecemos al intendente Ustarroz y a Jos\u00e9 Pisano, porque somos de pedir muchas cosas, para el jard\u00edn y los chicos, y siempre cumplen\u201d.<\/p>\n\n\n\n<p>Info: Consejo Escolar<\/p>\n","protected":false},"excerpt":{"rendered":"<p>El Municipio de Mercedes junto al Consejo Escolar contin\u00faa desarrollando mejoras en las diferentes instituciones educativas de nuestra ciudad. En &#8230; <a title=\"Municipio y Consejo Escolar realizan obra en Jard\u00edn N\u00ba903\" class=\"read-more\" href=\"https:\/\/www.hoymercedes.com.ar\/principal\/2021\/05\/14\/municipio-y-consejo-escolar-realizan-obra-en-jardin-no903\/\" aria-label=\"Leer m\u00e1s sobre Municipio y Consejo Escolar realizan obra en Jard\u00edn N\u00ba903\">Leer m\u00e1s<\/a><\/p>\n","protected":false},"author":1,"featured_media":130084,"comment_status":"closed","ping_status":"open","sticky":false,"template":"","format":"standard","meta":{"_monsterinsights_skip_tracking":false,"_monsterinsights_sitenote_active":false,"_monsterinsights_sitenote_note":"","_monsterinsights_sitenote_category":0,"jetpack_post_was_ever_published":false,"_jetpack_newsletter_access":"","_jetpack_dont_email_post_to_subs":false,"_jetpack_newsletter_tier_id":0,"_jetpack_memberships_contains_paywalled_content":false,"_jetpack_memberships_contains_paid_content":false,"footnotes":"","jetpack_publicize_message":"","jetpack_publicize_feature_enabled":true,"jetpack_social_post_already_shared":false,"jetpack_social_options":{"image_generator_settings":{"template":"highway","default_image_id":0,"font":"","enabled":false},"version":2},"_wpas_customize_per_network":false},"categories":[23],"tags":[1317,47,244,424],"class_list":["post-130083","post","type-post","status-publish","format-standard","has-post-thumbnail","hentry","category-educacion","tag-consejo-escolar","tag-educacion-2","tag-municipio-2","tag-ustarroz","generate-columns","tablet-grid-50","mobile-grid-100","grid-parent","grid-50"],"jetpack_publicize_connections":[],"jetpack_featured_media_url":"https:\/\/www.hoymercedes.com.ar\/principal\/wp-content\/uploads\/2021\/05\/20210513_124709.jpg","wps_subtitle":"Obras en infraestructura","jetpack_sharing_enabled":true,"_links":{"self":[{"href":"https:\/\/www.hoymercedes.com.ar\/principal\/wp-json\/wp\/v2\/posts\/130083","targetHints":{"allow":["GET"]}}],"collection":[{"href":"https:\/\/www.hoymercedes.com.ar\/principal\/wp-json\/wp\/v2\/posts"}],"about":[{"href":"https:\/\/www.hoymercedes.com.ar\/principal\/wp-json\/wp\/v2\/types\/post"}],"author":[{"embeddable":true,"href":"https:\/\/www.hoymercedes.com.ar\/principal\/wp-json\/wp\/v2\/users\/1"}],"replies":[{"embeddable":true,"href":"https:\/\/www.hoymercedes.com.ar\/principal\/wp-json\/wp\/v2\/comments?post=130083"}],"version-history":[{"count":0,"href":"https:\/\/www.hoymercedes.com.ar\/principal\/wp-json\/wp\/v2\/posts\/130083\/revisions"}],"wp:featuredmedia":[{"embeddable":true,"href":"https:\/\/www.hoymercedes.com.ar\/principal\/wp-json\/wp\/v2\/media\/130084"}],"wp:attachment":[{"href":"https:\/\/www.hoymercedes.com.ar\/principal\/wp-json\/wp\/v2\/media?parent=130083"}],"wp:term":[{"taxonomy":"category","embeddable":true,"href":"https:\/\/www.hoymercedes.com.ar\/principal\/wp-json\/wp\/v2\/categories?post=130083"},{"taxonomy":"post_tag","embeddable":true,"href":"https:\/\/www.hoymercedes.com.ar\/principal\/wp-json\/wp\/v2\/tags?post=130083"}],"curies":[{"name":"wp","href":"https:\/\/api.w.org\/{rel}","templated":true}]}}