{"id":130131,"date":"2021-05-14T18:59:00","date_gmt":"2021-05-14T21:59:00","guid":{"rendered":"https:\/\/www.hoymercedes.com.ar\/principal\/?p=130131"},"modified":"2021-05-14T18:50:25","modified_gmt":"2021-05-14T21:50:25","slug":"covid-en-el-pais-confirman-el-fallecimiento-de-601-personas-con-el-virus","status":"publish","type":"post","link":"https:\/\/www.hoymercedes.com.ar\/principal\/2021\/05\/14\/covid-en-el-pais-confirman-el-fallecimiento-de-601-personas-con-el-virus\/","title":{"rendered":"Covid en el pa\u00eds: confirman el fallecimiento de 601 personas con el virus"},"content":{"rendered":"\n<p>El Ministerio de Salud de la Naci\u00f3n inform\u00f3 este viernes que, en las \u00faltimas 24 horas, <strong>se registraron 601 muertes y 27.363 nuevos contagios de coronavirus<\/strong>. Con estos datos, el total de infectados asciende a 3.269.466 y las v\u00edctimas fatales son 69.853.<\/p>\n\n\n\n<div class=\"wp-block-image\"><figure class=\"aligncenter size-large\"><img loading=\"lazy\" decoding=\"async\" width=\"901\" height=\"566\" data-attachment-id=\"130132\" data-permalink=\"https:\/\/www.hoymercedes.com.ar\/principal\/2021\/05\/14\/covid-en-el-pais-confirman-el-fallecimiento-de-601-personas-con-el-virus\/whatsapp-image-2021-05-14-at-17-23-11\/#main\" data-orig-file=\"https:\/\/www.hoymercedes.com.ar\/principal\/wp-content\/uploads\/2021\/05\/WhatsApp-Image-2021-05-14-at-17.23.11.jpeg\" data-orig-size=\"901,566\" data-comments-opened=\"0\" data-image-meta=\"{&quot;aperture&quot;:&quot;0&quot;,&quot;credit&quot;:&quot;&quot;,&quot;camera&quot;:&quot;&quot;,&quot;caption&quot;:&quot;&quot;,&quot;created_timestamp&quot;:&quot;0&quot;,&quot;copyright&quot;:&quot;&quot;,&quot;focal_length&quot;:&quot;0&quot;,&quot;iso&quot;:&quot;0&quot;,&quot;shutter_speed&quot;:&quot;0&quot;,&quot;title&quot;:&quot;&quot;,&quot;orientation&quot;:&quot;0&quot;}\" data-image-title=\"WhatsApp Image 2021-05-14 at 17.23.11\" data-image-description=\"\" data-image-caption=\"\" data-large-file=\"https:\/\/www.hoymercedes.com.ar\/principal\/wp-content\/uploads\/2021\/05\/WhatsApp-Image-2021-05-14-at-17.23.11.jpeg\" src=\"https:\/\/www.hoymercedes.com.ar\/principal\/wp-content\/uploads\/2021\/05\/WhatsApp-Image-2021-05-14-at-17.23.11.jpeg\" alt=\"\" class=\"wp-image-130132\" srcset=\"https:\/\/www.hoymercedes.com.ar\/principal\/wp-content\/uploads\/2021\/05\/WhatsApp-Image-2021-05-14-at-17.23.11.jpeg 901w, https:\/\/www.hoymercedes.com.ar\/principal\/wp-content\/uploads\/2021\/05\/WhatsApp-Image-2021-05-14-at-17.23.11-630x396.jpeg 630w, https:\/\/www.hoymercedes.com.ar\/principal\/wp-content\/uploads\/2021\/05\/WhatsApp-Image-2021-05-14-at-17.23.11-150x94.jpeg 150w\" sizes=\"auto, (max-width: 901px) 100vw, 901px\" \/><\/figure><\/div>\n\n\n\n<p>Del total de muertes, <strong>357 son hombre<\/strong>s (<strong>235 son de la provincia de Buenos Aires<\/strong>, 21 de la ciudad de Buenos Aires, tres de Catamarca, cinco de Chaco, uno de Chubut, seis de Corrientes, cinco de C\u00f3rdoba, cinco de Entre R\u00edos, 16 de Formosa, dos de La Pampa, cuatro de La Rioja, 19 de Mendoza, uno de Misiones, dos de Neuqu\u00e9n, dos de R\u00edo Negro, dos de Salta, tres de San Juan, 12 de San Luis, dos de Santa Cruz, 10 de Santa Fe y uno de Santiago del Estero) y <strong>238 son mujeres<\/strong> (<strong>152 de la provincia de Buenos Aires, <\/strong>16 de la ciudad de Buenos Aires, tres de Catamarca, una de Chaco, una de Corrientes, cinco de C\u00f3rdoba, una de Entre R\u00edos, ocho de Formosa, tres de La Rioja, 12 de Mendoza, dos de Neuqu\u00e9n, tres de R\u00edo Negro, tres de Salta, dos de San Juan, siete de Santa Cruz, 17 de Santa Fe y dos de Santiago del Estero). Seis personas (<strong>cinco de la provincia de Buenos Aires<\/strong> y una de Mendoza) fueron registradas sin datos de sexo.<\/p>\n\n\n\n<p>De los 27.363 nuevos casos de hoy, se registraron en <strong>la provincia de Buenos Aires 11.294 casos<\/strong>; en la Ciudad de Buenos Aires, 2.774; en Catamarca, 195; en Chaco, 487; en Chubut, 245; en Corrientes, 327; en C\u00f3rdoba, 2.885; en Entre R\u00edos, 925; en Formosa, 49; en Jujuy, 97; en La Pampa, 650; en La Rioja, 79; en Mendoza, 1.060; en Misiones, 133; en Neuqu\u00e9n, 457; en R\u00edo Negro, 393; en Salta, 382; en San Juan, 624; en San Luis, 641; en Santa Cruz, 271; en Santa Fe, 2.193; en Santiago del Estero, 454; Tierra del Fuego, 71 y en Tucum\u00e1n, 677.<\/p>\n\n\n\n<p>El total de acumulados por distrito indica que<strong> la provincia de Buenos Aires suma 1.425.593 casos;<\/strong> la Ciudad de Buenos Aires, 373.966; Catamarca, 17.232; Chaco, 48.721; Chubut, 57.560; Corrientes, 40.258; C\u00f3rdoba 252.654; Entre R\u00edos, 70.990; Formosa, 6.938; Jujuy, 26.086; La Pampa, 32.837; La Rioja, 14.525; Mendoza, 107.381; Misiones, 17.634; Neuqu\u00e9n, 77.500; R\u00edo Negro, 65.964; Salta, 38.052.; San Juan, 28.672; San Luis 44.060; Santa Cruz, 47.730; Santa Fe, 299.194; Santiago del Estero, 34.454; Tierra del Fuego, 27.429 y Tucum\u00e1n, 114.036.<\/p>\n","protected":false},"excerpt":{"rendered":"<p>El Ministerio de Salud de la Naci\u00f3n inform\u00f3 este viernes que, en las \u00faltimas 24 horas, se registraron 601 muertes &#8230; <a title=\"Covid en el pa\u00eds: confirman el fallecimiento de 601 personas con el virus\" class=\"read-more\" href=\"https:\/\/www.hoymercedes.com.ar\/principal\/2021\/05\/14\/covid-en-el-pais-confirman-el-fallecimiento-de-601-personas-con-el-virus\/\" aria-label=\"Leer m\u00e1s sobre Covid en el pa\u00eds: confirman el fallecimiento de 601 personas con el virus\">Leer m\u00e1s<\/a><\/p>\n","protected":false},"author":1,"featured_media":128077,"comment_status":"closed","ping_status":"open","sticky":false,"template":"","format":"standard","meta":{"_monsterinsights_skip_tracking":false,"_monsterinsights_sitenote_active":false,"_monsterinsights_sitenote_note":"","_monsterinsights_sitenote_category":0,"jetpack_post_was_ever_published":false,"_jetpack_newsletter_access":"","_jetpack_dont_email_post_to_subs":false,"_jetpack_newsletter_tier_id":0,"_jetpack_memberships_contains_paywalled_content":false,"_jetpack_memberships_contains_paid_content":false,"footnotes":"","jetpack_publicize_message":"","jetpack_publicize_feature_enabled":true,"jetpack_social_post_already_shared":true,"jetpack_social_options":{"image_generator_settings":{"template":"highway","default_image_id":0,"font":"","enabled":false},"version":2},"_wpas_customize_per_network":false},"categories":[30],"tags":[],"class_list":["post-130131","post","type-post","status-publish","format-standard","has-post-thumbnail","hentry","category-municipio","generate-columns","tablet-grid-50","mobile-grid-100","grid-parent","grid-50"],"jetpack_publicize_connections":[],"jetpack_featured_media_url":"https:\/\/www.hoymercedes.com.ar\/principal\/wp-content\/uploads\/2021\/04\/giphy.gif","wps_subtitle":"","jetpack_sharing_enabled":true,"jetpack-related-posts":[{"id":130511,"url":"https:\/\/www.hoymercedes.com.ar\/principal\/2021\/05\/21\/covid-en-el-pais-confirman-695-nuevos-fallecimientos-y-35-468-nuevos-contagios\/","url_meta":{"origin":130131,"position":0},"title":"Covid en el pa\u00eds: confirman 695 nuevos fallecimientos y 35.468 nuevos contagios","author":"hoymercedes","date":"21 mayo, 2021","format":false,"excerpt":"El Ministerio de Salud de la Naci\u00f3n inform\u00f3 este viernes que se registraron 695 muertes y 35.468 nuevos contagios de coronavirus. En tanto, dieron cuenta de la realizaci\u00f3n de 99.693 testeos, con un 35,57% de positivdad. Con estas cifras, el total de infectados asciende a 3.482.512 y las v\u00edctimas fatales\u2026","rel":"","context":"En \u00abNaci\u00f3n\u00bb","block_context":{"text":"Naci\u00f3n","link":"https:\/\/www.hoymercedes.com.ar\/principal\/category\/nacion\/"},"img":{"alt_text":"","src":"https:\/\/i0.wp.com\/www.hoymercedes.com.ar\/principal\/wp-content\/uploads\/2021\/04\/giphy.gif?resize=350%2C200&ssl=1","width":350,"height":200},"classes":[]},{"id":135636,"url":"https:\/\/www.hoymercedes.com.ar\/principal\/2021\/08\/20\/covid-en-el-pais-confirman-229-muertes-y-8-160-contagios\/","url_meta":{"origin":130131,"position":1},"title":"Covid en el pa\u00eds: confirman 229 muertes y 8.160 contagios","author":"hoymercedes","date":"20 agosto, 2021","format":false,"excerpt":"El Ministerio de Salud de la Naci\u00f3n inform\u00f3 este viernes 20 de agosto se registraron 229 muertes y 8.160 nuevos contagios de coronavirus. Con estas cifras, el pa\u00eds acumula un total de 5.124.963 casos positivos desde el comienzo de la pandemia, mientras que los fallecimientos son 110.070. Del total de\u2026","rel":"","context":"En \u00abNaci\u00f3n\u00bb","block_context":{"text":"Naci\u00f3n","link":"https:\/\/www.hoymercedes.com.ar\/principal\/category\/nacion\/"},"img":{"alt_text":"","src":"https:\/\/i0.wp.com\/www.hoymercedes.com.ar\/principal\/wp-content\/uploads\/2021\/04\/giphy.gif?resize=350%2C200&ssl=1","width":350,"height":200},"classes":[]},{"id":128314,"url":"https:\/\/www.hoymercedes.com.ar\/principal\/2021\/04\/16\/covid-en-el-pais-29-472-personas-fueron-diagnosticadas\/","url_meta":{"origin":130131,"position":2},"title":"Covid en el pa\u00eds: 29.472 personas fueron diagnosticadas","author":"hoymercedes","date":"16 abril, 2021","format":false,"excerpt":"Tambi\u00e9n comunicaron 160 muertes.\u00a0Con estos registros, suman 2.658.628 positivos y las v\u00edctimas fatales son 59.084 en el pa\u00eds desde que se inici\u00f3 la pandemia. El Ministerio de Salud de la Naci\u00f3n inform\u00f3 este viernes 16 de abril de 2021 que, en las \u00faltimas 24 horas, se registraron 160 muertes y\u2026","rel":"","context":"En \u00abNaci\u00f3n\u00bb","block_context":{"text":"Naci\u00f3n","link":"https:\/\/www.hoymercedes.com.ar\/principal\/category\/nacion\/"},"img":{"alt_text":"","src":"https:\/\/i0.wp.com\/www.hoymercedes.com.ar\/principal\/wp-content\/uploads\/2021\/04\/giphy.gif?resize=350%2C200&ssl=1","width":350,"height":200},"classes":[]},{"id":131319,"url":"https:\/\/www.hoymercedes.com.ar\/principal\/2021\/06\/05\/covid-en-el-pais-confirman-456-fallecimientos-y-23-627-contagios\/","url_meta":{"origin":130131,"position":3},"title":"Covid en el pa\u00eds: confirman 456 fallecimientos y 23.627 contagios","author":"hoymercedes","date":"5 junio, 2021","format":false,"excerpt":"El Ministerio de Salud de la Naci\u00f3n inform\u00f3 este s\u00e1bado 5 de junio que, en las \u00faltimas 24 horas, se registraron 456 muertes y 23.627 nuevos contagios de coronavirus. Con estos datos, el total de casos desde el inicio de la pandemia asciende a 3.939.024 y las v\u00edctimas fatales son\u2026","rel":"","context":"En \u00abNaci\u00f3n\u00bb","block_context":{"text":"Naci\u00f3n","link":"https:\/\/www.hoymercedes.com.ar\/principal\/category\/nacion\/"},"img":{"alt_text":"","src":"https:\/\/i0.wp.com\/www.hoymercedes.com.ar\/principal\/wp-content\/uploads\/2021\/04\/giphy.gif?resize=350%2C200&ssl=1","width":350,"height":200},"classes":[]},{"id":143688,"url":"https:\/\/www.hoymercedes.com.ar\/principal\/2022\/02\/06\/covid-en-el-pais-confirman-100-muertes-y-12-664-contagios\/","url_meta":{"origin":130131,"position":4},"title":"Covid en el pa\u00eds: confirman 100 muertes y 12.664 contagios","author":"hoymercedes","date":"6 febrero, 2022","format":false,"excerpt":"El Ministerio de Salud de la Naci\u00f3n inform\u00f3 este domingo el registro de 100 nuevos contagios de coronavirus y 12.664 muertes. El total de casos positivos desde el inicio de la pandemia se elev\u00f3 a 8.589.879 , mientras que las v\u00edctimas fatales suman 122.684. Del total de muertes reportadas, 67\u2026","rel":"","context":"En \u00abNaci\u00f3n\u00bb","block_context":{"text":"Naci\u00f3n","link":"https:\/\/www.hoymercedes.com.ar\/principal\/category\/nacion\/"},"img":{"alt_text":"","src":"https:\/\/i0.wp.com\/www.hoymercedes.com.ar\/principal\/wp-content\/uploads\/2022\/02\/covid-06022022-1.jpeg?resize=350%2C200&ssl=1","width":350,"height":200,"srcset":"https:\/\/i0.wp.com\/www.hoymercedes.com.ar\/principal\/wp-content\/uploads\/2022\/02\/covid-06022022-1.jpeg?resize=350%2C200&ssl=1 1x, https:\/\/i0.wp.com\/www.hoymercedes.com.ar\/principal\/wp-content\/uploads\/2022\/02\/covid-06022022-1.jpeg?resize=525%2C300&ssl=1 1.5x"},"classes":[]},{"id":135325,"url":"https:\/\/www.hoymercedes.com.ar\/principal\/2021\/08\/15\/covid-en-el-pais-confirman-105-fallecimientos-y-3-727-contagios\/","url_meta":{"origin":130131,"position":5},"title":"Covid en el pa\u00eds: confirman 105 fallecimientos y 3.727 contagios","author":"hoymercedes","date":"15 agosto, 2021","format":false,"excerpt":"El Ministerio de Salud de la Naci\u00f3n inform\u00f3 este domingo 15 de agosto que, en las \u00faltimas 24 horas, se registraron 105 muertes y 3.727 nuevos contagios de coronavirus. Con estas cifras, el pa\u00eds registra un total de 5.084.635 casos desde el comienzo de la pandemia, mientras que los fallecimientos\u2026","rel":"","context":"En \u00abNaci\u00f3n\u00bb","block_context":{"text":"Naci\u00f3n","link":"https:\/\/www.hoymercedes.com.ar\/principal\/category\/nacion\/"},"img":{"alt_text":"","src":"https:\/\/i0.wp.com\/www.hoymercedes.com.ar\/principal\/wp-content\/uploads\/2021\/04\/giphy.gif?resize=350%2C200&ssl=1","width":350,"height":200},"classes":[]}],"_links":{"self":[{"href":"https:\/\/www.hoymercedes.com.ar\/principal\/wp-json\/wp\/v2\/posts\/130131","targetHints":{"allow":["GET"]}}],"collection":[{"href":"https:\/\/www.hoymercedes.com.ar\/principal\/wp-json\/wp\/v2\/posts"}],"about":[{"href":"https:\/\/www.hoymercedes.com.ar\/principal\/wp-json\/wp\/v2\/types\/post"}],"author":[{"embeddable":true,"href":"https:\/\/www.hoymercedes.com.ar\/principal\/wp-json\/wp\/v2\/users\/1"}],"replies":[{"embeddable":true,"href":"https:\/\/www.hoymercedes.com.ar\/principal\/wp-json\/wp\/v2\/comments?post=130131"}],"version-history":[{"count":0,"href":"https:\/\/www.hoymercedes.com.ar\/principal\/wp-json\/wp\/v2\/posts\/130131\/revisions"}],"wp:featuredmedia":[{"embeddable":true,"href":"https:\/\/www.hoymercedes.com.ar\/principal\/wp-json\/wp\/v2\/media\/128077"}],"wp:attachment":[{"href":"https:\/\/www.hoymercedes.com.ar\/principal\/wp-json\/wp\/v2\/media?parent=130131"}],"wp:term":[{"taxonomy":"category","embeddable":true,"href":"https:\/\/www.hoymercedes.com.ar\/principal\/wp-json\/wp\/v2\/categories?post=130131"},{"taxonomy":"post_tag","embeddable":true,"href":"https:\/\/www.hoymercedes.com.ar\/principal\/wp-json\/wp\/v2\/tags?post=130131"}],"curies":[{"name":"wp","href":"https:\/\/api.w.org\/{rel}","templated":true}]}}