{"id":130156,"date":"2021-05-15T10:15:00","date_gmt":"2021-05-15T13:15:00","guid":{"rendered":"https:\/\/www.hoymercedes.com.ar\/principal\/?p=130156"},"modified":"2021-05-15T11:23:26","modified_gmt":"2021-05-15T14:23:26","slug":"firman-convenio-que-permitira-agilizar-tramites-de-procrear","status":"publish","type":"post","link":"https:\/\/www.hoymercedes.com.ar\/principal\/2021\/05\/15\/firman-convenio-que-permitira-agilizar-tramites-de-procrear\/","title":{"rendered":"Firman convenio que permitir\u00e1 agilizar tr\u00e1mites de ProCreAr"},"content":{"rendered":"\n<p><strong><em>El jefe comunal de Mercedes, Juan Ignacio Ustarroz firm\u00f3 un nuevo convenio con el ministro de Desarrollo Territorial y H\u00e1bitat Jorge Ferraresi en el marco del programa ProCreAr. Tambi\u00e9n fue parte del encuentro Luciano Scatolini y Santiago Maggioti. <\/em><\/strong><\/p>\n\n\n\n<div class=\"wp-block-image\"><figure class=\"aligncenter size-large\"><img loading=\"lazy\" decoding=\"async\" width=\"800\" height=\"526\" data-attachment-id=\"130157\" data-permalink=\"https:\/\/www.hoymercedes.com.ar\/principal\/2021\/05\/15\/firman-convenio-que-permitira-agilizar-tramites-de-procrear\/attachment\/980\/#main\" data-orig-file=\"https:\/\/www.hoymercedes.com.ar\/principal\/wp-content\/uploads\/2021\/05\/980.jpeg\" data-orig-size=\"800,526\" data-comments-opened=\"0\" data-image-meta=\"{&quot;aperture&quot;:&quot;0&quot;,&quot;credit&quot;:&quot;&quot;,&quot;camera&quot;:&quot;&quot;,&quot;caption&quot;:&quot;&quot;,&quot;created_timestamp&quot;:&quot;0&quot;,&quot;copyright&quot;:&quot;&quot;,&quot;focal_length&quot;:&quot;0&quot;,&quot;iso&quot;:&quot;0&quot;,&quot;shutter_speed&quot;:&quot;0&quot;,&quot;title&quot;:&quot;&quot;,&quot;orientation&quot;:&quot;0&quot;}\" data-image-title=\"980\" data-image-description=\"\" data-image-caption=\"\" data-large-file=\"https:\/\/www.hoymercedes.com.ar\/principal\/wp-content\/uploads\/2021\/05\/980.jpeg\" src=\"https:\/\/www.hoymercedes.com.ar\/principal\/wp-content\/uploads\/2021\/05\/980.jpeg\" alt=\"\" class=\"wp-image-130157\" srcset=\"https:\/\/www.hoymercedes.com.ar\/principal\/wp-content\/uploads\/2021\/05\/980.jpeg 800w, https:\/\/www.hoymercedes.com.ar\/principal\/wp-content\/uploads\/2021\/05\/980-630x414.jpeg 630w, https:\/\/www.hoymercedes.com.ar\/principal\/wp-content\/uploads\/2021\/05\/980-150x99.jpeg 150w\" sizes=\"auto, (max-width: 800px) 100vw, 800px\" \/><\/figure><\/div>\n\n\n\n<p>El Ministerio de Desarrollo Territorial y H\u00e1bitat que conduce Jorge Ferraresi sigue avanzando con medidas que permitan brindar soluciones habitacionales en toda la provincia de Buenos Aires. En este caso, se llev\u00f3 adelante en Merlo, una firma de acuerdos con los jefes comunales de los municipios de la primera secci\u00f3n electoral de la provincia. \u00a0<\/p>\n\n\n\n<p>\u201cEstamos muy agradecidos del acompa\u00f1amiento constante que recibimos por parte del ministro Ferraresi, implementando las pol\u00edticas de acceso a la vivienda y la tierra impulsadas por el presidente Fern\u00e1ndez\u201d narr\u00f3 el jefe comunal Dr. Ustarroz y expres\u00f3 que \u201cpara nosotros es una pol\u00edtica de Estado fundamental, que venimos desplegando desde el banco municipal de tierras, los programas Mi Casa, Mi Terreno, Mi casa Refacci\u00f3n, las intervenciones de mejora habitacional, la adquisici\u00f3n de lotes, las planificaciones en urbanizaciones que se vienen ejecutando, entre otros dispositivos\u201d, coment\u00f3 entre otros conceptos. &nbsp;<\/p>\n\n\n\n<p>Durante el encuentro, Ferraresi explic\u00f3 que \u201cel objetivo de estos acuerdos es lograr una din\u00e1mica m\u00e1s r\u00e1pida y eficiente para todos los tr\u00e1mites requeridos por los programas que impulsamos desde el Ministerio. El trabajo en conjunto con los municipios es fundamental, porque son ellos quienes van a generar una ventanilla \u00fanica donde se puedan llevar a cabo los mismos de forma priorizada y facilitar el trabajo a las familias que buscan acceder a su primera vivienda\u201d. &nbsp;<\/p>\n\n\n\n<p>En esta ocasi\u00f3n, los municipios que adhirieron a este convenio son: Escobar, Gral. Las Heras, Hurlingham, Ituzaing\u00f3, Luj\u00e1n, Malvinas Argentinas, Marcos Paz, Tigre, San Fernando, Gral. San Mart\u00edn, Mercedes, Moreno, Merlo, Mor\u00f3n y Navarro. &nbsp;<\/p>\n\n\n\n<p>De esta manera Mercedes se convierte en sede de tramitaci\u00f3n del ProCreAr II, donde se podr\u00e1n realizar agilizaciones de tr\u00e1mites para planos facilitar las gestiones administrativas vinculadas al programa de vivienda. \u00a0<\/p>\n\n\n\n<p>Fuente: Prensa Municipal<\/p>\n","protected":false},"excerpt":{"rendered":"<p>El jefe comunal de Mercedes, Juan Ignacio Ustarroz firm\u00f3 un nuevo convenio con el ministro de Desarrollo Territorial y H\u00e1bitat &#8230; <a title=\"Firman convenio que permitir\u00e1 agilizar tr\u00e1mites de ProCreAr\" class=\"read-more\" href=\"https:\/\/www.hoymercedes.com.ar\/principal\/2021\/05\/15\/firman-convenio-que-permitira-agilizar-tramites-de-procrear\/\" aria-label=\"Leer m\u00e1s sobre Firman convenio que permitir\u00e1 agilizar tr\u00e1mites de ProCreAr\">Leer m\u00e1s<\/a><\/p>\n","protected":false},"author":1,"featured_media":130157,"comment_status":"closed","ping_status":"open","sticky":false,"template":"","format":"standard","meta":{"_monsterinsights_skip_tracking":false,"_monsterinsights_sitenote_active":false,"_monsterinsights_sitenote_note":"","_monsterinsights_sitenote_category":0,"jetpack_post_was_ever_published":false,"_jetpack_newsletter_access":"","_jetpack_dont_email_post_to_subs":false,"_jetpack_newsletter_tier_id":0,"_jetpack_memberships_contains_paywalled_content":false,"_jetpack_memberships_contains_paid_content":false,"footnotes":"","jetpack_publicize_message":"","jetpack_publicize_feature_enabled":true,"jetpack_social_post_already_shared":true,"jetpack_social_options":{"image_generator_settings":{"template":"highway","default_image_id":0,"font":"","enabled":false},"version":2},"_wpas_customize_per_network":false},"categories":[30],"tags":[],"class_list":["post-130156","post","type-post","status-publish","format-standard","has-post-thumbnail","hentry","category-municipio","generate-columns","tablet-grid-50","mobile-grid-100","grid-parent","grid-50"],"jetpack_publicize_connections":[],"jetpack_featured_media_url":"https:\/\/www.hoymercedes.com.ar\/principal\/wp-content\/uploads\/2021\/05\/980.jpeg","wps_subtitle":"Acuerdo con Naci\u00f3n","jetpack_sharing_enabled":true,"jetpack-related-posts":[{"id":138781,"url":"https:\/\/www.hoymercedes.com.ar\/principal\/2021\/10\/18\/entregaron-mas-creditos-para-construccion-de-viviendas\/","url_meta":{"origin":130156,"position":0},"title":"Entregaron m\u00e1s cr\u00e9ditos para construcci\u00f3n de viviendas","author":"hoymercedes","date":"18 octubre, 2021","format":false,"excerpt":"Por Prensa Mercedes - En el Complejo Cultural La Trocha, el intendente Juan Ignacio Ustarroz acompa\u00f1\u00f3 al Secretario de Desarrollo Territorial, Luciano Scatolini en la entrega de cr\u00e9ditos \u201cProcrear II\u201d para familias de nuestra ciudad. Adem\u00e1s, firmaron un convenio que otorga un subsidio para sumar profesionales en tem\u00e1ticas de urbanizaci\u00f3n,\u2026","rel":"","context":"En \u00abMunicipio\u00bb","block_context":{"text":"Municipio","link":"https:\/\/www.hoymercedes.com.ar\/principal\/category\/municipio\/"},"img":{"alt_text":"","src":"https:\/\/i0.wp.com\/www.hoymercedes.com.ar\/principal\/wp-content\/uploads\/2021\/10\/FBwwQH7XEAI9S2C.jpg?resize=350%2C200&ssl=1","width":350,"height":200,"srcset":"https:\/\/i0.wp.com\/www.hoymercedes.com.ar\/principal\/wp-content\/uploads\/2021\/10\/FBwwQH7XEAI9S2C.jpg?resize=350%2C200&ssl=1 1x, https:\/\/i0.wp.com\/www.hoymercedes.com.ar\/principal\/wp-content\/uploads\/2021\/10\/FBwwQH7XEAI9S2C.jpg?resize=525%2C300&ssl=1 1.5x, https:\/\/i0.wp.com\/www.hoymercedes.com.ar\/principal\/wp-content\/uploads\/2021\/10\/FBwwQH7XEAI9S2C.jpg?resize=700%2C400&ssl=1 2x"},"classes":[]},{"id":152702,"url":"https:\/\/www.hoymercedes.com.ar\/principal\/2022\/09\/06\/mercedes-fue-reconocida-por-sus-politicas-de-tierras\/","url_meta":{"origin":130156,"position":1},"title":"Mercedes fue reconocida por sus pol\u00edticas de Tierras","author":"hoymercedes","date":"6 septiembre, 2022","format":false,"excerpt":"El Municipio de Mercedes inform\u00f3 que el Jefe Comunal Juan Ignacio Ustarroz particip\u00f3 de un encuentro promovido por el Ministerio de Desarrollo Territorial y H\u00e1bitat a cargo de Jorge Ferraresi.","rel":"","context":"En \u00abMunicipio\u00bb","block_context":{"text":"Municipio","link":"https:\/\/www.hoymercedes.com.ar\/principal\/category\/municipio\/"},"img":{"alt_text":"","src":"https:\/\/i0.wp.com\/www.hoymercedes.com.ar\/principal\/wp-content\/uploads\/2022\/09\/350.jpeg?resize=350%2C200&ssl=1","width":350,"height":200,"srcset":"https:\/\/i0.wp.com\/www.hoymercedes.com.ar\/principal\/wp-content\/uploads\/2022\/09\/350.jpeg?resize=350%2C200&ssl=1 1x, https:\/\/i0.wp.com\/www.hoymercedes.com.ar\/principal\/wp-content\/uploads\/2022\/09\/350.jpeg?resize=525%2C300&ssl=1 1.5x, https:\/\/i0.wp.com\/www.hoymercedes.com.ar\/principal\/wp-content\/uploads\/2022\/09\/350.jpeg?resize=700%2C400&ssl=1 2x, https:\/\/i0.wp.com\/www.hoymercedes.com.ar\/principal\/wp-content\/uploads\/2022\/09\/350.jpeg?resize=1050%2C600&ssl=1 3x"},"classes":[]},{"id":122906,"url":"https:\/\/www.hoymercedes.com.ar\/principal\/2021\/01\/06\/el-ministro-ferraresi-e-intendente-firmaron-convenio-de-adhesion-al-programa-casa-propia\/","url_meta":{"origin":130156,"position":2},"title":"El ministro Ferraresi e Intendente firmaron convenio de adhesi\u00f3n al programa \u201cCasa Propia\u201d","author":"hoymercedes","date":"6 enero, 2021","format":false,"excerpt":"El ministro Jorge Ferraresi y el Intendente Dr. Juan I. Ustarroz firmaron convenio para la adhesi\u00f3n de nuestra Comuna al programa \u201cCasa Propia\u201d y al \u201cFondo Solidario de Vivienda\u201d. La r\u00fabrica fue en la sede del Ministerio de Desarrollo Territorial y H\u00e1bitat. En la reuni\u00f3n, donde se profundiz\u00f3 sobre la\u2026","rel":"","context":"En \u00abMunicipio\u00bb","block_context":{"text":"Municipio","link":"https:\/\/www.hoymercedes.com.ar\/principal\/category\/municipio\/"},"img":{"alt_text":"","src":"https:\/\/i0.wp.com\/www.hoymercedes.com.ar\/principal\/wp-content\/uploads\/2021\/01\/ErAFBJZW8AYNv0o.jpg?resize=350%2C200&ssl=1","width":350,"height":200,"srcset":"https:\/\/i0.wp.com\/www.hoymercedes.com.ar\/principal\/wp-content\/uploads\/2021\/01\/ErAFBJZW8AYNv0o.jpg?resize=350%2C200&ssl=1 1x, https:\/\/i0.wp.com\/www.hoymercedes.com.ar\/principal\/wp-content\/uploads\/2021\/01\/ErAFBJZW8AYNv0o.jpg?resize=525%2C300&ssl=1 1.5x, https:\/\/i0.wp.com\/www.hoymercedes.com.ar\/principal\/wp-content\/uploads\/2021\/01\/ErAFBJZW8AYNv0o.jpg?resize=700%2C400&ssl=1 2x, https:\/\/i0.wp.com\/www.hoymercedes.com.ar\/principal\/wp-content\/uploads\/2021\/01\/ErAFBJZW8AYNv0o.jpg?resize=1050%2C600&ssl=1 3x"},"classes":[]},{"id":129240,"url":"https:\/\/www.hoymercedes.com.ar\/principal\/2021\/04\/30\/avanza-en-mercedes-el-plan-nacional-de-suelo-urbano-para-acceso-a-la-tierra-y-la-vivienda\/","url_meta":{"origin":130156,"position":3},"title":"Avanza en Mercedes el \u00abPlan Nacional de Suelo Urbano\u00bb para acceso a la tierra y la vivienda","author":"hoymercedes","date":"30 abril, 2021","format":false,"excerpt":"Luego de que el intendente Juan Ignacio Ustarroz firmara con el Ministro Ferraresi el convenio se avanza fuertemente en Mercedes con el \"Plan Nacional de Suelo Urbano\" que permitir\u00e1 generar 174 lotes para cumplir el sue\u00f1o de la casa propia para nuestros vecinas y vecinos. Para ello el gobierno nacional\u2026","rel":"","context":"En \u00abMunicipio\u00bb","block_context":{"text":"Municipio","link":"https:\/\/www.hoymercedes.com.ar\/principal\/category\/municipio\/"},"img":{"alt_text":"","src":"https:\/\/i0.wp.com\/www.hoymercedes.com.ar\/principal\/wp-content\/uploads\/2021\/04\/20210429_112713-scaled.jpg?resize=350%2C200&ssl=1","width":350,"height":200,"srcset":"https:\/\/i0.wp.com\/www.hoymercedes.com.ar\/principal\/wp-content\/uploads\/2021\/04\/20210429_112713-scaled.jpg?resize=350%2C200&ssl=1 1x, https:\/\/i0.wp.com\/www.hoymercedes.com.ar\/principal\/wp-content\/uploads\/2021\/04\/20210429_112713-scaled.jpg?resize=525%2C300&ssl=1 1.5x, https:\/\/i0.wp.com\/www.hoymercedes.com.ar\/principal\/wp-content\/uploads\/2021\/04\/20210429_112713-scaled.jpg?resize=700%2C400&ssl=1 2x, https:\/\/i0.wp.com\/www.hoymercedes.com.ar\/principal\/wp-content\/uploads\/2021\/04\/20210429_112713-scaled.jpg?resize=1050%2C600&ssl=1 3x, https:\/\/i0.wp.com\/www.hoymercedes.com.ar\/principal\/wp-content\/uploads\/2021\/04\/20210429_112713-scaled.jpg?resize=1400%2C800&ssl=1 4x"},"classes":[]},{"id":124654,"url":"https:\/\/www.hoymercedes.com.ar\/principal\/2021\/02\/11\/ustarroz-firma-convenio-por-el-plan-nacional-de-suelo-urbano-generando-174-lotes-para-mi-terreno\/","url_meta":{"origin":130156,"position":4},"title":"Ustarroz firma convenio por el \u00abPlan Nacional de Suelo Urbano\u00bb generando 174 lotes para \u201cMi Terreno\u201d","author":"hoymercedes","date":"11 febrero, 2021","format":false,"excerpt":"Por Prensa Municipal - El intendente Juan I. Ustarroz recibi\u00f3 al Secretario de Desarrollo Territorial del Ministerio De Desarrollo Territorial y H\u00e1bitat de Naci\u00f3n, Luciano Scatolini, para la firma de ejecuci\u00f3n de una nueva obra en el marco del\u00a0\"Plan Nacional de Suelo Urbano\". Permitir\u00e1 poner en condiciones 174 lotes para\u2026","rel":"","context":"En \u00abMunicipio\u00bb","block_context":{"text":"Municipio","link":"https:\/\/www.hoymercedes.com.ar\/principal\/category\/municipio\/"},"img":{"alt_text":"","src":"https:\/\/i0.wp.com\/www.hoymercedes.com.ar\/principal\/wp-content\/uploads\/2021\/02\/photo_2021-02-11_13-39-30.jpg?resize=350%2C200&ssl=1","width":350,"height":200,"srcset":"https:\/\/i0.wp.com\/www.hoymercedes.com.ar\/principal\/wp-content\/uploads\/2021\/02\/photo_2021-02-11_13-39-30.jpg?resize=350%2C200&ssl=1 1x, https:\/\/i0.wp.com\/www.hoymercedes.com.ar\/principal\/wp-content\/uploads\/2021\/02\/photo_2021-02-11_13-39-30.jpg?resize=525%2C300&ssl=1 1.5x, https:\/\/i0.wp.com\/www.hoymercedes.com.ar\/principal\/wp-content\/uploads\/2021\/02\/photo_2021-02-11_13-39-30.jpg?resize=700%2C400&ssl=1 2x"},"classes":[]},{"id":131423,"url":"https:\/\/www.hoymercedes.com.ar\/principal\/2021\/06\/07\/fernandez-y-kicillof-estaran-en-mercedes-este-martes-al-mediodia\/","url_meta":{"origin":130156,"position":5},"title":"Fern\u00e1ndez y Kicillof estar\u00e1n en Mercedes este martes al mediod\u00eda","author":"hoymercedes","date":"7 junio, 2021","format":false,"excerpt":"Este martes 8 de junio estar\u00e1n en Mercedes el presidente de la Naci\u00f3n Alberto Fern\u00e1ndez junto al Gobernador de la provincia de Buenos Aires Axel Kicillof y a Ministros de Naci\u00f3n, entre ellos Jorge Ferraresi a cargo del ministerio de Desarrollo Territorial y H\u00e1bitat d y de Provincia pondr\u00e1n en\u2026","rel":"","context":"En \u00abNaci\u00f3n\u00bb","block_context":{"text":"Naci\u00f3n","link":"https:\/\/www.hoymercedes.com.ar\/principal\/category\/nacion\/"},"img":{"alt_text":"","src":"https:\/\/i0.wp.com\/www.hoymercedes.com.ar\/principal\/wp-content\/uploads\/2021\/06\/alberto-fernandez-axel-kicillof-e4f33c.jpg?resize=350%2C200&ssl=1","width":350,"height":200,"srcset":"https:\/\/i0.wp.com\/www.hoymercedes.com.ar\/principal\/wp-content\/uploads\/2021\/06\/alberto-fernandez-axel-kicillof-e4f33c.jpg?resize=350%2C200&ssl=1 1x, https:\/\/i0.wp.com\/www.hoymercedes.com.ar\/principal\/wp-content\/uploads\/2021\/06\/alberto-fernandez-axel-kicillof-e4f33c.jpg?resize=525%2C300&ssl=1 1.5x, https:\/\/i0.wp.com\/www.hoymercedes.com.ar\/principal\/wp-content\/uploads\/2021\/06\/alberto-fernandez-axel-kicillof-e4f33c.jpg?resize=700%2C400&ssl=1 2x"},"classes":[]}],"_links":{"self":[{"href":"https:\/\/www.hoymercedes.com.ar\/principal\/wp-json\/wp\/v2\/posts\/130156","targetHints":{"allow":["GET"]}}],"collection":[{"href":"https:\/\/www.hoymercedes.com.ar\/principal\/wp-json\/wp\/v2\/posts"}],"about":[{"href":"https:\/\/www.hoymercedes.com.ar\/principal\/wp-json\/wp\/v2\/types\/post"}],"author":[{"embeddable":true,"href":"https:\/\/www.hoymercedes.com.ar\/principal\/wp-json\/wp\/v2\/users\/1"}],"replies":[{"embeddable":true,"href":"https:\/\/www.hoymercedes.com.ar\/principal\/wp-json\/wp\/v2\/comments?post=130156"}],"version-history":[{"count":0,"href":"https:\/\/www.hoymercedes.com.ar\/principal\/wp-json\/wp\/v2\/posts\/130156\/revisions"}],"wp:featuredmedia":[{"embeddable":true,"href":"https:\/\/www.hoymercedes.com.ar\/principal\/wp-json\/wp\/v2\/media\/130157"}],"wp:attachment":[{"href":"https:\/\/www.hoymercedes.com.ar\/principal\/wp-json\/wp\/v2\/media?parent=130156"}],"wp:term":[{"taxonomy":"category","embeddable":true,"href":"https:\/\/www.hoymercedes.com.ar\/principal\/wp-json\/wp\/v2\/categories?post=130156"},{"taxonomy":"post_tag","embeddable":true,"href":"https:\/\/www.hoymercedes.com.ar\/principal\/wp-json\/wp\/v2\/tags?post=130156"}],"curies":[{"name":"wp","href":"https:\/\/api.w.org\/{rel}","templated":true}]}}