{"id":130165,"date":"2021-05-15T13:58:00","date_gmt":"2021-05-15T16:58:00","guid":{"rendered":"https:\/\/www.hoymercedes.com.ar\/principal\/?p=130165"},"modified":"2021-05-15T12:04:25","modified_gmt":"2021-05-15T15:04:25","slug":"mendia-sobre-el-balta-esto-va-a-ser-una-reserva-para-siempre","status":"publish","type":"post","link":"https:\/\/www.hoymercedes.com.ar\/principal\/2021\/05\/15\/mendia-sobre-el-balta-esto-va-a-ser-una-reserva-para-siempre\/","title":{"rendered":"Mend\u00eda sobre el Balta: \u201cEsto va a ser una reserva para siempre\u201d"},"content":{"rendered":"\n<p>Desde la Direcci\u00f3n de Ambiente celebraron que fue aprobada la homologaci\u00f3n del convenio por el HCD. \u00a0El lunes en la sesi\u00f3n del Concejo Deliberante de Mercedes qued\u00f3 aprobado y homologado el convenio entre el municipio con la Secretar\u00eda de Ni\u00f1ez de la Naci\u00f3n por el predio de la Reserva del Arroyo Balta, unas casi 60 hect\u00e1reas que ingresan en un registro provincial y nacional como \u00e1rea protegida. <\/p>\n\n\n\n<div class=\"wp-block-image\"><figure class=\"aligncenter size-large\"><img loading=\"lazy\" decoding=\"async\" width=\"800\" height=\"534\" data-attachment-id=\"130168\" data-permalink=\"https:\/\/www.hoymercedes.com.ar\/principal\/2021\/05\/15\/mendia-sobre-el-balta-esto-va-a-ser-una-reserva-para-siempre\/balta-limpieza-2\/#main\" data-orig-file=\"https:\/\/www.hoymercedes.com.ar\/principal\/wp-content\/uploads\/2021\/05\/Balta.Limpieza.2.jpg\" data-orig-size=\"800,534\" data-comments-opened=\"0\" data-image-meta=\"{&quot;aperture&quot;:&quot;0&quot;,&quot;credit&quot;:&quot;&quot;,&quot;camera&quot;:&quot;&quot;,&quot;caption&quot;:&quot;&quot;,&quot;created_timestamp&quot;:&quot;1621078508&quot;,&quot;copyright&quot;:&quot;&quot;,&quot;focal_length&quot;:&quot;0&quot;,&quot;iso&quot;:&quot;0&quot;,&quot;shutter_speed&quot;:&quot;0&quot;,&quot;title&quot;:&quot;&quot;,&quot;orientation&quot;:&quot;1&quot;}\" data-image-title=\"Balta.Limpieza.2\" data-image-description=\"\" data-image-caption=\"\" data-large-file=\"https:\/\/www.hoymercedes.com.ar\/principal\/wp-content\/uploads\/2021\/05\/Balta.Limpieza.2.jpg\" src=\"https:\/\/www.hoymercedes.com.ar\/principal\/wp-content\/uploads\/2021\/05\/Balta.Limpieza.2.jpg\" alt=\"\" class=\"wp-image-130168\" srcset=\"https:\/\/www.hoymercedes.com.ar\/principal\/wp-content\/uploads\/2021\/05\/Balta.Limpieza.2.jpg 800w, https:\/\/www.hoymercedes.com.ar\/principal\/wp-content\/uploads\/2021\/05\/Balta.Limpieza.2-630x421.jpg 630w, https:\/\/www.hoymercedes.com.ar\/principal\/wp-content\/uploads\/2021\/05\/Balta.Limpieza.2-150x100.jpg 150w\" sizes=\"auto, (max-width: 800px) 100vw, 800px\" \/><\/figure><\/div>\n\n\n\n<p>Juan Cruz Mend\u00eda, responsable del \u00e1rea comentaba el alcance de este acuerdo y su reafirmaci\u00f3n por el legislativo local: \u201cesto nos da una titulaci\u00f3n donde vamos a figurar dentro de las \u00e1reas naturales protegidas del pa\u00eds\u201d y esto, remarc\u00f3, va a hacer muy dif\u00edcil que se pueda volver atr\u00e1s \u201cesto va a ser una reserva para siempre\u201d. &nbsp;<\/p>\n\n\n\n<p>Este convenio protege un \u00e1rea de cerca de 60 hect\u00e1reas, \u201cunas 7 hect\u00e1reas de la cava y 50 hect\u00e1reas m\u00e1s de pastizales\u201d explica Mend\u00eda sobre \u201cesta zona de valor geol\u00f3gico muy interesante por el ecosistema del pastizal pampeano\u201d que \u201ctiene un mayor valor biol\u00f3gico\u201d. &nbsp;<\/p>\n\n\n\n<p>En tanto se siguen con las tareas de limpieza de las \u00e1reas naturales del partido, este jueves pasado nuevamente en el Balta, como cada quince d\u00edas se viene limpiando en distintos arroyos. &nbsp;<\/p>\n\n\n\n<p>Desde el \u00e1rea se viene trabajando articuladamente sobre el tema residuos con distintos actores. como ser la Secretar\u00eda de Desarrollo Comunal, el MTE, con el grupo Potenciar de Naci\u00f3n, entre otros. \u201cHay articulaci\u00f3n con muchos actores, generando un trabajo planificado, sostenido, llevando adelante las indicaciones de nuestro intendente Ustarroz que no s\u00f3lo nos brinda un apoyo constante, con recursos y gestiones, sino tambi\u00e9n instando a no dejar de implementar pol\u00edticas de cuidado ambiental con miras a una ciudad ambientalmente sostenible\u201d, agreg\u00f3 el funcionario de Ambiente.<\/p>\n\n\n\n<div class=\"wp-block-image\"><figure class=\"aligncenter size-large\"><img loading=\"lazy\" decoding=\"async\" width=\"800\" height=\"534\" data-attachment-id=\"130167\" data-permalink=\"https:\/\/www.hoymercedes.com.ar\/principal\/2021\/05\/15\/mendia-sobre-el-balta-esto-va-a-ser-una-reserva-para-siempre\/balta-limpieza-3\/#main\" data-orig-file=\"https:\/\/www.hoymercedes.com.ar\/principal\/wp-content\/uploads\/2021\/05\/Balta.Limpieza.3.jpg\" data-orig-size=\"800,534\" data-comments-opened=\"0\" data-image-meta=\"{&quot;aperture&quot;:&quot;0&quot;,&quot;credit&quot;:&quot;&quot;,&quot;camera&quot;:&quot;&quot;,&quot;caption&quot;:&quot;&quot;,&quot;created_timestamp&quot;:&quot;1621078798&quot;,&quot;copyright&quot;:&quot;&quot;,&quot;focal_length&quot;:&quot;0&quot;,&quot;iso&quot;:&quot;0&quot;,&quot;shutter_speed&quot;:&quot;0&quot;,&quot;title&quot;:&quot;&quot;,&quot;orientation&quot;:&quot;1&quot;}\" data-image-title=\"Balta.Limpieza.3\" data-image-description=\"\" data-image-caption=\"\" data-large-file=\"https:\/\/www.hoymercedes.com.ar\/principal\/wp-content\/uploads\/2021\/05\/Balta.Limpieza.3.jpg\" src=\"https:\/\/www.hoymercedes.com.ar\/principal\/wp-content\/uploads\/2021\/05\/Balta.Limpieza.3.jpg\" alt=\"\" class=\"wp-image-130167\" srcset=\"https:\/\/www.hoymercedes.com.ar\/principal\/wp-content\/uploads\/2021\/05\/Balta.Limpieza.3.jpg 800w, https:\/\/www.hoymercedes.com.ar\/principal\/wp-content\/uploads\/2021\/05\/Balta.Limpieza.3-630x421.jpg 630w, https:\/\/www.hoymercedes.com.ar\/principal\/wp-content\/uploads\/2021\/05\/Balta.Limpieza.3-150x100.jpg 150w\" sizes=\"auto, (max-width: 800px) 100vw, 800px\" \/><\/figure><\/div>\n\n\n\n<div class=\"wp-block-image\"><figure class=\"aligncenter size-large\"><img loading=\"lazy\" decoding=\"async\" width=\"800\" height=\"534\" data-attachment-id=\"130166\" data-permalink=\"https:\/\/www.hoymercedes.com.ar\/principal\/2021\/05\/15\/mendia-sobre-el-balta-esto-va-a-ser-una-reserva-para-siempre\/balta-limpieza\/#main\" data-orig-file=\"https:\/\/www.hoymercedes.com.ar\/principal\/wp-content\/uploads\/2021\/05\/Balta.Limpieza.jpg\" data-orig-size=\"800,534\" data-comments-opened=\"0\" data-image-meta=\"{&quot;aperture&quot;:&quot;0&quot;,&quot;credit&quot;:&quot;&quot;,&quot;camera&quot;:&quot;&quot;,&quot;caption&quot;:&quot;&quot;,&quot;created_timestamp&quot;:&quot;1621078804&quot;,&quot;copyright&quot;:&quot;&quot;,&quot;focal_length&quot;:&quot;0&quot;,&quot;iso&quot;:&quot;0&quot;,&quot;shutter_speed&quot;:&quot;0&quot;,&quot;title&quot;:&quot;&quot;,&quot;orientation&quot;:&quot;1&quot;}\" data-image-title=\"Balta.Limpieza\" data-image-description=\"\" data-image-caption=\"\" data-large-file=\"https:\/\/www.hoymercedes.com.ar\/principal\/wp-content\/uploads\/2021\/05\/Balta.Limpieza.jpg\" src=\"https:\/\/www.hoymercedes.com.ar\/principal\/wp-content\/uploads\/2021\/05\/Balta.Limpieza.jpg\" alt=\"\" class=\"wp-image-130166\" srcset=\"https:\/\/www.hoymercedes.com.ar\/principal\/wp-content\/uploads\/2021\/05\/Balta.Limpieza.jpg 800w, https:\/\/www.hoymercedes.com.ar\/principal\/wp-content\/uploads\/2021\/05\/Balta.Limpieza-630x421.jpg 630w, https:\/\/www.hoymercedes.com.ar\/principal\/wp-content\/uploads\/2021\/05\/Balta.Limpieza-150x100.jpg 150w\" sizes=\"auto, (max-width: 800px) 100vw, 800px\" \/><\/figure><\/div>\n","protected":false},"excerpt":{"rendered":"<p>Desde la Direcci\u00f3n de Ambiente celebraron que fue aprobada la homologaci\u00f3n del convenio por el HCD. \u00a0El lunes en la &#8230; <a title=\"Mend\u00eda sobre el Balta: \u201cEsto va a ser una reserva para siempre\u201d\" class=\"read-more\" href=\"https:\/\/www.hoymercedes.com.ar\/principal\/2021\/05\/15\/mendia-sobre-el-balta-esto-va-a-ser-una-reserva-para-siempre\/\" aria-label=\"Leer m\u00e1s sobre Mend\u00eda sobre el Balta: \u201cEsto va a ser una reserva para siempre\u201d\">Leer m\u00e1s<\/a><\/p>\n","protected":false},"author":1,"featured_media":130166,"comment_status":"closed","ping_status":"open","sticky":false,"template":"","format":"standard","meta":{"_monsterinsights_skip_tracking":false,"_monsterinsights_sitenote_active":false,"_monsterinsights_sitenote_note":"","_monsterinsights_sitenote_category":0,"jetpack_post_was_ever_published":false,"_jetpack_newsletter_access":"","_jetpack_dont_email_post_to_subs":false,"_jetpack_newsletter_tier_id":0,"_jetpack_memberships_contains_paywalled_content":false,"_jetpack_memberships_contains_paid_content":false,"footnotes":"","jetpack_publicize_message":"","jetpack_publicize_feature_enabled":true,"jetpack_social_post_already_shared":true,"jetpack_social_options":{"image_generator_settings":{"template":"highway","default_image_id":0,"font":"","enabled":false},"version":2},"_wpas_customize_per_network":false},"categories":[30],"tags":[],"class_list":["post-130165","post","type-post","status-publish","format-standard","has-post-thumbnail","hentry","category-municipio","generate-columns","tablet-grid-50","mobile-grid-100","grid-parent","grid-50"],"jetpack_publicize_connections":[],"jetpack_featured_media_url":"https:\/\/www.hoymercedes.com.ar\/principal\/wp-content\/uploads\/2021\/05\/Balta.Limpieza.jpg","wps_subtitle":"Patrimonio natural","jetpack_sharing_enabled":true,"jetpack-related-posts":[{"id":120862,"url":"https:\/\/www.hoymercedes.com.ar\/principal\/2020\/11\/26\/jornada-de-limpieza-en-la-reserva-del-arroyo-balta\/","url_meta":{"origin":130165,"position":0},"title":"Jornada de limpieza en la Reserva del Arroyo Balta","author":"hoymercedes","date":"26 noviembre, 2020","format":false,"excerpt":"La Direcci\u00f3n de Ambiente Municipal organiza una jornada de plantaci\u00f3n de nativas y limpieza de la reserva del arroyo Balta. Esta actividad se realizar\u00e1 junto a la comunidad educativa de la Escuela T\u00e9cnica N\u00b0 2 de Gowland y la Asociaci\u00f3n Civil S.O.S. H\u00e1bitat. el encuentro ser\u00e1 el viernes 27 de\u2026","rel":"","context":"En \u00abMunicipio\u00bb","block_context":{"text":"Municipio","link":"https:\/\/www.hoymercedes.com.ar\/principal\/category\/municipio\/"},"img":{"alt_text":"","src":"https:\/\/i0.wp.com\/www.hoymercedes.com.ar\/principal\/wp-content\/uploads\/2020\/11\/26-balta.jpg?resize=350%2C200&ssl=1","width":350,"height":200,"srcset":"https:\/\/i0.wp.com\/www.hoymercedes.com.ar\/principal\/wp-content\/uploads\/2020\/11\/26-balta.jpg?resize=350%2C200&ssl=1 1x, https:\/\/i0.wp.com\/www.hoymercedes.com.ar\/principal\/wp-content\/uploads\/2020\/11\/26-balta.jpg?resize=525%2C300&ssl=1 1.5x, https:\/\/i0.wp.com\/www.hoymercedes.com.ar\/principal\/wp-content\/uploads\/2020\/11\/26-balta.jpg?resize=700%2C400&ssl=1 2x"},"classes":[]},{"id":127998,"url":"https:\/\/www.hoymercedes.com.ar\/principal\/2021\/04\/11\/firman-convenio-para-mayores-intervenciones-en-el-arroyo-balta\/","url_meta":{"origin":130165,"position":1},"title":"Firman convenio para mayores intervenciones en el Arroyo Balta","author":"hoymercedes","date":"11 abril, 2021","format":false,"excerpt":"Por Prensa Municipal - El intendente Juan Ignacio Ustarroz firm\u00f3 convenio con el Ministerio de Desarrollo Social de la Naci\u00f3n con el objetivo de tener mayor injerencia e intervenci\u00f3n en el predio del Arroyo Balta. La gesti\u00f3n estuvo a cargo de la Secretar\u00eda de Desarrollo de la Comunidad conducida por\u2026","rel":"","context":"En \u00abMunicipio\u00bb","block_context":{"text":"Municipio","link":"https:\/\/www.hoymercedes.com.ar\/principal\/category\/municipio\/"},"img":{"alt_text":"","src":"https:\/\/i0.wp.com\/www.hoymercedes.com.ar\/principal\/wp-content\/uploads\/2021\/04\/DSC_0090.jpg?resize=350%2C200&ssl=1","width":350,"height":200,"srcset":"https:\/\/i0.wp.com\/www.hoymercedes.com.ar\/principal\/wp-content\/uploads\/2021\/04\/DSC_0090.jpg?resize=350%2C200&ssl=1 1x, https:\/\/i0.wp.com\/www.hoymercedes.com.ar\/principal\/wp-content\/uploads\/2021\/04\/DSC_0090.jpg?resize=525%2C300&ssl=1 1.5x, https:\/\/i0.wp.com\/www.hoymercedes.com.ar\/principal\/wp-content\/uploads\/2021\/04\/DSC_0090.jpg?resize=700%2C400&ssl=1 2x"},"classes":[]},{"id":122063,"url":"https:\/\/www.hoymercedes.com.ar\/principal\/2020\/12\/19\/nueva-jornada-de-limpieza-en-el-arroyo-balta\/","url_meta":{"origin":130165,"position":2},"title":"Nueva jornada de limpieza en el Arroyo Balta","author":"hoymercedes","date":"19 diciembre, 2020","format":false,"excerpt":"La Direcci\u00f3n de Ambiente Municipal realiz\u00f3 otra jornada de limpieza en la Reserva Natural del Arroyo Balta. La intervenci\u00f3n busca la recuperaci\u00f3n, embellecimiento y puesta en valor del predio que tiene valor hist\u00f3rico, cultural y natural y es patrimonio del partido de Mercedes. El responsable de ambiente municipal, Juan Cruz\u2026","rel":"","context":"En \u00abMunicipio\u00bb","block_context":{"text":"Municipio","link":"https:\/\/www.hoymercedes.com.ar\/principal\/category\/municipio\/"},"img":{"alt_text":"","src":"https:\/\/i0.wp.com\/www.hoymercedes.com.ar\/principal\/wp-content\/uploads\/2020\/12\/3-2.jpg?resize=350%2C200&ssl=1","width":350,"height":200,"srcset":"https:\/\/i0.wp.com\/www.hoymercedes.com.ar\/principal\/wp-content\/uploads\/2020\/12\/3-2.jpg?resize=350%2C200&ssl=1 1x, https:\/\/i0.wp.com\/www.hoymercedes.com.ar\/principal\/wp-content\/uploads\/2020\/12\/3-2.jpg?resize=525%2C300&ssl=1 1.5x, https:\/\/i0.wp.com\/www.hoymercedes.com.ar\/principal\/wp-content\/uploads\/2020\/12\/3-2.jpg?resize=700%2C400&ssl=1 2x"},"classes":[]},{"id":129124,"url":"https:\/\/www.hoymercedes.com.ar\/principal\/2021\/04\/28\/continuo-la-limpieza-en-el-arroyo-balta\/","url_meta":{"origin":130165,"position":3},"title":"Contin\u00faa la puesta en valor del Arroyo Balta","author":"hoymercedes","date":"28 abril, 2021","format":false,"excerpt":"Nuevamente se realizaron trabajos de limpieza en el predio, patrimonio natural, en el Arroyo Balta. En esta oportunidad se aprovech\u00f3 la oportunidad para instalar puentes, barandas, limpieza general, etc. La Direcci\u00f3n de Ambiente Municipal contin\u00faa realizando jornadas de trabajo en la Reserva Natural del Arroyo Balta en post del cuidado\u2026","rel":"","context":"En \u00abMunicipio\u00bb","block_context":{"text":"Municipio","link":"https:\/\/www.hoymercedes.com.ar\/principal\/category\/municipio\/"},"img":{"alt_text":"","src":"https:\/\/i0.wp.com\/www.hoymercedes.com.ar\/principal\/wp-content\/uploads\/2021\/04\/2589.jpg?resize=350%2C200&ssl=1","width":350,"height":200,"srcset":"https:\/\/i0.wp.com\/www.hoymercedes.com.ar\/principal\/wp-content\/uploads\/2021\/04\/2589.jpg?resize=350%2C200&ssl=1 1x, https:\/\/i0.wp.com\/www.hoymercedes.com.ar\/principal\/wp-content\/uploads\/2021\/04\/2589.jpg?resize=525%2C300&ssl=1 1.5x, https:\/\/i0.wp.com\/www.hoymercedes.com.ar\/principal\/wp-content\/uploads\/2021\/04\/2589.jpg?resize=700%2C400&ssl=1 2x"},"classes":[]},{"id":157162,"url":"https:\/\/www.hoymercedes.com.ar\/principal\/2023\/01\/06\/visita-guiada-al-arroyo-balta\/","url_meta":{"origin":130165,"position":4},"title":"Visita guiada al Arroyo Balta","author":"hoymercedes","date":"6 enero, 2023","format":false,"excerpt":"Este domingo 8 de enero en la reserva del arroyo Balta se realizar\u00e1 una visita guiada conjugando arte y naturaleza.","rel":"","context":"En \u00abSociedad\u00bb","block_context":{"text":"Sociedad","link":"https:\/\/www.hoymercedes.com.ar\/principal\/category\/sociedad\/"},"img":{"alt_text":"","src":"https:\/\/i0.wp.com\/www.hoymercedes.com.ar\/principal\/wp-content\/uploads\/2023\/01\/Balta.jpg?resize=350%2C200&ssl=1","width":350,"height":200,"srcset":"https:\/\/i0.wp.com\/www.hoymercedes.com.ar\/principal\/wp-content\/uploads\/2023\/01\/Balta.jpg?resize=350%2C200&ssl=1 1x, https:\/\/i0.wp.com\/www.hoymercedes.com.ar\/principal\/wp-content\/uploads\/2023\/01\/Balta.jpg?resize=525%2C300&ssl=1 1.5x"},"classes":[]},{"id":102346,"url":"https:\/\/www.hoymercedes.com.ar\/principal\/2019\/11\/14\/alumnos-de-la-escuela-tecnica-de-gowland-limpiaron-el-arroyo-balta\/","url_meta":{"origin":130165,"position":5},"title":"Alumnos de la Escuela T\u00e9cnica de Gowland limpiaron el Arroyo Balta","author":"hoymercedes","date":"14 noviembre, 2019","format":false,"excerpt":"La limpieza conjunta se hizo el martes. Buscan que el estado nacional pase la Reserva Natural al \u00e1mbito municipal y as\u00ed los alumnos de la EET N\u00b0 2 lo cuidan y preservan.\u00a0 En el marco de un proyecto institucional que los estudiantes de la Escuela T\u00e9cnica N\u00b0 2 de Gowland\u2026","rel":"","context":"En \u00abEducaci\u00f3n\u00bb","block_context":{"text":"Educaci\u00f3n","link":"https:\/\/www.hoymercedes.com.ar\/principal\/category\/educacion\/"},"img":{"alt_text":"","src":"https:\/\/i0.wp.com\/www.hoymercedes.com.ar\/principal\/wp-content\/uploads\/2019\/11\/LimpiezaBalta1.jpg?resize=350%2C200&ssl=1","width":350,"height":200,"srcset":"https:\/\/i0.wp.com\/www.hoymercedes.com.ar\/principal\/wp-content\/uploads\/2019\/11\/LimpiezaBalta1.jpg?resize=350%2C200&ssl=1 1x, https:\/\/i0.wp.com\/www.hoymercedes.com.ar\/principal\/wp-content\/uploads\/2019\/11\/LimpiezaBalta1.jpg?resize=525%2C300&ssl=1 1.5x, https:\/\/i0.wp.com\/www.hoymercedes.com.ar\/principal\/wp-content\/uploads\/2019\/11\/LimpiezaBalta1.jpg?resize=700%2C400&ssl=1 2x"},"classes":[]}],"_links":{"self":[{"href":"https:\/\/www.hoymercedes.com.ar\/principal\/wp-json\/wp\/v2\/posts\/130165","targetHints":{"allow":["GET"]}}],"collection":[{"href":"https:\/\/www.hoymercedes.com.ar\/principal\/wp-json\/wp\/v2\/posts"}],"about":[{"href":"https:\/\/www.hoymercedes.com.ar\/principal\/wp-json\/wp\/v2\/types\/post"}],"author":[{"embeddable":true,"href":"https:\/\/www.hoymercedes.com.ar\/principal\/wp-json\/wp\/v2\/users\/1"}],"replies":[{"embeddable":true,"href":"https:\/\/www.hoymercedes.com.ar\/principal\/wp-json\/wp\/v2\/comments?post=130165"}],"version-history":[{"count":0,"href":"https:\/\/www.hoymercedes.com.ar\/principal\/wp-json\/wp\/v2\/posts\/130165\/revisions"}],"wp:featuredmedia":[{"embeddable":true,"href":"https:\/\/www.hoymercedes.com.ar\/principal\/wp-json\/wp\/v2\/media\/130166"}],"wp:attachment":[{"href":"https:\/\/www.hoymercedes.com.ar\/principal\/wp-json\/wp\/v2\/media?parent=130165"}],"wp:term":[{"taxonomy":"category","embeddable":true,"href":"https:\/\/www.hoymercedes.com.ar\/principal\/wp-json\/wp\/v2\/categories?post=130165"},{"taxonomy":"post_tag","embeddable":true,"href":"https:\/\/www.hoymercedes.com.ar\/principal\/wp-json\/wp\/v2\/tags?post=130165"}],"curies":[{"name":"wp","href":"https:\/\/api.w.org\/{rel}","templated":true}]}}