{"id":130215,"date":"2021-05-17T11:30:00","date_gmt":"2021-05-17T14:30:00","guid":{"rendered":"https:\/\/www.hoymercedes.com.ar\/principal\/?p=130215"},"modified":"2021-05-20T19:48:55","modified_gmt":"2021-05-20T22:48:55","slug":"la-destruccion-de-los-rios-como-politica-de-estado","status":"publish","type":"post","link":"https:\/\/www.hoymercedes.com.ar\/principal\/2021\/05\/17\/la-destruccion-de-los-rios-como-politica-de-estado\/","title":{"rendered":"La destrucci\u00f3n de los r\u00edos como pol\u00edtica de Estado"},"content":{"rendered":"\n<p>Comunicado de la red del r\u00edo Luj\u00e1n a la que integra S.O.S H\u00c1BITAT Mercedes &#8211; Se iniciaron las obras hidr\u00e1ulicas en el r\u00edo Luj\u00e1n. Los que vivimos en la cuenca del r\u00edo Luj\u00e1n pretend\u00edamos una historia diferente para ella. Si bien repite problemas de otras cuencas de la provincia de Buenos Aires, como la contaminaci\u00f3n, todav\u00eda su cauce est\u00e1 pr\u00e1cticamente a salvo de las obras hidr\u00e1ulicas que ya han desfigurado a otras. Ten\u00edamos esperanzas de que no se reiterar\u00edan los errores ya cometidos, que hubi\u00e9semos aprendido al menos algo, que se atendieran las causas estructurales de las inundaciones. Sin embargo, ayer se empez\u00f3 a cerrar un nefasto circulo de desaciertos que terminar\u00e1n en la destrucci\u00f3n del Luj\u00e1n y sus humedales.<\/p>\n\n\n\n<div class=\"wp-block-image\"><figure class=\"aligncenter size-large\"><img loading=\"lazy\" decoding=\"async\" width=\"696\" height=\"400\" data-attachment-id=\"130102\" data-permalink=\"https:\/\/www.hoymercedes.com.ar\/principal\/2021\/05\/14\/comenzaron-las-obras-de-adecuacion-del-cauce-del-rio-lujan\/rio-lujan-desde-el-aire-inundados-1-696x400\/#main\" data-orig-file=\"https:\/\/www.hoymercedes.com.ar\/principal\/wp-content\/uploads\/2021\/05\/Rio-Lujan-desde-el-aire-Inundados-1-696x400-1.jpg\" data-orig-size=\"696,400\" data-comments-opened=\"0\" data-image-meta=\"{&quot;aperture&quot;:&quot;0&quot;,&quot;credit&quot;:&quot;&quot;,&quot;camera&quot;:&quot;&quot;,&quot;caption&quot;:&quot;&quot;,&quot;created_timestamp&quot;:&quot;0&quot;,&quot;copyright&quot;:&quot;&quot;,&quot;focal_length&quot;:&quot;0&quot;,&quot;iso&quot;:&quot;0&quot;,&quot;shutter_speed&quot;:&quot;0&quot;,&quot;title&quot;:&quot;&quot;,&quot;orientation&quot;:&quot;0&quot;}\" data-image-title=\"R\u00edo-Luj\u00e1n-desde-el-aire-Inundados-1-696&amp;#215;400\" data-image-description=\"\" data-image-caption=\"\" data-large-file=\"https:\/\/www.hoymercedes.com.ar\/principal\/wp-content\/uploads\/2021\/05\/Rio-Lujan-desde-el-aire-Inundados-1-696x400-1.jpg\" src=\"https:\/\/www.hoymercedes.com.ar\/principal\/wp-content\/uploads\/2021\/05\/Rio-Lujan-desde-el-aire-Inundados-1-696x400-1.jpg\" alt=\"\" class=\"wp-image-130102\" srcset=\"https:\/\/www.hoymercedes.com.ar\/principal\/wp-content\/uploads\/2021\/05\/Rio-Lujan-desde-el-aire-Inundados-1-696x400-1.jpg 696w, https:\/\/www.hoymercedes.com.ar\/principal\/wp-content\/uploads\/2021\/05\/Rio-Lujan-desde-el-aire-Inundados-1-696x400-1-630x362.jpg 630w, https:\/\/www.hoymercedes.com.ar\/principal\/wp-content\/uploads\/2021\/05\/Rio-Lujan-desde-el-aire-Inundados-1-696x400-1-150x86.jpg 150w\" sizes=\"auto, (max-width: 696px) 100vw, 696px\" \/><\/figure><\/div>\n\n\n\n<p>Una destrucci\u00f3n que viene de la mano de obras hidr\u00e1ulicas que son vendidas como la soluci\u00f3n a las inundaciones y no como el resultado del FRACASO de la gesti\u00f3n de la cuenca por el Estado provincial y los municipios.<br>Un\u00a0<strong>FRACASO<\/strong>\u00a0de muchas caras, con muchos responsables y diferentes gobiernos:<br>Un<strong>\u00a0FRACASO<\/strong>\u00a0del ordenamiento territorial que permiti\u00f3 que m\u00e1s de 10 mil hect\u00e1reas de humedales fueran arrasados y rellenados por barrios cerrados, parques industriales, etc. cercando el fluir del r\u00edo. O que no hizo nada con cientos de canales clandestinos (denunciados ante las autoridades) que desagotan los campos y los vuelcan en el Luj\u00e1n, recargando la cuenca. <br>Un FRACASO del Estado que, en vez de velar por el cumplimiento de las normas urban\u00edsticas y ambientales que hubieran impedido esta fenomenal destrucci\u00f3n ambiental, mir\u00f3 para otro lado o fue, lisa y llanamente, c\u00f3mplice de esa destrucci\u00f3n.<br>Un\u00a0<strong>FRACASO<\/strong>\u00a0en la distribuci\u00f3n de las externalidades brutales que gener\u00f3 ese modelo de desarrollo inmobiliario, que promet\u00eda progreso y trabajo, y solo inund\u00f3 los barrios cercados por esos lujosos barrios y foment\u00f3 la segregaci\u00f3n social.<br>Un\u00a0<strong>FRACASO<\/strong>\u00a0de participaci\u00f3n ciudadana porque nunca se escuch\u00f3 a los vecinos y organizaciones que ven\u00edamos denunciando este desorden territorial ni se les permiti\u00f3 ejercer el derecho a esa participaci\u00f3n en los espacios consagrados a tal fin por la normativa, como el Consejo Asesor del COMILU (Comit\u00e9 de Cuenca del R\u00edo Luj\u00e1n) y las audiencias p\u00fablicas obligatorias para estas obras hid r\u00e1ulicas, que nunca se convocaron y convierten a estas obras en ilegales.<br>Un FRACASO en la mirada de la cuenca que, en vez de verse como una compleja unidad ecosist\u00e9mica, se ha reducido a considerar al r\u00edo como un mero conducto de agua que debe ser desobstruido con obras hidr\u00e1ulicas, como si se tratara de una simple ca\u00f1er\u00eda. Una mirada obsoleta y ya abandonada en much\u00edsimos pa\u00edses por los problemas que termina generando.<\/p>\n\n\n\n<p>Pero, tal vez, el FRACASO mayor de esta situaci\u00f3n es que las<strong>\u00a0CAUSAS QUE ORIGINAN LAS INUNDACIONES SIGUEN INTACTAS y LOS COSTOS DE LAS OBRAS NO LO PAGAN LOS RESPONSABLES DE ESTA SITUACI\u00d3N<\/strong>. <\/p>\n\n\n\n<p>Lo afirmamos porque, en este preciso momento en que se inicia la destrucci\u00f3n del r\u00edo Luj\u00e1n por obras hidr\u00e1ulicas, esto acontece en la cuenca:<br>-Se siguen rellenando humedales y los canales clandestinos no han sido erradicados.<br>-Est\u00e1n libres y disfrutando de sus ping\u00fces negocios varios desarrolladores inmobiliarios que rellenaron humedales (en la mayor\u00eda de los casos, bienes de dominio p\u00fablico que nunca pueden pertenecer a agentes privados) y no hay ning\u00fan funcionario que haya sido responsabilizado por este cuadro de situaci\u00f3n.<br>-Los bonaerenses, aquejados de una crisis econ\u00f3mica y sanitaria sin precedentes, debemos pagar obras millonarias que no resolver\u00e1n las inundaciones generadas por unos pocos que se enriquecieron a costa de todos.<\/p>\n\n\n\n<p>Por eso decimos que\u00a0<strong>EN ESTE PRECISO MOMENTO EMPIEZA A CONCRETARSE LA DESTRUCCI\u00d3N DEL R\u00cdO Y SU CUENCA COMO \u201cSOLUCI\u00d3N\u201d AL FRACASO EN SU GESTI\u00d3N.<a rel=\"noreferrer noopener\" target=\"_blank\" href=\"https:\/\/lh3.googleusercontent.com\/-HwlZLAeQRSY\/YKGGJ8ihPeI\/AAAAAAAAAYo\/TAdo_hc0IkEzNRWWYhWWUGZ2nerrOGnVgCLcBGAsYHQ\/image.png\"><\/a><br>Vamos a dejar que sea un FRACASO de la participaci\u00f3n ciudadana&#8230;??<br>Y si te pon\u00e9s la remera y defendemos el r\u00edo??<\/strong><br><a rel=\"noreferrer noopener\" target=\"_blank\" href=\"https:\/\/www.facebook.com\/hashtag\/obrasilegalesr%C3%ADoluj%C3%A1n?__eep__=6&amp;epa=HASHTAG\">#obrasilegalesr\u00edoluj\u00e1n<\/a><br><a rel=\"noreferrer noopener\" target=\"_blank\" href=\"https:\/\/www.facebook.com\/hashtag\/elriolujannosetoca?__eep__=6&amp;epa=HASHTAG\">#elriolujannosetoca<\/a><br>#+humedales-inundados<br><a rel=\"noreferrer noopener\" target=\"_blank\" href=\"https:\/\/www.facebook.com\/hashtag\/audienciapublicayar%C3%ADoluj%C3%A1n?__eep__=6&amp;epa=HASHTAG\">#audienciapublicayar\u00edoluj\u00e1n<\/a><\/p>\n","protected":false},"excerpt":{"rendered":"<p>Comunicado de la red del r\u00edo Luj\u00e1n a la que integra S.O.S H\u00c1BITAT Mercedes &#8211; Se iniciaron las obras hidr\u00e1ulicas &#8230; <a title=\"La destrucci\u00f3n de los r\u00edos como pol\u00edtica de Estado\" class=\"read-more\" href=\"https:\/\/www.hoymercedes.com.ar\/principal\/2021\/05\/17\/la-destruccion-de-los-rios-como-politica-de-estado\/\" aria-label=\"Leer m\u00e1s sobre La destrucci\u00f3n de los r\u00edos como pol\u00edtica de Estado\">Leer m\u00e1s<\/a><\/p>\n","protected":false},"author":1,"featured_media":130102,"comment_status":"closed","ping_status":"open","sticky":false,"template":"","format":"standard","meta":{"_monsterinsights_skip_tracking":false,"_monsterinsights_sitenote_active":false,"_monsterinsights_sitenote_note":"","_monsterinsights_sitenote_category":0,"jetpack_post_was_ever_published":false,"_jetpack_newsletter_access":"","_jetpack_dont_email_post_to_subs":false,"_jetpack_newsletter_tier_id":0,"_jetpack_memberships_contains_paywalled_content":false,"_jetpack_memberships_contains_paid_content":false,"footnotes":"","jetpack_publicize_message":"","jetpack_publicize_feature_enabled":true,"jetpack_social_post_already_shared":true,"jetpack_social_options":{"image_generator_settings":{"template":"highway","default_image_id":0,"font":"","enabled":false},"version":2},"_wpas_customize_per_network":false},"categories":[1],"tags":[5947,8748,4535,887],"class_list":["post-130215","post","type-post","status-publish","format-standard","has-post-thumbnail","hentry","category-opinion","tag-obras-publicas","tag-opinion","tag-rio","tag-sos-habitat","generate-columns","tablet-grid-50","mobile-grid-100","grid-parent","grid-50"],"jetpack_publicize_connections":[],"jetpack_featured_media_url":"https:\/\/www.hoymercedes.com.ar\/principal\/wp-content\/uploads\/2021\/05\/Rio-Lujan-desde-el-aire-Inundados-1-696x400-1.jpg","wps_subtitle":"Desde SOS H\u00e1bitat","jetpack_sharing_enabled":true,"jetpack-related-posts":[{"id":81067,"url":"https:\/\/www.hoymercedes.com.ar\/principal\/2018\/09\/14\/plan-de-obras-hidraulicas-del-rio-lujan\/","url_meta":{"origin":130215,"position":0},"title":"Plan de obras hidr\u00e1ulicas del R\u00edo Luj\u00e1n","author":"hoymercedes","date":"14 septiembre, 2018","format":false,"excerpt":"Por SOS H\u00e1bitat\u00a0- La Red del R\u00edo Luj\u00e1n impugna por ilegitima la convocatoria del Ministerio de Infraestructura y del COMILU (Comit\u00e9 de Cuenca del R\u00edo Luj\u00e1n) El COMILU (Comit\u00e9 de Cuenca del R\u00edo Luj\u00e1n) y la Direcci\u00f3n Provincial de Hidr\u00e1ulica del Ministerio de Infraestructura (MINFRA) convocaron para el martes 11\/09,\u2026","rel":"","context":"En \u00abOpini\u00f3n\u00bb","block_context":{"text":"Opini\u00f3n","link":"https:\/\/www.hoymercedes.com.ar\/principal\/category\/opinion\/"},"img":{"alt_text":"","src":"https:\/\/i0.wp.com\/www.hoymercedes.com.ar\/principal\/wp-content\/uploads\/2018\/09\/14-sos-habitat-2.jpg?resize=350%2C200&ssl=1","width":350,"height":200,"srcset":"https:\/\/i0.wp.com\/www.hoymercedes.com.ar\/principal\/wp-content\/uploads\/2018\/09\/14-sos-habitat-2.jpg?resize=350%2C200&ssl=1 1x, https:\/\/i0.wp.com\/www.hoymercedes.com.ar\/principal\/wp-content\/uploads\/2018\/09\/14-sos-habitat-2.jpg?resize=525%2C300&ssl=1 1.5x, https:\/\/i0.wp.com\/www.hoymercedes.com.ar\/principal\/wp-content\/uploads\/2018\/09\/14-sos-habitat-2.jpg?resize=700%2C400&ssl=1 2x, https:\/\/i0.wp.com\/www.hoymercedes.com.ar\/principal\/wp-content\/uploads\/2018\/09\/14-sos-habitat-2.jpg?resize=1050%2C600&ssl=1 3x"},"classes":[]},{"id":41074,"url":"https:\/\/www.hoymercedes.com.ar\/principal\/2015\/04\/23\/s-o-s-habitat-alerta-sobre-peligros-ambientales-en-obras-del-rio-lujan\/","url_meta":{"origin":130215,"position":1},"title":"S.O.S H\u00e1bitat alerta sobre peligros ambientales en obras del R\u00edo Luj\u00e1n","author":"hoymercedes","date":"23 abril, 2015","format":false,"excerpt":"S.O.S H\u00e1bitat llama la atenci\u00f3n a la ciudadan\u00eda sobre c\u00f3mo se est\u00e1 trabajando en el R\u00edo Luj\u00e1n y convoca a las autoridades a que tomen cartas en el asunto. Justo en el d\u00eda de la tierra vieron elos procesos que se desarrollon y \u00a0remarcaron que \"no tenemos nada que festejar\"\u2026","rel":"","context":"En \u00abSociedad\u00bb","block_context":{"text":"Sociedad","link":"https:\/\/www.hoymercedes.com.ar\/principal\/category\/sociedad\/"},"img":{"alt_text":"","src":"https:\/\/i0.wp.com\/www.hoymercedes.com.ar\/principal\/wp-content\/uploads\/2015\/04\/s.o.shabitat-obraslujan.jpg?resize=350%2C200&ssl=1","width":350,"height":200,"srcset":"https:\/\/i0.wp.com\/www.hoymercedes.com.ar\/principal\/wp-content\/uploads\/2015\/04\/s.o.shabitat-obraslujan.jpg?resize=350%2C200&ssl=1 1x, https:\/\/i0.wp.com\/www.hoymercedes.com.ar\/principal\/wp-content\/uploads\/2015\/04\/s.o.shabitat-obraslujan.jpg?resize=525%2C300&ssl=1 1.5x"},"classes":[]},{"id":115047,"url":"https:\/\/www.hoymercedes.com.ar\/principal\/2020\/08\/13\/la-red-del-rio-lujan-advierte-sobre-las-obras-hidraulicas-en-el-rio-y-sus-potenciales-riesgos\/","url_meta":{"origin":130215,"position":2},"title":"La Red del R\u00edo Luj\u00e1n advierte sobre las obras hidr\u00e1ulicas en el r\u00edo y sus potenciales riesgos","author":"hoymercedes","date":"13 agosto, 2020","format":false,"excerpt":"(Comunicado enviado a los medios) La Red del R\u00edo Luj\u00e1n quiere advertir sobre las pr\u00f3ximas obras hidr\u00e1ulicas a realizarse en el r\u00edo Luj\u00e1n y sus potenciales riesgos. En el a\u00f1o 2011 la provincia de Buenos Aires, a trav\u00e9s del Ministerio de Infraestructura, resolvi\u00f3 la realizaci\u00f3n de un estudio de la\u2026","rel":"","context":"En \u00abSociedad\u00bb","block_context":{"text":"Sociedad","link":"https:\/\/www.hoymercedes.com.ar\/principal\/category\/sociedad\/"},"img":{"alt_text":"","src":"https:\/\/i0.wp.com\/www.hoymercedes.com.ar\/principal\/wp-content\/uploads\/2020\/08\/13-rio-lujan-1.png?resize=350%2C200&ssl=1","width":350,"height":200,"srcset":"https:\/\/i0.wp.com\/www.hoymercedes.com.ar\/principal\/wp-content\/uploads\/2020\/08\/13-rio-lujan-1.png?resize=350%2C200&ssl=1 1x, https:\/\/i0.wp.com\/www.hoymercedes.com.ar\/principal\/wp-content\/uploads\/2020\/08\/13-rio-lujan-1.png?resize=525%2C300&ssl=1 1.5x, https:\/\/i0.wp.com\/www.hoymercedes.com.ar\/principal\/wp-content\/uploads\/2020\/08\/13-rio-lujan-1.png?resize=700%2C400&ssl=1 2x"},"classes":[]},{"id":61421,"url":"https:\/\/www.hoymercedes.com.ar\/principal\/2017\/04\/05\/integrantes-del-banco-de-desarrollo-de-america-latina-recorren-la-cuenca-del-rio-lujan\/","url_meta":{"origin":130215,"position":3},"title":"Integrantes del Banco de Desarrollo de Am\u00e9rica Latina recorren la Cuenca del R\u00edo Luj\u00e1n","author":"hoymercedes","date":"5 abril, 2017","format":false,"excerpt":"El CAF se reuni\u00f3 con el Intendente Juan Ustarroz y los Concejales de la ciudad para conocer con m\u00e1s detalles las obras hidr\u00e1ulicas en el r\u00edo. La misi\u00f3n de la comitiva era conocer \u201cin sito\u201d las obras que financiar\u00e1n. Estuvieron acompa\u00f1ados por funcionarios provinciales de la Direcci\u00f3n de Obras Hidr\u00e1ulicas.\u2026","rel":"","context":"En \u00abMunicipio\u00bb","block_context":{"text":"Municipio","link":"https:\/\/www.hoymercedes.com.ar\/principal\/category\/municipio\/"},"img":{"alt_text":"","src":"https:\/\/i0.wp.com\/www.hoymercedes.com.ar\/principal\/wp-content\/uploads\/2017\/04\/05-CAF-Lujan-2.jpg?resize=350%2C200&ssl=1","width":350,"height":200,"srcset":"https:\/\/i0.wp.com\/www.hoymercedes.com.ar\/principal\/wp-content\/uploads\/2017\/04\/05-CAF-Lujan-2.jpg?resize=350%2C200&ssl=1 1x, https:\/\/i0.wp.com\/www.hoymercedes.com.ar\/principal\/wp-content\/uploads\/2017\/04\/05-CAF-Lujan-2.jpg?resize=525%2C300&ssl=1 1.5x"},"classes":[]},{"id":119867,"url":"https:\/\/www.hoymercedes.com.ar\/principal\/2020\/11\/10\/el-sabado-realizan-un-abrazo-al-rio-lujan\/","url_meta":{"origin":130215,"position":4},"title":"El s\u00e1bado realizan un abrazo al R\u00edo Luj\u00e1n","author":"Clarisa Altieri","date":"10 noviembre, 2020","format":false,"excerpt":"Desde la Asociaci\u00f3n Civil S.O.S. H\u00e1bitat junto a otros organismos relacionados con el cuidado del medio ambiente, invitan para el pr\u00f3ximo s\u00e1bado\u00a014 de noviembre a las 11 hs. a la altura del km 59,5 de la ruta Panamericana, Ramal\u00a0Campana\u00a0(en su cruce con el R\u00edo Luj\u00e1n) a participar de una jornada\u2026","rel":"","context":"En \u00abRegi\u00f3n\u00bb","block_context":{"text":"Regi\u00f3n","link":"https:\/\/www.hoymercedes.com.ar\/principal\/category\/region\/"},"img":{"alt_text":"","src":"https:\/\/i0.wp.com\/www.hoymercedes.com.ar\/principal\/wp-content\/uploads\/2020\/11\/10-abrzo-rio.jpeg?resize=350%2C200&ssl=1","width":350,"height":200,"srcset":"https:\/\/i0.wp.com\/www.hoymercedes.com.ar\/principal\/wp-content\/uploads\/2020\/11\/10-abrzo-rio.jpeg?resize=350%2C200&ssl=1 1x, https:\/\/i0.wp.com\/www.hoymercedes.com.ar\/principal\/wp-content\/uploads\/2020\/11\/10-abrzo-rio.jpeg?resize=525%2C300&ssl=1 1.5x, https:\/\/i0.wp.com\/www.hoymercedes.com.ar\/principal\/wp-content\/uploads\/2020\/11\/10-abrzo-rio.jpeg?resize=700%2C400&ssl=1 2x, https:\/\/i0.wp.com\/www.hoymercedes.com.ar\/principal\/wp-content\/uploads\/2020\/11\/10-abrzo-rio.jpeg?resize=1050%2C600&ssl=1 3x"},"classes":[]},{"id":62379,"url":"https:\/\/www.hoymercedes.com.ar\/principal\/2017\/05\/05\/cuenca-del-rio-lujan-controversiales-obras-que-se-iniciaran-en-el-partido-de-campana\/","url_meta":{"origin":130215,"position":5},"title":"Cuenca del r\u00edo Luj\u00e1n: Controversiales obras que se iniciar\u00e1n en el Partido de Campana","author":"hoymercedes","date":"5 mayo, 2017","format":false,"excerpt":"Por S.O.S. H\u00e1bitat - A fin de mitigar las inundaciones en la cuenca del r\u00edo Luj\u00e1n,\u00a0 el gobierno de la provincia de Buenos Aires\u00a0 tiene prevista una serie de obras hidr\u00e1ulicas que surgieron de un Estudio\u00a0 elaborado por la Consultora Serman & Asociados S.A., entre los a\u00f1os 2014 y 2015,\u2026","rel":"","context":"En \u00abSociedad\u00bb","block_context":{"text":"Sociedad","link":"https:\/\/www.hoymercedes.com.ar\/principal\/category\/sociedad\/"},"img":{"alt_text":"","src":"https:\/\/i0.wp.com\/www.hoymercedes.com.ar\/principal\/wp-content\/uploads\/2016\/06\/05-SOS-Habitat-1.jpg?resize=350%2C200&ssl=1","width":350,"height":200},"classes":[]}],"_links":{"self":[{"href":"https:\/\/www.hoymercedes.com.ar\/principal\/wp-json\/wp\/v2\/posts\/130215","targetHints":{"allow":["GET"]}}],"collection":[{"href":"https:\/\/www.hoymercedes.com.ar\/principal\/wp-json\/wp\/v2\/posts"}],"about":[{"href":"https:\/\/www.hoymercedes.com.ar\/principal\/wp-json\/wp\/v2\/types\/post"}],"author":[{"embeddable":true,"href":"https:\/\/www.hoymercedes.com.ar\/principal\/wp-json\/wp\/v2\/users\/1"}],"replies":[{"embeddable":true,"href":"https:\/\/www.hoymercedes.com.ar\/principal\/wp-json\/wp\/v2\/comments?post=130215"}],"version-history":[{"count":0,"href":"https:\/\/www.hoymercedes.com.ar\/principal\/wp-json\/wp\/v2\/posts\/130215\/revisions"}],"wp:featuredmedia":[{"embeddable":true,"href":"https:\/\/www.hoymercedes.com.ar\/principal\/wp-json\/wp\/v2\/media\/130102"}],"wp:attachment":[{"href":"https:\/\/www.hoymercedes.com.ar\/principal\/wp-json\/wp\/v2\/media?parent=130215"}],"wp:term":[{"taxonomy":"category","embeddable":true,"href":"https:\/\/www.hoymercedes.com.ar\/principal\/wp-json\/wp\/v2\/categories?post=130215"},{"taxonomy":"post_tag","embeddable":true,"href":"https:\/\/www.hoymercedes.com.ar\/principal\/wp-json\/wp\/v2\/tags?post=130215"}],"curies":[{"name":"wp","href":"https:\/\/api.w.org\/{rel}","templated":true}]}}