{"id":130218,"date":"2021-05-17T07:33:00","date_gmt":"2021-05-17T10:33:00","guid":{"rendered":"https:\/\/www.hoymercedes.com.ar\/principal\/?p=130218"},"modified":"2021-05-17T10:36:47","modified_gmt":"2021-05-17T13:36:47","slug":"avanzan-desde-ninez-en-mas-planes-y-proyectos-en-materia-de-cuidado-infantil","status":"publish","type":"post","link":"https:\/\/www.hoymercedes.com.ar\/principal\/2021\/05\/17\/avanzan-desde-ninez-en-mas-planes-y-proyectos-en-materia-de-cuidado-infantil\/","title":{"rendered":"Avanzan desde Ni\u00f1ez en m\u00e1s planes y proyectos en materia de cuidado infantil"},"content":{"rendered":"\n<p>Por Prensa Municipal &#8211; El municipio avanza en temas vinculas al cuidado y desarrollo de la ni\u00f1ez como una pol\u00edtica de Estado, planificada y reafirmando el compromiso de la interacci\u00f3n con instituciones y actores sociales. \u201cNos reunimos desde la Direcci\u00f3n de Ni\u00f1ez y Adolescencia con la Secretar\u00eda de Asuntos Estrat\u00e9gicos de la Naci\u00f3n desde el Consejo Econ\u00f3mico y Social para avanzar en el proyecto Comunidades de crianza\u201d explicaron tras el encuentro realizado junto a Mateo Niro y Lucia Aguerre. \u00a0<\/p>\n\n\n\n<div class=\"wp-block-image\"><figure class=\"aligncenter size-large\"><img loading=\"lazy\" decoding=\"async\" width=\"1024\" height=\"532\" data-attachment-id=\"130219\" data-permalink=\"https:\/\/www.hoymercedes.com.ar\/principal\/2021\/05\/17\/avanzan-desde-ninez-en-mas-planes-y-proyectos-en-materia-de-cuidado-infantil\/encuentro_ninez\/#main\" data-orig-file=\"https:\/\/www.hoymercedes.com.ar\/principal\/wp-content\/uploads\/2021\/05\/Encuentro_Ninez.jpeg\" data-orig-size=\"1280,665\" data-comments-opened=\"0\" data-image-meta=\"{&quot;aperture&quot;:&quot;0&quot;,&quot;credit&quot;:&quot;&quot;,&quot;camera&quot;:&quot;&quot;,&quot;caption&quot;:&quot;&quot;,&quot;created_timestamp&quot;:&quot;0&quot;,&quot;copyright&quot;:&quot;&quot;,&quot;focal_length&quot;:&quot;0&quot;,&quot;iso&quot;:&quot;0&quot;,&quot;shutter_speed&quot;:&quot;0&quot;,&quot;title&quot;:&quot;&quot;,&quot;orientation&quot;:&quot;0&quot;}\" data-image-title=\"Encuentro_Ni\u00f1ez\" data-image-description=\"\" data-image-caption=\"\" data-large-file=\"https:\/\/www.hoymercedes.com.ar\/principal\/wp-content\/uploads\/2021\/05\/Encuentro_Ninez-1024x532.jpeg\" src=\"https:\/\/www.hoymercedes.com.ar\/principal\/wp-content\/uploads\/2021\/05\/Encuentro_Ninez-1024x532.jpeg\" alt=\"\" class=\"wp-image-130219\" srcset=\"https:\/\/www.hoymercedes.com.ar\/principal\/wp-content\/uploads\/2021\/05\/Encuentro_Ninez-1024x532.jpeg 1024w, https:\/\/www.hoymercedes.com.ar\/principal\/wp-content\/uploads\/2021\/05\/Encuentro_Ninez-630x327.jpeg 630w, https:\/\/www.hoymercedes.com.ar\/principal\/wp-content\/uploads\/2021\/05\/Encuentro_Ninez-150x78.jpeg 150w, https:\/\/www.hoymercedes.com.ar\/principal\/wp-content\/uploads\/2021\/05\/Encuentro_Ninez.jpeg 1280w\" sizes=\"auto, (max-width: 1024px) 100vw, 1024px\" \/><\/figure><\/div>\n\n\n\n<p>\u201cEs un proyecto que se enmarca en el Programa de Naciones Unidas para el Desarrollo donde adem\u00e1s articulamos con UNLu, nuestra universidad regional\u201d explic\u00f3 el jefe comunal Juan I. Ustarroz. \u00a0<\/p>\n\n\n\n<p>Por su parte, la directora de ni\u00f1ez y adolescencia, Gabriela Olivella, sostuvo que \u201cEl programa consiste en el acompa\u00f1amiento en la crianza a familias con ni\u00f1os de 0 a 4 a\u00f1os. Para ello ser\u00e1 sumamente importante la articulaci\u00f3n entre los Jardines Espacios Primera Infancia, las pol\u00edticas de ni\u00f1ez y primera infancia, la intervenci\u00f3n pedag\u00f3gica, cultural, el programa primeros mil d\u00edas y la Universidad Nacional de Luj\u00e1n\u201d dijo la profesional y profundiz\u00f3 que \u201ces algo que nos insta contantemente el intendente Ustarroz, es decir, que tengamos planificaci\u00f3n, interacci\u00f3n con el Estado, con las instituciones intermedias, con el saber universitario, con las visiones y concepciones de cada barrio, en definitiva, que sea desde una mirada integran donde las pol\u00edticas de Estado se realizan en un fluido y activo intercambio con la sociedad\u201d, narr\u00f3. \u00a0<\/p>\n\n\n\n<p>La reuni\u00f3n se realiz\u00f3 en esta ocasi\u00f3n en el Palacio Municipal, pero es una m\u00e1s de las varias que se vienen concretando en materia de ni\u00f1ez y primera infancia, como se vio recientemente con las firmas de m\u00faltiples convenios con la Secretar\u00eda de Ni\u00f1ez, Adolescencia y Familia de la Naci\u00f3n para la construcci\u00f3n de una granja educativa, un nuevo jard\u00edn primera infancia en Gowland-Agote, la ampliaci\u00f3n EPI Blandengues, los intercambios con Estaci\u00f3n Juego, entre otras medidas desplegadas desde la Secretar\u00eda de Desarrollo de la Comunidad. &nbsp;<\/p>\n","protected":false},"excerpt":{"rendered":"<p>Por Prensa Municipal &#8211; El municipio avanza en temas vinculas al cuidado y desarrollo de la ni\u00f1ez como una pol\u00edtica &#8230; <a title=\"Avanzan desde Ni\u00f1ez en m\u00e1s planes y proyectos en materia de cuidado infantil\" class=\"read-more\" href=\"https:\/\/www.hoymercedes.com.ar\/principal\/2021\/05\/17\/avanzan-desde-ninez-en-mas-planes-y-proyectos-en-materia-de-cuidado-infantil\/\" aria-label=\"Leer m\u00e1s sobre Avanzan desde Ni\u00f1ez en m\u00e1s planes y proyectos en materia de cuidado infantil\">Leer m\u00e1s<\/a><\/p>\n","protected":false},"author":1,"featured_media":130219,"comment_status":"closed","ping_status":"open","sticky":false,"template":"","format":"standard","meta":{"_monsterinsights_skip_tracking":false,"_monsterinsights_sitenote_active":false,"_monsterinsights_sitenote_note":"","_monsterinsights_sitenote_category":0,"jetpack_post_was_ever_published":false,"_jetpack_newsletter_access":"","_jetpack_dont_email_post_to_subs":false,"_jetpack_newsletter_tier_id":0,"_jetpack_memberships_contains_paywalled_content":false,"_jetpack_memberships_contains_paid_content":false,"footnotes":"","jetpack_publicize_message":"","jetpack_publicize_feature_enabled":true,"jetpack_social_post_already_shared":true,"jetpack_social_options":{"image_generator_settings":{"template":"highway","default_image_id":0,"font":"","enabled":false},"version":2},"_wpas_customize_per_network":false},"categories":[30],"tags":[],"class_list":["post-130218","post","type-post","status-publish","format-standard","has-post-thumbnail","hentry","category-municipio","generate-columns","tablet-grid-50","mobile-grid-100","grid-parent","grid-50"],"jetpack_publicize_connections":[],"jetpack_featured_media_url":"https:\/\/www.hoymercedes.com.ar\/principal\/wp-content\/uploads\/2021\/05\/Encuentro_Ninez.jpeg","wps_subtitle":"","jetpack_sharing_enabled":true,"jetpack-related-posts":[{"id":148610,"url":"https:\/\/www.hoymercedes.com.ar\/principal\/2022\/05\/28\/curso-y-capacitacion-a-personal-de-la-direccion-de-ninez-y-adolescencia\/","url_meta":{"origin":130218,"position":0},"title":"Curso y capacitaci\u00f3n a personal de la Direcci\u00f3n de Ni\u00f1ez y Adolescencia","author":"hoymercedes","date":"28 mayo, 2022","format":false,"excerpt":"El Municipio de Mercedes a trav\u00e9s de la Direcci\u00f3n de Ni\u00f1ez y Adolescencia llev\u00f3 adelante una nueva capacitaci\u00f3n al personal de las distintas instancias de acompa\u00f1amiento y gesti\u00f3n en los dispositivos vinculados al desarrollo de la ni\u00f1ez. La misma se encuentra dentro una planificaci\u00f3n anual, que incluye distintas instancias te\u00f3ricas\u2026","rel":"","context":"En \u00abMunicipio\u00bb","block_context":{"text":"Municipio","link":"https:\/\/www.hoymercedes.com.ar\/principal\/category\/municipio\/"},"img":{"alt_text":"","src":"https:\/\/i0.wp.com\/www.hoymercedes.com.ar\/principal\/wp-content\/uploads\/2022\/05\/DSC08274-e1653772472742.jpg?resize=350%2C200&ssl=1","width":350,"height":200,"srcset":"https:\/\/i0.wp.com\/www.hoymercedes.com.ar\/principal\/wp-content\/uploads\/2022\/05\/DSC08274-e1653772472742.jpg?resize=350%2C200&ssl=1 1x, https:\/\/i0.wp.com\/www.hoymercedes.com.ar\/principal\/wp-content\/uploads\/2022\/05\/DSC08274-e1653772472742.jpg?resize=525%2C300&ssl=1 1.5x, https:\/\/i0.wp.com\/www.hoymercedes.com.ar\/principal\/wp-content\/uploads\/2022\/05\/DSC08274-e1653772472742.jpg?resize=700%2C400&ssl=1 2x"},"classes":[]},{"id":142654,"url":"https:\/\/www.hoymercedes.com.ar\/principal\/2022\/01\/13\/firma-municipio-inicio-de-construccion-de-centro-de-desarrollo-infantil\/","url_meta":{"origin":130218,"position":1},"title":"Firma Municipio inicio de construcci\u00f3n de Centro de Desarrollo Infantil","author":"hoymercedes","date":"13 enero, 2022","format":false,"excerpt":"Se firm\u00f3 el inicio de obra de un nuevo Centro de Desarrollo Infantil. Es un nuevo dispositivo para el cuidado de las infancias que se construir\u00e1 desde cero en Mercedes y se enmarca en el reconocimiento de las pol\u00edticas de cuidado de la ni\u00f1ez que se ejecutan en Mercedes, por\u2026","rel":"","context":"En \u00abMunicipio\u00bb","block_context":{"text":"Municipio","link":"https:\/\/www.hoymercedes.com.ar\/principal\/category\/municipio\/"},"img":{"alt_text":"","src":"https:\/\/i0.wp.com\/www.hoymercedes.com.ar\/principal\/wp-content\/uploads\/2022\/01\/firma-cdiDSC06919.jpg?resize=350%2C200&ssl=1","width":350,"height":200,"srcset":"https:\/\/i0.wp.com\/www.hoymercedes.com.ar\/principal\/wp-content\/uploads\/2022\/01\/firma-cdiDSC06919.jpg?resize=350%2C200&ssl=1 1x, https:\/\/i0.wp.com\/www.hoymercedes.com.ar\/principal\/wp-content\/uploads\/2022\/01\/firma-cdiDSC06919.jpg?resize=525%2C300&ssl=1 1.5x, https:\/\/i0.wp.com\/www.hoymercedes.com.ar\/principal\/wp-content\/uploads\/2022\/01\/firma-cdiDSC06919.jpg?resize=700%2C400&ssl=1 2x, https:\/\/i0.wp.com\/www.hoymercedes.com.ar\/principal\/wp-content\/uploads\/2022\/01\/firma-cdiDSC06919.jpg?resize=1050%2C600&ssl=1 3x"},"classes":[]},{"id":89605,"url":"https:\/\/www.hoymercedes.com.ar\/principal\/2019\/03\/18\/realizaron-capacitacion-en-primera-infancia\/","url_meta":{"origin":130218,"position":2},"title":"Realizaron capacitaci\u00f3n en primera infancia","author":"hoymercedes","date":"18 marzo, 2019","format":false,"excerpt":"En el marco de las pol\u00edticas de cuidado de la ni\u00f1ez se llev\u00f3 a cabo una nutrida primera jornada de capacitaci\u00f3n en primera infancia. Desplegada desde Desarrollo Social con epicentro en la capacitaci\u00f3n de personal, docentes y profesionales de los Jardines Espacios Primera Infancia. Fue, tambi\u00e9n, abierto a toda la\u2026","rel":"","context":"En \u00abMunicipio\u00bb","block_context":{"text":"Municipio","link":"https:\/\/www.hoymercedes.com.ar\/principal\/category\/municipio\/"},"img":{"alt_text":"","src":"https:\/\/i0.wp.com\/www.hoymercedes.com.ar\/principal\/wp-content\/uploads\/2019\/03\/18-primera-infancia.jpg?resize=350%2C200&ssl=1","width":350,"height":200,"srcset":"https:\/\/i0.wp.com\/www.hoymercedes.com.ar\/principal\/wp-content\/uploads\/2019\/03\/18-primera-infancia.jpg?resize=350%2C200&ssl=1 1x, https:\/\/i0.wp.com\/www.hoymercedes.com.ar\/principal\/wp-content\/uploads\/2019\/03\/18-primera-infancia.jpg?resize=525%2C300&ssl=1 1.5x, https:\/\/i0.wp.com\/www.hoymercedes.com.ar\/principal\/wp-content\/uploads\/2019\/03\/18-primera-infancia.jpg?resize=700%2C400&ssl=1 2x"},"classes":[]},{"id":127748,"url":"https:\/\/www.hoymercedes.com.ar\/principal\/2021\/04\/07\/intendente-y-secretario-de-ninez-de-la-nacion-recorrieron-la-gran-obra-de-ampliacion-del-epi-blandengues\/","url_meta":{"origin":130218,"position":3},"title":"Intendente y Secretario de Ni\u00f1ez de la Naci\u00f3n recorrieron la gran obra de ampliaci\u00f3n del EPI Blandengues","author":"hoymercedes","date":"7 abril, 2021","format":false,"excerpt":"El intendente Juan Ignacio Ustarroz junto al secretario nacional de Ni\u00f1ez, Adolescencia y Familia, Gabriel Lerner, recorrieron el Jard\u00edn Espacio Primera Infancia del barrio Blandengues donde se est\u00e1 realizando una importante ampliaci\u00f3n, construcci\u00f3n de nuevos espacios y puesta en valor del mismo. Dichas obras se llevan adelante mediante el aporte\u2026","rel":"","context":"En \u00abMunicipio\u00bb","block_context":{"text":"Municipio","link":"https:\/\/www.hoymercedes.com.ar\/principal\/category\/municipio\/"},"img":{"alt_text":"","src":"https:\/\/i0.wp.com\/www.hoymercedes.com.ar\/principal\/wp-content\/uploads\/2021\/04\/DSC_0156.jpg?resize=350%2C200&ssl=1","width":350,"height":200,"srcset":"https:\/\/i0.wp.com\/www.hoymercedes.com.ar\/principal\/wp-content\/uploads\/2021\/04\/DSC_0156.jpg?resize=350%2C200&ssl=1 1x, https:\/\/i0.wp.com\/www.hoymercedes.com.ar\/principal\/wp-content\/uploads\/2021\/04\/DSC_0156.jpg?resize=525%2C300&ssl=1 1.5x, https:\/\/i0.wp.com\/www.hoymercedes.com.ar\/principal\/wp-content\/uploads\/2021\/04\/DSC_0156.jpg?resize=700%2C400&ssl=1 2x"},"classes":[]},{"id":93800,"url":"https:\/\/www.hoymercedes.com.ar\/principal\/2019\/05\/26\/las-familias-participan-del-arte-terapia-en-casa-del-nino\/","url_meta":{"origin":130218,"position":4},"title":"Las familias participan del \u201carte terapia\u201d en Casa del Ni\u00f1o","author":"hoymercedes","date":"26 mayo, 2019","format":false,"excerpt":"En Casa del Ni\u00f1o contin\u00faan las propuestas pedag\u00f3gicas y de promoci\u00f3n del cuidado de la ni\u00f1ez. En la semana que pas\u00f3 se concret\u00f3 un novedoso encuentro de \u201cArte Terapia\u201d con la incorporaci\u00f3n de los pap\u00e1s y mam\u00e1s de los nenes y nenas que son parte de la querida instituci\u00f3n, cont\u00f3\u2026","rel":"","context":"En \u00abMunicipio\u00bb","block_context":{"text":"Municipio","link":"https:\/\/www.hoymercedes.com.ar\/principal\/category\/municipio\/"},"img":{"alt_text":"","src":"https:\/\/i0.wp.com\/www.hoymercedes.com.ar\/principal\/wp-content\/uploads\/2019\/05\/26-arte-terapia-1.jpeg?resize=350%2C200&ssl=1","width":350,"height":200,"srcset":"https:\/\/i0.wp.com\/www.hoymercedes.com.ar\/principal\/wp-content\/uploads\/2019\/05\/26-arte-terapia-1.jpeg?resize=350%2C200&ssl=1 1x, https:\/\/i0.wp.com\/www.hoymercedes.com.ar\/principal\/wp-content\/uploads\/2019\/05\/26-arte-terapia-1.jpeg?resize=525%2C300&ssl=1 1.5x, https:\/\/i0.wp.com\/www.hoymercedes.com.ar\/principal\/wp-content\/uploads\/2019\/05\/26-arte-terapia-1.jpeg?resize=700%2C400&ssl=1 2x"},"classes":[]},{"id":182528,"url":"https:\/\/www.hoymercedes.com.ar\/principal\/2025\/02\/13\/ninez-continuan-las-tareas-en-conjunto-entre-municipio-y-fundacion-navarro-viola\/","url_meta":{"origin":130218,"position":5},"title":"Ni\u00f1ez: contin\u00faan las tareas en conjunto entre Municipio y Fundaci\u00f3n Navarro Viola","author":"hoymercedes","date":"13 febrero, 2025","format":false,"excerpt":"Un nuevo encuentro con la Fundaci\u00f3n Navarro Viola se llev\u00f3 adelante por parte de los equipos de la Direcci\u00f3n de Ni\u00f1ez y Adolescencia en el marco del trabajo en conjunto que efect\u00faan en pos del cuidado de la primera infancia y la ni\u00f1ez. Adem\u00e1s, la reuni\u00f3n y capacitaci\u00f3n, tuvo como\u2026","rel":"","context":"En \u00abEducaci\u00f3n\u00bb","block_context":{"text":"Educaci\u00f3n","link":"https:\/\/www.hoymercedes.com.ar\/principal\/category\/educacion\/"},"img":{"alt_text":"Ni\u00f1ez: contin\u00faan las tareas en conjunto entre Municipio y Fundaci\u00f3n Navarro Viola","src":"https:\/\/i0.wp.com\/www.hoymercedes.com.ar\/principal\/wp-content\/uploads\/2025\/02\/NavarroViola.jpg?resize=350%2C200&ssl=1","width":350,"height":200,"srcset":"https:\/\/i0.wp.com\/www.hoymercedes.com.ar\/principal\/wp-content\/uploads\/2025\/02\/NavarroViola.jpg?resize=350%2C200&ssl=1 1x, https:\/\/i0.wp.com\/www.hoymercedes.com.ar\/principal\/wp-content\/uploads\/2025\/02\/NavarroViola.jpg?resize=525%2C300&ssl=1 1.5x, https:\/\/i0.wp.com\/www.hoymercedes.com.ar\/principal\/wp-content\/uploads\/2025\/02\/NavarroViola.jpg?resize=700%2C400&ssl=1 2x, https:\/\/i0.wp.com\/www.hoymercedes.com.ar\/principal\/wp-content\/uploads\/2025\/02\/NavarroViola.jpg?resize=1050%2C600&ssl=1 3x"},"classes":[]}],"_links":{"self":[{"href":"https:\/\/www.hoymercedes.com.ar\/principal\/wp-json\/wp\/v2\/posts\/130218","targetHints":{"allow":["GET"]}}],"collection":[{"href":"https:\/\/www.hoymercedes.com.ar\/principal\/wp-json\/wp\/v2\/posts"}],"about":[{"href":"https:\/\/www.hoymercedes.com.ar\/principal\/wp-json\/wp\/v2\/types\/post"}],"author":[{"embeddable":true,"href":"https:\/\/www.hoymercedes.com.ar\/principal\/wp-json\/wp\/v2\/users\/1"}],"replies":[{"embeddable":true,"href":"https:\/\/www.hoymercedes.com.ar\/principal\/wp-json\/wp\/v2\/comments?post=130218"}],"version-history":[{"count":0,"href":"https:\/\/www.hoymercedes.com.ar\/principal\/wp-json\/wp\/v2\/posts\/130218\/revisions"}],"wp:featuredmedia":[{"embeddable":true,"href":"https:\/\/www.hoymercedes.com.ar\/principal\/wp-json\/wp\/v2\/media\/130219"}],"wp:attachment":[{"href":"https:\/\/www.hoymercedes.com.ar\/principal\/wp-json\/wp\/v2\/media?parent=130218"}],"wp:term":[{"taxonomy":"category","embeddable":true,"href":"https:\/\/www.hoymercedes.com.ar\/principal\/wp-json\/wp\/v2\/categories?post=130218"},{"taxonomy":"post_tag","embeddable":true,"href":"https:\/\/www.hoymercedes.com.ar\/principal\/wp-json\/wp\/v2\/tags?post=130218"}],"curies":[{"name":"wp","href":"https:\/\/api.w.org\/{rel}","templated":true}]}}