{"id":130237,"date":"2021-05-17T18:04:00","date_gmt":"2021-05-17T21:04:00","guid":{"rendered":"https:\/\/www.hoymercedes.com.ar\/principal\/?p=130237"},"modified":"2021-05-20T19:47:44","modified_gmt":"2021-05-20T22:47:44","slug":"17-de-mayo-dia-mundial-del-reciclaje","status":"publish","type":"post","link":"https:\/\/www.hoymercedes.com.ar\/principal\/2021\/05\/17\/17-de-mayo-dia-mundial-del-reciclaje\/","title":{"rendered":"17 de mayo &#8211; D\u00eda Mundial del Reciclaje"},"content":{"rendered":"\n<p>Por SOS H\u00e1bitat &#8211; El d\u00eda 17 de mayo se celebra el D\u00eda Mundial del Reciclaje con el objetivo de concienciar a la sociedad acerca de la importancia que tiene tratar los desechos como corresponden, para no contribuir al cambio clim\u00e1tico, y as\u00ed proteger el ambiente.<\/p>\n\n\n\n<div class=\"wp-block-image\"><figure class=\"aligncenter size-large\"><img loading=\"lazy\" decoding=\"async\" width=\"580\" height=\"524\" data-attachment-id=\"130239\" data-permalink=\"https:\/\/www.hoymercedes.com.ar\/principal\/2021\/05\/17\/17-de-mayo-dia-mundial-del-reciclaje\/17-reciclaje2\/#main\" data-orig-file=\"https:\/\/www.hoymercedes.com.ar\/principal\/wp-content\/uploads\/2021\/05\/17-reciclaje2.jpg\" data-orig-size=\"580,524\" data-comments-opened=\"0\" data-image-meta=\"{&quot;aperture&quot;:&quot;0&quot;,&quot;credit&quot;:&quot;&quot;,&quot;camera&quot;:&quot;&quot;,&quot;caption&quot;:&quot;&quot;,&quot;created_timestamp&quot;:&quot;0&quot;,&quot;copyright&quot;:&quot;&quot;,&quot;focal_length&quot;:&quot;0&quot;,&quot;iso&quot;:&quot;0&quot;,&quot;shutter_speed&quot;:&quot;0&quot;,&quot;title&quot;:&quot;&quot;,&quot;orientation&quot;:&quot;0&quot;}\" data-image-title=\"17 reciclaje2\" data-image-description=\"\" data-image-caption=\"\" data-large-file=\"https:\/\/www.hoymercedes.com.ar\/principal\/wp-content\/uploads\/2021\/05\/17-reciclaje2.jpg\" src=\"https:\/\/www.hoymercedes.com.ar\/principal\/wp-content\/uploads\/2021\/05\/17-reciclaje2.jpg\" alt=\"\" class=\"wp-image-130239\" srcset=\"https:\/\/www.hoymercedes.com.ar\/principal\/wp-content\/uploads\/2021\/05\/17-reciclaje2.jpg 580w, https:\/\/www.hoymercedes.com.ar\/principal\/wp-content\/uploads\/2021\/05\/17-reciclaje2-150x136.jpg 150w\" sizes=\"auto, (max-width: 580px) 100vw, 580px\" \/><\/figure><\/div>\n\n\n\n<p><strong>\u00bfQu\u00e9 es el reciclaje?<\/strong><br>La palabra \u201creciclaje\u201d se entiende como el proceso por el cual una materia o producto ya utilizado, en principio destinado al deshecho, se somete a un tratamiento para obtener una materia prima o un nuevo producto. Es decir, un desecho que se vuelve a introducir en el ciclo de vida, lo cual permite hacer un mejor uso de los recursos naturales, reducir el impacto medioambiental de nuestros h\u00e1bitos de consumo e idear formas creativas de redise\u00f1ar nuestros objetos y darles nueva vida.<\/p>\n\n\n\n<p><strong>\u00bfCu\u00e1les son los beneficios del reciclaje?<\/strong><br>\u2013 Reducci\u00f3n del volumen de residuos, y por lo tanto de la contaminaci\u00f3n.<br>\u2013 Preservaci\u00f3n de los recursos naturales, pues la materia reciclada se reutiliza.<br>-Ahorro de energ\u00eda y por lo tanto reduce la dependencia del petr\u00f3leo, normalmente se necesita menos energ\u00eda para fabricar un producto de material reciclado que de material virgen.<br>\u2013 Reducci\u00f3n de la contaminaci\u00f3n del aire, suelo y agua.<br>\u2013 Reducci\u00f3n de costes asociados a la producci\u00f3n de nuevos bienes, ya que muchas veces el empleo de material reciclado supone un coste menor que el material virgen.<\/p>\n\n\n\n<div class=\"wp-block-image\"><figure class=\"aligncenter size-large\"><img loading=\"lazy\" decoding=\"async\" width=\"520\" height=\"616\" data-attachment-id=\"130238\" data-permalink=\"https:\/\/www.hoymercedes.com.ar\/principal\/2021\/05\/17\/17-de-mayo-dia-mundial-del-reciclaje\/17-reciclaje3\/#main\" data-orig-file=\"https:\/\/www.hoymercedes.com.ar\/principal\/wp-content\/uploads\/2021\/05\/17-reciclaje3.jpg\" data-orig-size=\"520,616\" data-comments-opened=\"0\" data-image-meta=\"{&quot;aperture&quot;:&quot;0&quot;,&quot;credit&quot;:&quot;&quot;,&quot;camera&quot;:&quot;&quot;,&quot;caption&quot;:&quot;&quot;,&quot;created_timestamp&quot;:&quot;0&quot;,&quot;copyright&quot;:&quot;&quot;,&quot;focal_length&quot;:&quot;0&quot;,&quot;iso&quot;:&quot;0&quot;,&quot;shutter_speed&quot;:&quot;0&quot;,&quot;title&quot;:&quot;&quot;,&quot;orientation&quot;:&quot;0&quot;}\" data-image-title=\"17 reciclaje3\" data-image-description=\"\" data-image-caption=\"\" data-large-file=\"https:\/\/www.hoymercedes.com.ar\/principal\/wp-content\/uploads\/2021\/05\/17-reciclaje3.jpg\" src=\"https:\/\/www.hoymercedes.com.ar\/principal\/wp-content\/uploads\/2021\/05\/17-reciclaje3.jpg\" alt=\"\" class=\"wp-image-130238\" srcset=\"https:\/\/www.hoymercedes.com.ar\/principal\/wp-content\/uploads\/2021\/05\/17-reciclaje3.jpg 520w, https:\/\/www.hoymercedes.com.ar\/principal\/wp-content\/uploads\/2021\/05\/17-reciclaje3-127x150.jpg 127w\" sizes=\"auto, (max-width: 520px) 100vw, 520px\" \/><\/figure><\/div>\n","protected":false},"excerpt":{"rendered":"<p>Por SOS H\u00e1bitat &#8211; El d\u00eda 17 de mayo se celebra el D\u00eda Mundial del Reciclaje con el objetivo de &#8230; <a title=\"17 de mayo &#8211; D\u00eda Mundial del Reciclaje\" class=\"read-more\" href=\"https:\/\/www.hoymercedes.com.ar\/principal\/2021\/05\/17\/17-de-mayo-dia-mundial-del-reciclaje\/\" aria-label=\"Leer m\u00e1s sobre 17 de mayo &#8211; D\u00eda Mundial del Reciclaje\">Leer m\u00e1s<\/a><\/p>\n","protected":false},"author":1,"featured_media":130240,"comment_status":"closed","ping_status":"open","sticky":false,"template":"","format":"standard","meta":{"_monsterinsights_skip_tracking":false,"_monsterinsights_sitenote_active":false,"_monsterinsights_sitenote_note":"","_monsterinsights_sitenote_category":0,"jetpack_post_was_ever_published":false,"_jetpack_newsletter_access":"","_jetpack_dont_email_post_to_subs":false,"_jetpack_newsletter_tier_id":0,"_jetpack_memberships_contains_paywalled_content":false,"_jetpack_memberships_contains_paid_content":false,"footnotes":"","jetpack_publicize_message":"","jetpack_publicize_feature_enabled":true,"jetpack_social_post_already_shared":true,"jetpack_social_options":{"image_generator_settings":{"template":"highway","default_image_id":0,"font":"","enabled":false},"version":2},"_wpas_customize_per_network":false},"categories":[8],"tags":[17792,13261,887],"class_list":["post-130237","post","type-post","status-publish","format-standard","has-post-thumbnail","hentry","category-sociedad","tag-efemerides","tag-reciclaje","tag-sos-habitat","generate-columns","tablet-grid-50","mobile-grid-100","grid-parent","grid-50"],"jetpack_publicize_connections":[],"jetpack_featured_media_url":"https:\/\/www.hoymercedes.com.ar\/principal\/wp-content\/uploads\/2021\/05\/17-reciclaje.jpg","wps_subtitle":"Efem\u00e9rides","jetpack_sharing_enabled":true,"jetpack-related-posts":[{"id":80830,"url":"https:\/\/www.hoymercedes.com.ar\/principal\/2018\/09\/10\/continua-el-reciclaje-de-neumaticos-en-el-plan-integral-de-cuidado-del-ambiente\/","url_meta":{"origin":130237,"position":0},"title":"Contin\u00faa el reciclaje de neum\u00e1ticos en el plan integral de cuidado del ambiente","author":"hoymercedes","date":"10 septiembre, 2018","format":false,"excerpt":"El Departamento de Ambiente de la Municipalidad de Mercedes contin\u00faa trabajando en el cuidado del medio y entre las diversas acciones se encuentra la recolecci\u00f3n de neum\u00e1ticos -autos y motocicletas- que son integrados a una cadena de reciclaje.\u00a0 Esta semana, cumpliendo con lo convenido en febrero de 2016, se transport\u00f3\u2026","rel":"","context":"En \u00abMunicipio\u00bb","block_context":{"text":"Municipio","link":"https:\/\/www.hoymercedes.com.ar\/principal\/category\/municipio\/"},"img":{"alt_text":"","src":"https:\/\/i0.wp.com\/www.hoymercedes.com.ar\/principal\/wp-content\/uploads\/2018\/09\/reciclaje-1.jpg?resize=350%2C200&ssl=1","width":350,"height":200,"srcset":"https:\/\/i0.wp.com\/www.hoymercedes.com.ar\/principal\/wp-content\/uploads\/2018\/09\/reciclaje-1.jpg?resize=350%2C200&ssl=1 1x, https:\/\/i0.wp.com\/www.hoymercedes.com.ar\/principal\/wp-content\/uploads\/2018\/09\/reciclaje-1.jpg?resize=525%2C300&ssl=1 1.5x, https:\/\/i0.wp.com\/www.hoymercedes.com.ar\/principal\/wp-content\/uploads\/2018\/09\/reciclaje-1.jpg?resize=700%2C400&ssl=1 2x, https:\/\/i0.wp.com\/www.hoymercedes.com.ar\/principal\/wp-content\/uploads\/2018\/09\/reciclaje-1.jpg?resize=1050%2C600&ssl=1 3x"},"classes":[]},{"id":86730,"url":"https:\/\/www.hoymercedes.com.ar\/principal\/2019\/01\/11\/formas-de-proteger-el-ambiente\/","url_meta":{"origin":130237,"position":1},"title":"Formas de proteger el ambiente","author":"hoymercedes","date":"11 enero, 2019","format":false,"excerpt":"Por Cristi\u00e1n Frers* - \u00a0La importancia del ambiente es hoy en d\u00eda innegable y esto tiene que ver con el abuso y el desgaste que el ser humano genera de manera cada vez m\u00e1s notoria sobre los complejos fen\u00f3menos naturales, provocando alteraciones al medio ambiente que afectan no s\u00f3lo a\u2026","rel":"","context":"En \u00abOpini\u00f3n\u00bb","block_context":{"text":"Opini\u00f3n","link":"https:\/\/www.hoymercedes.com.ar\/principal\/category\/opinion\/"},"img":{"alt_text":"","src":"https:\/\/i0.wp.com\/www.hoymercedes.com.ar\/principal\/wp-content\/uploads\/2018\/09\/03-medio-ambiente.jpg?resize=350%2C200&ssl=1","width":350,"height":200,"srcset":"https:\/\/i0.wp.com\/www.hoymercedes.com.ar\/principal\/wp-content\/uploads\/2018\/09\/03-medio-ambiente.jpg?resize=350%2C200&ssl=1 1x, https:\/\/i0.wp.com\/www.hoymercedes.com.ar\/principal\/wp-content\/uploads\/2018\/09\/03-medio-ambiente.jpg?resize=525%2C300&ssl=1 1.5x, https:\/\/i0.wp.com\/www.hoymercedes.com.ar\/principal\/wp-content\/uploads\/2018\/09\/03-medio-ambiente.jpg?resize=700%2C400&ssl=1 2x"},"classes":[]},{"id":39673,"url":"https:\/\/www.hoymercedes.com.ar\/principal\/2015\/02\/20\/integrantes-de-caidin-procesan-las-latas-de-espuma-para-reciclaje\/","url_meta":{"origin":130237,"position":2},"title":"Integrantes de CAIDIM procesan las latas de espuma para reciclaje","author":"hoymercedes","date":"20 febrero, 2015","format":false,"excerpt":"(MM) Como ya vienen realizando hace m\u00e1s de 10 a\u00f1os, el taller protegido CAIDIM realiza una ardua tarea al finalizar cada carnaval: separan las latas de espuma del corso de los pl\u00e1sticos y botellas y las venden para adquirir dinero para los insumos necesarios en su labor. \u201cHace muchos a\u00f1os\u2026","rel":"","context":"En \u00abSociedad\u00bb","block_context":{"text":"Sociedad","link":"https:\/\/www.hoymercedes.com.ar\/principal\/category\/sociedad\/"},"img":{"alt_text":"caidim","src":"https:\/\/i0.wp.com\/www.hoymercedes.com.ar\/principal\/wp-content\/uploads\/2015\/02\/caidim.jpg?resize=350%2C200","width":350,"height":200,"srcset":"https:\/\/i0.wp.com\/www.hoymercedes.com.ar\/principal\/wp-content\/uploads\/2015\/02\/caidim.jpg?resize=350%2C200 1x, https:\/\/i0.wp.com\/www.hoymercedes.com.ar\/principal\/wp-content\/uploads\/2015\/02\/caidim.jpg?resize=525%2C300 1.5x"},"classes":[]},{"id":54851,"url":"https:\/\/www.hoymercedes.com.ar\/principal\/2016\/09\/19\/bicicleteada-que-insta-a-limpiar-el-mundo\/","url_meta":{"origin":130237,"position":3},"title":"Bicicleteada que insta a \u00ablimpiar el mundo\u00bb","author":"hoymercedes","date":"19 septiembre, 2016","format":false,"excerpt":"A ra\u00edz de la campa\u00f1a \"A limpiar el mundo\", la Asociaci\u00f3n Civil S.O.S. H\u00e1bitat realizar\u00e1 una bicicleteada para el 24 de septiembre por la ciudad, intentando\u00a0\"dejar m\u00e1s limpio\" algunos sectores que recorran. La salida ser\u00e1 el s\u00e1bado, a la hora 15. Como punto de encuentro, la Asociaci\u00f3n Civil propone la\u2026","rel":"","context":"En \u00abSociedad\u00bb","block_context":{"text":"Sociedad","link":"https:\/\/www.hoymercedes.com.ar\/principal\/category\/sociedad\/"},"img":{"alt_text":"","src":"https:\/\/i0.wp.com\/www.hoymercedes.com.ar\/principal\/wp-content\/uploads\/2016\/09\/19-bicicleteadas.png?resize=350%2C200&ssl=1","width":350,"height":200},"classes":[]},{"id":90324,"url":"https:\/\/www.hoymercedes.com.ar\/principal\/2019\/03\/28\/nueva-recoleccion-de-aceite-comestible-para-su-reciclaje\/","url_meta":{"origin":130237,"position":4},"title":"Nueva recolecci\u00f3n de aceite comestible para su reciclaje","author":"hoymercedes","date":"28 marzo, 2019","format":false,"excerpt":"Nuevamente se llev\u00f3 a cabo la recolecci\u00f3n para su re utilizaci\u00f3n y cuidado del ambiente del aceite vegetal usado que el Municipio lleva adelante en nuestra ciudad a trav\u00e9s del convenio con la Empresa RBA ambiental. Esta semana se recolectaron 1500 litros de los distintos comercios adheridos. \u201cCabe destacar que\u2026","rel":"","context":"En \u00abMunicipio\u00bb","block_context":{"text":"Municipio","link":"https:\/\/www.hoymercedes.com.ar\/principal\/category\/municipio\/"},"img":{"alt_text":"","src":"https:\/\/i0.wp.com\/www.hoymercedes.com.ar\/principal\/wp-content\/uploads\/2019\/03\/28-RecoleccionAceite.jpeg?resize=350%2C200&ssl=1","width":350,"height":200,"srcset":"https:\/\/i0.wp.com\/www.hoymercedes.com.ar\/principal\/wp-content\/uploads\/2019\/03\/28-RecoleccionAceite.jpeg?resize=350%2C200&ssl=1 1x, https:\/\/i0.wp.com\/www.hoymercedes.com.ar\/principal\/wp-content\/uploads\/2019\/03\/28-RecoleccionAceite.jpeg?resize=525%2C300&ssl=1 1.5x, https:\/\/i0.wp.com\/www.hoymercedes.com.ar\/principal\/wp-content\/uploads\/2019\/03\/28-RecoleccionAceite.jpeg?resize=700%2C400&ssl=1 2x"},"classes":[]},{"id":50697,"url":"https:\/\/www.hoymercedes.com.ar\/principal\/2016\/06\/01\/dia-del-ambiente-en-la-plaza-san-luis\/","url_meta":{"origin":130237,"position":5},"title":"D\u00eda del Ambiente en la Plaza San Luis","author":"hoymercedes","date":"1 junio, 2016","format":false,"excerpt":"Organizado por la Asociaci\u00f3n Civil S.O.S. H\u00e1bitat, el venidero 5 de junio, D\u00eda del Ambiente, realizar\u00e1n en la Plaza Rivadavia (Plaza San Luis) un evento en donde el reciclaje, las artesan\u00edas, la m\u00fasica y el cuidado del medio ambiente se unen para celebrar su d\u00eda. Desde la hora 14, y\u2026","rel":"","context":"En \u00abCiudad\u00bb","block_context":{"text":"Ciudad","link":"https:\/\/www.hoymercedes.com.ar\/principal\/category\/ciudad\/"},"img":{"alt_text":"","src":"","width":0,"height":0},"classes":[]}],"_links":{"self":[{"href":"https:\/\/www.hoymercedes.com.ar\/principal\/wp-json\/wp\/v2\/posts\/130237","targetHints":{"allow":["GET"]}}],"collection":[{"href":"https:\/\/www.hoymercedes.com.ar\/principal\/wp-json\/wp\/v2\/posts"}],"about":[{"href":"https:\/\/www.hoymercedes.com.ar\/principal\/wp-json\/wp\/v2\/types\/post"}],"author":[{"embeddable":true,"href":"https:\/\/www.hoymercedes.com.ar\/principal\/wp-json\/wp\/v2\/users\/1"}],"replies":[{"embeddable":true,"href":"https:\/\/www.hoymercedes.com.ar\/principal\/wp-json\/wp\/v2\/comments?post=130237"}],"version-history":[{"count":0,"href":"https:\/\/www.hoymercedes.com.ar\/principal\/wp-json\/wp\/v2\/posts\/130237\/revisions"}],"wp:featuredmedia":[{"embeddable":true,"href":"https:\/\/www.hoymercedes.com.ar\/principal\/wp-json\/wp\/v2\/media\/130240"}],"wp:attachment":[{"href":"https:\/\/www.hoymercedes.com.ar\/principal\/wp-json\/wp\/v2\/media?parent=130237"}],"wp:term":[{"taxonomy":"category","embeddable":true,"href":"https:\/\/www.hoymercedes.com.ar\/principal\/wp-json\/wp\/v2\/categories?post=130237"},{"taxonomy":"post_tag","embeddable":true,"href":"https:\/\/www.hoymercedes.com.ar\/principal\/wp-json\/wp\/v2\/tags?post=130237"}],"curies":[{"name":"wp","href":"https:\/\/api.w.org\/{rel}","templated":true}]}}