{"id":130260,"date":"2021-05-17T22:30:00","date_gmt":"2021-05-18T01:30:00","guid":{"rendered":"https:\/\/www.hoymercedes.com.ar\/principal\/?p=130260"},"modified":"2021-05-20T19:46:34","modified_gmt":"2021-05-20T22:46:34","slug":"arroyo-y-katopodis-estaran-presentes-en-mercedes","status":"publish","type":"post","link":"https:\/\/www.hoymercedes.com.ar\/principal\/2021\/05\/17\/arroyo-y-katopodis-estaran-presentes-en-mercedes\/","title":{"rendered":"Arroyo y Katopodis estar\u00e1n presentes en Mercedes"},"content":{"rendered":"\n<p><strong><em>Los ministros recorrer\u00e1n distintas obras\u00a0en la\u00a0ciudad\u00a0\u00a0y visitar\u00e1n las localidades de\u00a0Gowland\u00a0y Agote.\u00a0Se entregar\u00e1n 25 computadoras\u00a0para el\u00a0C.I.C.\u00a0destinadas a los chicos y chicas del barrio, garantizando el acceso a la tecnolog\u00eda. Tambi\u00e9n se espera que tengan un contacto con los medios locales en horas de la tarde.\u00a0<\/em><\/strong><\/p>\n\n\n\n<div class=\"wp-block-image\"><figure class=\"aligncenter size-large\"><img loading=\"lazy\" decoding=\"async\" width=\"800\" height=\"533\" data-attachment-id=\"130273\" data-permalink=\"https:\/\/www.hoymercedes.com.ar\/principal\/2021\/05\/17\/arroyo-y-katopodis-estaran-presentes-en-mercedes\/whatsapp-image-2021-05-17-at-20-01-39\/#main\" data-orig-file=\"https:\/\/www.hoymercedes.com.ar\/principal\/wp-content\/uploads\/2021\/05\/WhatsApp-Image-2021-05-17-at-20.01.39.jpeg\" data-orig-size=\"800,533\" data-comments-opened=\"0\" data-image-meta=\"{&quot;aperture&quot;:&quot;0&quot;,&quot;credit&quot;:&quot;&quot;,&quot;camera&quot;:&quot;&quot;,&quot;caption&quot;:&quot;&quot;,&quot;created_timestamp&quot;:&quot;0&quot;,&quot;copyright&quot;:&quot;&quot;,&quot;focal_length&quot;:&quot;0&quot;,&quot;iso&quot;:&quot;0&quot;,&quot;shutter_speed&quot;:&quot;0&quot;,&quot;title&quot;:&quot;&quot;,&quot;orientation&quot;:&quot;0&quot;}\" data-image-title=\"Arroyo archivo\" data-image-description=\"\" data-image-caption=\"\" data-large-file=\"https:\/\/www.hoymercedes.com.ar\/principal\/wp-content\/uploads\/2021\/05\/WhatsApp-Image-2021-05-17-at-20.01.39.jpeg\" src=\"https:\/\/www.hoymercedes.com.ar\/principal\/wp-content\/uploads\/2021\/05\/WhatsApp-Image-2021-05-17-at-20.01.39.jpeg\" alt=\"\" class=\"wp-image-130273\" srcset=\"https:\/\/www.hoymercedes.com.ar\/principal\/wp-content\/uploads\/2021\/05\/WhatsApp-Image-2021-05-17-at-20.01.39.jpeg 800w, https:\/\/www.hoymercedes.com.ar\/principal\/wp-content\/uploads\/2021\/05\/WhatsApp-Image-2021-05-17-at-20.01.39-630x420.jpeg 630w, https:\/\/www.hoymercedes.com.ar\/principal\/wp-content\/uploads\/2021\/05\/WhatsApp-Image-2021-05-17-at-20.01.39-150x100.jpeg 150w, https:\/\/www.hoymercedes.com.ar\/principal\/wp-content\/uploads\/2021\/05\/WhatsApp-Image-2021-05-17-at-20.01.39-700x465.jpeg 700w\" sizes=\"auto, (max-width: 800px) 100vw, 800px\" \/><figcaption>Foto de Archivo. Visita previa del Ministro Arroyo<\/figcaption><\/figure><\/div>\n\n\n\n<p>Este&nbsp;martes&nbsp;desde&nbsp;el mediod\u00eda,&nbsp;el&nbsp;ministro de Desarrollo Social de la Naci\u00f3n&nbsp;Daniel Arroyo&nbsp;junto al ministro de Obras P\u00fablicas Gabriel&nbsp;Katopodis&nbsp;visitar\u00e1n&nbsp;nuestra ciudad y realizar\u00e1n una recorrida por las distintas obras que se est\u00e1n llevando a cabo&nbsp;para&nbsp;conocer de cerca los proyectos que se ejecutan en conjunto con el municipio.&nbsp;&nbsp;<\/p>\n\n\n\n<p>La agenda de los ministros&nbsp;tendr\u00e1 en principio&nbsp;la&nbsp;visita a las localidades de&nbsp;Gowland&nbsp;y Agote donde&nbsp;se llevan adelante diferentes trabajos a cargo de&nbsp;la cuadrilla mixta de mujeres y varones, tanto en las&nbsp;veredas&nbsp;como&nbsp;en la plaza de la localidad. Esta es&nbsp;una obra financiada por la Subsecretar\u00eda de Integraci\u00f3n Socio Urbano dependiente del ministerio&nbsp;de Desarrollo Social, donde se invertir\u00e1n m\u00e1s de 15 millones de pesos en mejorar el barrio&nbsp;ReNaBap&nbsp;emplazado entre las v\u00edas.&nbsp;<\/p>\n\n\n\n<p>Luego, se har\u00e1 entrega de 25 computadoras, cinco impresoras, sumado a parlantes, pantallas y un proyector para modernizar el&nbsp;C.I.C.,&nbsp;que&nbsp;forma parte de un proyecto entre el ministerio&nbsp;que conduce Arroyo&nbsp;y el municipio de Mercedes. \u201cEsto permitir\u00eda que todos los chicos y chicas de la zona puedan ir a hacer la tarea, buscar informaci\u00f3n imprimirla, y que tengan acceso a la tecnolog\u00eda\u201d explic\u00f3 Jorgelina Silva, secretar\u00eda de Desarrollo de la Comunidad.&nbsp;<\/p>\n\n\n\n<p>Por parte de las obras que implican el&nbsp;acompa\u00f1amiento del ministerio de&nbsp;Obras P\u00fablicas&nbsp;que dirige&nbsp;Katopodis, se har\u00e1 una recorrida&nbsp;tanto por la obra de 61 y 16 y luego har\u00e1n una visita a las tareas de construcci\u00f3n del Hospital Odontol\u00f3gico sobre avenida 29.&nbsp;<\/p>\n\n\n\n<p>Adem\u00e1s, se espera que tengan un breve contacto con los medios locales el cual se buscar\u00e1 que se realice al aire libre y con el distanciamiento social adecuado, acorde a la situaci\u00f3n epidemiol\u00f3gica de la ciudad.\u00a0<\/p>\n\n\n\n<p>Colaboraci\u00f3n: Mariano Oyarz\u00fa<\/p>\n","protected":false},"excerpt":{"rendered":"<p>Los ministros recorrer\u00e1n distintas obras\u00a0en la\u00a0ciudad\u00a0\u00a0y visitar\u00e1n las localidades de\u00a0Gowland\u00a0y Agote.\u00a0Se entregar\u00e1n 25 computadoras\u00a0para el\u00a0C.I.C.\u00a0destinadas a los chicos y chicas &#8230; <a title=\"Arroyo y Katopodis estar\u00e1n presentes en Mercedes\" class=\"read-more\" href=\"https:\/\/www.hoymercedes.com.ar\/principal\/2021\/05\/17\/arroyo-y-katopodis-estaran-presentes-en-mercedes\/\" aria-label=\"Leer m\u00e1s sobre Arroyo y Katopodis estar\u00e1n presentes en Mercedes\">Leer m\u00e1s<\/a><\/p>\n","protected":false},"author":1,"featured_media":130273,"comment_status":"closed","ping_status":"open","sticky":false,"template":"","format":"standard","meta":{"_monsterinsights_skip_tracking":false,"_monsterinsights_sitenote_active":false,"_monsterinsights_sitenote_note":"","_monsterinsights_sitenote_category":0,"jetpack_post_was_ever_published":false,"_jetpack_newsletter_access":"","_jetpack_dont_email_post_to_subs":false,"_jetpack_newsletter_tier_id":0,"_jetpack_memberships_contains_paywalled_content":false,"_jetpack_memberships_contains_paid_content":false,"footnotes":"","jetpack_publicize_message":"","jetpack_publicize_feature_enabled":true,"jetpack_social_post_already_shared":true,"jetpack_social_options":{"image_generator_settings":{"template":"highway","default_image_id":0,"font":"","enabled":false},"version":2},"_wpas_customize_per_network":false},"categories":[30],"tags":[9925,244,16331],"class_list":["post-130260","post","type-post","status-publish","format-standard","has-post-thumbnail","hentry","category-municipio","tag-ministros","tag-municipio-2","tag-visitas","generate-columns","tablet-grid-50","mobile-grid-100","grid-parent","grid-50"],"jetpack_publicize_connections":[],"jetpack_featured_media_url":"https:\/\/www.hoymercedes.com.ar\/principal\/wp-content\/uploads\/2021\/05\/WhatsApp-Image-2021-05-17-at-20.01.39.jpeg","wps_subtitle":"Visita ministerial","jetpack_sharing_enabled":true,"jetpack-related-posts":[{"id":130320,"url":"https:\/\/www.hoymercedes.com.ar\/principal\/2021\/05\/18\/ministros-recorrieron-obras-en-mercedes\/","url_meta":{"origin":130260,"position":0},"title":"Ministros recorrieron obras en Mercedes","author":"hoymercedes","date":"18 mayo, 2021","format":false,"excerpt":"Promediando la ma\u00f1ana de este martes y hasta las primeras horas de la tarde, estuvieron en Mercedes cuatro ministros - tres nacionales y uno provincial - visitaron las obras p\u00fablicas en la zona rural y en la ciudad. Se trata de los Ministros Nacionales, Arroyo, Katopodis y De Pedro y\u2026","rel":"","context":"En \u00abMunicipio\u00bb","block_context":{"text":"Municipio","link":"https:\/\/www.hoymercedes.com.ar\/principal\/category\/municipio\/"},"img":{"alt_text":"","src":"https:\/\/i0.wp.com\/www.hoymercedes.com.ar\/principal\/wp-content\/uploads\/2021\/05\/18-visita-ministros-1.jpeg?resize=350%2C200&ssl=1","width":350,"height":200,"srcset":"https:\/\/i0.wp.com\/www.hoymercedes.com.ar\/principal\/wp-content\/uploads\/2021\/05\/18-visita-ministros-1.jpeg?resize=350%2C200&ssl=1 1x, https:\/\/i0.wp.com\/www.hoymercedes.com.ar\/principal\/wp-content\/uploads\/2021\/05\/18-visita-ministros-1.jpeg?resize=525%2C300&ssl=1 1.5x, https:\/\/i0.wp.com\/www.hoymercedes.com.ar\/principal\/wp-content\/uploads\/2021\/05\/18-visita-ministros-1.jpeg?resize=700%2C400&ssl=1 2x"},"classes":[]},{"id":152772,"url":"https:\/\/www.hoymercedes.com.ar\/principal\/2022\/09\/09\/ustarroz-se-reunio-con-ministro-de-obras-de-nacion\/","url_meta":{"origin":130260,"position":1},"title":"Ustarroz se reuni\u00f3 con Ministro de Obras de Naci\u00f3n","author":"hoymercedes","date":"9 septiembre, 2022","format":false,"excerpt":"Desde el Municipio de Mercedes se inform\u00f3 que el Jefe Comunal Juan Ignacio Ustarroz se reuni\u00f3 con el Ministro de obras de la Naci\u00f3n, Gabriel Katopodis en la sede ministerial.","rel":"","context":"En \u00abSociedad\u00bb","block_context":{"text":"Sociedad","link":"https:\/\/www.hoymercedes.com.ar\/principal\/category\/sociedad\/"},"img":{"alt_text":"","src":"https:\/\/i0.wp.com\/www.hoymercedes.com.ar\/principal\/wp-content\/uploads\/2022\/09\/Katopidos-Ustarroz.jpeg?resize=350%2C200&ssl=1","width":350,"height":200,"srcset":"https:\/\/i0.wp.com\/www.hoymercedes.com.ar\/principal\/wp-content\/uploads\/2022\/09\/Katopidos-Ustarroz.jpeg?resize=350%2C200&ssl=1 1x, https:\/\/i0.wp.com\/www.hoymercedes.com.ar\/principal\/wp-content\/uploads\/2022\/09\/Katopidos-Ustarroz.jpeg?resize=525%2C300&ssl=1 1.5x, https:\/\/i0.wp.com\/www.hoymercedes.com.ar\/principal\/wp-content\/uploads\/2022\/09\/Katopidos-Ustarroz.jpeg?resize=700%2C400&ssl=1 2x"},"classes":[]},{"id":194690,"url":"https:\/\/www.hoymercedes.com.ar\/principal\/2026\/04\/15\/ustarroz-recibio-a-katopodis-y-recorrieron-obras-y-gestion-por-la-ciudad\/","url_meta":{"origin":130260,"position":2},"title":"Ustarroz recibi\u00f3 a Katopodis y recorrieron obras y gesti\u00f3n por la ciudad","author":"hoymercedes","date":"15 abril, 2026","format":false,"excerpt":"El intendente Juani Ustarroz recibi\u00f3 al ministro de la provincia, Gabriel Katopodis, con quien mantuvo primero una reuni\u00f3n de trabajo y planificaci\u00f3n con equipos t\u00e9cnicos, para luego recorrer la ampliaci\u00f3n hist\u00f3rica de la Planta Depuradora. \u201cEstamos muy agradecidos al ministro, al gobernador Kicillof, por seguir apoyando a nuestra comunidad\u201d manifest\u00f3\u2026","rel":"","context":"En \u00abMunicipio\u00bb","block_context":{"text":"Municipio","link":"https:\/\/www.hoymercedes.com.ar\/principal\/category\/municipio\/"},"img":{"alt_text":"Ustarroz recibi\u00f3 a Katopodis y recorrieron obras y gesti\u00f3n por la ciudad","src":"https:\/\/i0.wp.com\/www.hoymercedes.com.ar\/principal\/wp-content\/uploads\/2026\/04\/Ustarroz-Katopodis-III.jpg?resize=350%2C200&ssl=1","width":350,"height":200,"srcset":"https:\/\/i0.wp.com\/www.hoymercedes.com.ar\/principal\/wp-content\/uploads\/2026\/04\/Ustarroz-Katopodis-III.jpg?resize=350%2C200&ssl=1 1x, https:\/\/i0.wp.com\/www.hoymercedes.com.ar\/principal\/wp-content\/uploads\/2026\/04\/Ustarroz-Katopodis-III.jpg?resize=525%2C300&ssl=1 1.5x, https:\/\/i0.wp.com\/www.hoymercedes.com.ar\/principal\/wp-content\/uploads\/2026\/04\/Ustarroz-Katopodis-III.jpg?resize=700%2C400&ssl=1 2x, https:\/\/i0.wp.com\/www.hoymercedes.com.ar\/principal\/wp-content\/uploads\/2026\/04\/Ustarroz-Katopodis-III.jpg?resize=1050%2C600&ssl=1 3x"},"classes":[]},{"id":122865,"url":"https:\/\/www.hoymercedes.com.ar\/principal\/2021\/01\/05\/anunciaron-obras-cloacales-para-mercedes\/","url_meta":{"origin":130260,"position":3},"title":"Anunciaron obras cloacales para Mercedes","author":"hoymercedes","date":"5 enero, 2021","format":false,"excerpt":"El intendente Juan I. Ustarroz particip\u00f3 de una teleconferencia con el presidente Alberto Fern\u00e1ndez, el ministro Gabriel Katopodis, ministros e intendentes de distintos puntos del pa\u00eds por anuncio de obras alrededor de la Argentina. En Mercedes ser\u00e1 para el inminente inicio de la obra cloacal por m\u00e1s de 70 millones\u2026","rel":"","context":"En \u00abMunicipio\u00bb","block_context":{"text":"Municipio","link":"https:\/\/www.hoymercedes.com.ar\/principal\/category\/municipio\/"},"img":{"alt_text":"","src":"https:\/\/i0.wp.com\/www.hoymercedes.com.ar\/principal\/wp-content\/uploads\/2021\/01\/05-muni-infraestr-1.jpg?resize=350%2C200&ssl=1","width":350,"height":200,"srcset":"https:\/\/i0.wp.com\/www.hoymercedes.com.ar\/principal\/wp-content\/uploads\/2021\/01\/05-muni-infraestr-1.jpg?resize=350%2C200&ssl=1 1x, https:\/\/i0.wp.com\/www.hoymercedes.com.ar\/principal\/wp-content\/uploads\/2021\/01\/05-muni-infraestr-1.jpg?resize=525%2C300&ssl=1 1.5x, https:\/\/i0.wp.com\/www.hoymercedes.com.ar\/principal\/wp-content\/uploads\/2021\/01\/05-muni-infraestr-1.jpg?resize=700%2C400&ssl=1 2x"},"classes":[]},{"id":178346,"url":"https:\/\/www.hoymercedes.com.ar\/principal\/2024\/08\/29\/encuentro-entre-katopodis-ustarroz-y-boto-por-obras-del-rio-lujan\/","url_meta":{"origin":130260,"position":4},"title":"Encuentro entre Katopodis, Ustarroz y Boto por obras del R\u00edo Luj\u00e1n","author":"hoymercedes","date":"29 agosto, 2024","format":false,"excerpt":"El intendente Ustarroz se reuni\u00f3 con el ministro Katopodis y el intendente Boto en Luj\u00e1n para efectuar un encuentro de trabajo en relaci\u00f3n a la Cuenca del R\u00edo Luj\u00e1n. La reuni\u00f3n fue en la vecina ciudad. En sus redes sociales el ministro Katopodis expres\u00f3 que \u201cla obra hidr\u00e1ulica de la\u2026","rel":"","context":"En \u00abProvincia\u00bb","block_context":{"text":"Provincia","link":"https:\/\/www.hoymercedes.com.ar\/principal\/category\/provincia\/"},"img":{"alt_text":"Obras en la cuenca del R\u00edo Luj\u00e1n","src":"https:\/\/i0.wp.com\/www.hoymercedes.com.ar\/principal\/wp-content\/uploads\/2024\/08\/Comilu-1.jpg?resize=350%2C200&ssl=1","width":350,"height":200,"srcset":"https:\/\/i0.wp.com\/www.hoymercedes.com.ar\/principal\/wp-content\/uploads\/2024\/08\/Comilu-1.jpg?resize=350%2C200&ssl=1 1x, https:\/\/i0.wp.com\/www.hoymercedes.com.ar\/principal\/wp-content\/uploads\/2024\/08\/Comilu-1.jpg?resize=525%2C300&ssl=1 1.5x, https:\/\/i0.wp.com\/www.hoymercedes.com.ar\/principal\/wp-content\/uploads\/2024\/08\/Comilu-1.jpg?resize=700%2C400&ssl=1 2x, https:\/\/i0.wp.com\/www.hoymercedes.com.ar\/principal\/wp-content\/uploads\/2024\/08\/Comilu-1.jpg?resize=1050%2C600&ssl=1 3x, https:\/\/i0.wp.com\/www.hoymercedes.com.ar\/principal\/wp-content\/uploads\/2024\/08\/Comilu-1.jpg?resize=1400%2C800&ssl=1 4x"},"classes":[]},{"id":113081,"url":"https:\/\/www.hoymercedes.com.ar\/principal\/2020\/07\/03\/municipio-firma-convenio-con-infraestructura-nacional\/","url_meta":{"origin":130260,"position":5},"title":"Municipio firma convenio con infraestructura nacional","author":"hoymercedes","date":"3 julio, 2020","format":false,"excerpt":"Fuente: Prensa Municipal - El intendente Juan Ignacio Ustarroz concret\u00f3 este jueves, en el palacio Municipal, la firma de un importante convenio con el Ministro de Infraestructura, Gabriel Katopodis. El mismo conllevar\u00e1 la realizaci\u00f3n de obras para el mejoramiento de la presi\u00f3n de agua, como as\u00ed tambi\u00e9n, en la red\u2026","rel":"","context":"En \u00abMunicipio\u00bb","block_context":{"text":"Municipio","link":"https:\/\/www.hoymercedes.com.ar\/principal\/category\/municipio\/"},"img":{"alt_text":"","src":"https:\/\/i0.wp.com\/www.hoymercedes.com.ar\/principal\/wp-content\/uploads\/2020\/07\/03-Ustarroz-KatopodisSJA_9921.jpg?resize=350%2C200&ssl=1","width":350,"height":200,"srcset":"https:\/\/i0.wp.com\/www.hoymercedes.com.ar\/principal\/wp-content\/uploads\/2020\/07\/03-Ustarroz-KatopodisSJA_9921.jpg?resize=350%2C200&ssl=1 1x, https:\/\/i0.wp.com\/www.hoymercedes.com.ar\/principal\/wp-content\/uploads\/2020\/07\/03-Ustarroz-KatopodisSJA_9921.jpg?resize=525%2C300&ssl=1 1.5x, https:\/\/i0.wp.com\/www.hoymercedes.com.ar\/principal\/wp-content\/uploads\/2020\/07\/03-Ustarroz-KatopodisSJA_9921.jpg?resize=700%2C400&ssl=1 2x"},"classes":[]}],"_links":{"self":[{"href":"https:\/\/www.hoymercedes.com.ar\/principal\/wp-json\/wp\/v2\/posts\/130260","targetHints":{"allow":["GET"]}}],"collection":[{"href":"https:\/\/www.hoymercedes.com.ar\/principal\/wp-json\/wp\/v2\/posts"}],"about":[{"href":"https:\/\/www.hoymercedes.com.ar\/principal\/wp-json\/wp\/v2\/types\/post"}],"author":[{"embeddable":true,"href":"https:\/\/www.hoymercedes.com.ar\/principal\/wp-json\/wp\/v2\/users\/1"}],"replies":[{"embeddable":true,"href":"https:\/\/www.hoymercedes.com.ar\/principal\/wp-json\/wp\/v2\/comments?post=130260"}],"version-history":[{"count":0,"href":"https:\/\/www.hoymercedes.com.ar\/principal\/wp-json\/wp\/v2\/posts\/130260\/revisions"}],"wp:featuredmedia":[{"embeddable":true,"href":"https:\/\/www.hoymercedes.com.ar\/principal\/wp-json\/wp\/v2\/media\/130273"}],"wp:attachment":[{"href":"https:\/\/www.hoymercedes.com.ar\/principal\/wp-json\/wp\/v2\/media?parent=130260"}],"wp:term":[{"taxonomy":"category","embeddable":true,"href":"https:\/\/www.hoymercedes.com.ar\/principal\/wp-json\/wp\/v2\/categories?post=130260"},{"taxonomy":"post_tag","embeddable":true,"href":"https:\/\/www.hoymercedes.com.ar\/principal\/wp-json\/wp\/v2\/tags?post=130260"}],"curies":[{"name":"wp","href":"https:\/\/api.w.org\/{rel}","templated":true}]}}