{"id":130291,"date":"2021-05-18T12:43:00","date_gmt":"2021-05-18T15:43:00","guid":{"rendered":"https:\/\/www.hoymercedes.com.ar\/principal\/?p=130291"},"modified":"2021-05-20T19:44:52","modified_gmt":"2021-05-20T22:44:52","slug":"racing-goleo-con-dos-mercedinas-en-cancha","status":"publish","type":"post","link":"https:\/\/www.hoymercedes.com.ar\/principal\/2021\/05\/18\/racing-goleo-con-dos-mercedinas-en-cancha\/","title":{"rendered":"Racing gole\u00f3 con dos mercedinas en cancha"},"content":{"rendered":"\n<p><strong><em>Las de Avellaneda marcaron 7 goles ante el Porvenir por la fecha siete del torneo Apertura. Micaela Adorno fue parte de la partida, mientras que Nazarena Viola ingres\u00f3 a los 25 del complemento d\u00e1ndose su debut en la primera divisi\u00f3n \u201cblanquiceleste\u201d.\u00a0<\/em><\/strong><\/p>\n\n\n\n<div class=\"wp-block-image\"><figure class=\"aligncenter size-large\"><img loading=\"lazy\" decoding=\"async\" width=\"812\" height=\"651\" data-attachment-id=\"130292\" data-permalink=\"https:\/\/www.hoymercedes.com.ar\/principal\/2021\/05\/18\/racing-goleo-con-dos-mercedinas-en-cancha\/whatsapp-image-2021-05-17-at-19-48-23-1\/#main\" data-orig-file=\"https:\/\/www.hoymercedes.com.ar\/principal\/wp-content\/uploads\/2021\/05\/WhatsApp-Image-2021-05-17-at-19.48.23-1.jpeg\" data-orig-size=\"812,651\" data-comments-opened=\"0\" data-image-meta=\"{&quot;aperture&quot;:&quot;0&quot;,&quot;credit&quot;:&quot;&quot;,&quot;camera&quot;:&quot;&quot;,&quot;caption&quot;:&quot;&quot;,&quot;created_timestamp&quot;:&quot;0&quot;,&quot;copyright&quot;:&quot;&quot;,&quot;focal_length&quot;:&quot;0&quot;,&quot;iso&quot;:&quot;0&quot;,&quot;shutter_speed&quot;:&quot;0&quot;,&quot;title&quot;:&quot;&quot;,&quot;orientation&quot;:&quot;0&quot;}\" data-image-title=\"WhatsApp Image 2021-05-17 at 19.48.23 (1)\" data-image-description=\"\" data-image-caption=\"&lt;p&gt;Nazarena Viola debut\u00f3 en la primera divisi\u00f3n de Racing Club &lt;\/p&gt;\n\" data-large-file=\"https:\/\/www.hoymercedes.com.ar\/principal\/wp-content\/uploads\/2021\/05\/WhatsApp-Image-2021-05-17-at-19.48.23-1.jpeg\" src=\"https:\/\/www.hoymercedes.com.ar\/principal\/wp-content\/uploads\/2021\/05\/WhatsApp-Image-2021-05-17-at-19.48.23-1.jpeg\" alt=\"\" class=\"wp-image-130292\" srcset=\"https:\/\/www.hoymercedes.com.ar\/principal\/wp-content\/uploads\/2021\/05\/WhatsApp-Image-2021-05-17-at-19.48.23-1.jpeg 812w, https:\/\/www.hoymercedes.com.ar\/principal\/wp-content\/uploads\/2021\/05\/WhatsApp-Image-2021-05-17-at-19.48.23-1-630x505.jpeg 630w, https:\/\/www.hoymercedes.com.ar\/principal\/wp-content\/uploads\/2021\/05\/WhatsApp-Image-2021-05-17-at-19.48.23-1-150x120.jpeg 150w\" sizes=\"auto, (max-width: 812px) 100vw, 812px\" \/><figcaption>Nazarena Viola debut\u00f3 en la primera divisi\u00f3n de Racing Club <\/figcaption><\/figure><\/div>\n\n\n\n<p>En la ma\u00f1ana del domingo en la localidad de&nbsp;Gerli, la primera divisi\u00f3n del futbol femenino de Racing Club enfrent\u00f3 a El Provenir por la fecha siete del torneo Apertura.&nbsp;<\/p>\n\n\n\n<p>Este cotejo cont\u00f3 con la particularidad tanto que la&nbsp;mercedina&nbsp;Micaela Adorno formaba parte del once inicial, mientras que su coterr\u00e1nea Nazarena Viola aguantaba en al banco de suplentes siendo la primera vez que formaba parte de la convocatoria.&nbsp;&nbsp;&nbsp;<\/p>\n\n\n\n<p>El conjunto de avellaneda ven\u00eda de caer ante&nbsp;Lan\u00fas&nbsp;y, a poco del cierre de la Zona A, necesitaba sumar de a tres para no quedar demasiado lejos de la zona de clasificaci\u00f3n para la siguiente ronda.&nbsp;<\/p>\n\n\n\n<p>Con plena concentraci\u00f3n, sin fisuras en el compromiso general y con aportes individuales&nbsp;capaces de generar desequilibrio,&nbsp;Racing gole\u00f3 7-1 a El Porvenir, la mayor sorpresa entre los equipos de Primera, y dio un paso para encaminarse hacia los&nbsp;cuartos de final del&nbsp;certamen.&nbsp;<\/p>\n\n\n\n<p>En dicho encuentro, Micaela Adorno estuvo desde el inicio hasta los 32 de la segunda mitad donde fue reemplazada por&nbsp;Milagros&nbsp;Menna, mientras que a los 25 minutos del complemento, se dio el debut de la otra&nbsp;mercedina&nbsp;Nazarena Viola en la primera divisi\u00f3n de la Academia.&nbsp;<\/p>\n\n\n\n<p>En siete fechas, Racing marcha en quinto lugar en la Zona A, con 8 puntos (6PJ: 2 PG, 2 PE y 2 PP) y una diferencia de gol de +9. En las dos \u00faltimas jornadas de esta primera fase le tocar\u00e1 con Gimnasia y San Lorenzo.&nbsp;<\/p>\n\n\n\n<p>Goles: PT 9m G\u00f3mez (R) y 24m Acu\u00f1a (EP). ST: 9m\u00a0Oszczyck\u00a0(R), 13m\u00a0Fagiano\u00a0(R), 16\u00a0mBueno\u00a0(R), 19m\u00a0Curril\u00a0(R), 29m\u00a0D\u2019Ambrosio\u00a0(R) y 30m Bueno (R).\u00a0<\/p>\n\n\n\n<p>Colaboraci\u00f3n: Mariano Oyarz\u00fa<\/p>\n","protected":false},"excerpt":{"rendered":"<p>Las de Avellaneda marcaron 7 goles ante el Porvenir por la fecha siete del torneo Apertura. Micaela Adorno fue parte &#8230; <a title=\"Racing gole\u00f3 con dos mercedinas en cancha\" class=\"read-more\" href=\"https:\/\/www.hoymercedes.com.ar\/principal\/2021\/05\/18\/racing-goleo-con-dos-mercedinas-en-cancha\/\" aria-label=\"Leer m\u00e1s sobre Racing gole\u00f3 con dos mercedinas en cancha\">Leer m\u00e1s<\/a><\/p>\n","protected":false},"author":1,"featured_media":130292,"comment_status":"closed","ping_status":"open","sticky":false,"template":"","format":"standard","meta":{"_monsterinsights_skip_tracking":false,"_monsterinsights_sitenote_active":false,"_monsterinsights_sitenote_note":"","_monsterinsights_sitenote_category":0,"jetpack_post_was_ever_published":false,"_jetpack_newsletter_access":"","_jetpack_dont_email_post_to_subs":false,"_jetpack_newsletter_tier_id":0,"_jetpack_memberships_contains_paywalled_content":false,"_jetpack_memberships_contains_paid_content":false,"footnotes":"","jetpack_publicize_message":"","jetpack_publicize_feature_enabled":true,"jetpack_social_post_already_shared":true,"jetpack_social_options":{"image_generator_settings":{"template":"highway","default_image_id":0,"font":"","enabled":false},"version":2},"_wpas_customize_per_network":false},"categories":[21],"tags":[204,895],"class_list":["post-130291","post","type-post","status-publish","format-standard","has-post-thumbnail","hentry","category-deportes","tag-deportes-2","tag-futbol-femenino","generate-columns","tablet-grid-50","mobile-grid-100","grid-parent","grid-50"],"jetpack_publicize_connections":[],"jetpack_featured_media_url":"https:\/\/www.hoymercedes.com.ar\/principal\/wp-content\/uploads\/2021\/05\/WhatsApp-Image-2021-05-17-at-19.48.23-1.jpeg","wps_subtitle":"Futbol Femenino AFA","jetpack_sharing_enabled":true,"jetpack-related-posts":[{"id":138278,"url":"https:\/\/www.hoymercedes.com.ar\/principal\/2021\/10\/05\/nazarena-viola-convocada-a-la-seleccion-femenina-de-futbol\/","url_meta":{"origin":130291,"position":0},"title":"Nazarena Viola convocada a la selecci\u00f3n femenina de f\u00fatbol","author":"hoymercedes","date":"5 octubre, 2021","format":false,"excerpt":"En la jornada del lunes se conoci\u00f3 que el entrenador de las selecciones sub 17 y sub 15 del futbol femenino, Christian Meloni convoc\u00f3 a las veinte jugadoras para integrar el equipo sub 17, entre las convocadas se encuentra la mercedina Nazarena Viola. Actual jugadora de Racing Club de Avellaneda,\u2026","rel":"","context":"En \u00abDeportes\u00bb","block_context":{"text":"Deportes","link":"https:\/\/www.hoymercedes.com.ar\/principal\/category\/deportes\/"},"img":{"alt_text":"","src":"https:\/\/i0.wp.com\/www.hoymercedes.com.ar\/principal\/wp-content\/uploads\/2021\/10\/nazarena-viola-1.jpg?resize=350%2C200&ssl=1","width":350,"height":200,"srcset":"https:\/\/i0.wp.com\/www.hoymercedes.com.ar\/principal\/wp-content\/uploads\/2021\/10\/nazarena-viola-1.jpg?resize=350%2C200&ssl=1 1x, https:\/\/i0.wp.com\/www.hoymercedes.com.ar\/principal\/wp-content\/uploads\/2021\/10\/nazarena-viola-1.jpg?resize=525%2C300&ssl=1 1.5x, https:\/\/i0.wp.com\/www.hoymercedes.com.ar\/principal\/wp-content\/uploads\/2021\/10\/nazarena-viola-1.jpg?resize=700%2C400&ssl=1 2x"},"classes":[]},{"id":157395,"url":"https:\/\/www.hoymercedes.com.ar\/principal\/2023\/01\/17\/nazarena-viola-firma-contrato-con-racing\/","url_meta":{"origin":130291,"position":1},"title":"Nazarena Viola firma contrato con Racing\u00a0","author":"hoymercedes","date":"17 enero, 2023","format":false,"excerpt":"La mercedina ser\u00e1 parte del plantel de la Academia hasta el 2023. El jueves pasado se llev\u00f3 a cabo la firma del contrato junto al manager Rub\u00e9n \u201cEl Mago\u201d Capria y el presidente de la instituci\u00f3n albiceleste Rub\u00e9n Blanco.","rel":"","context":"En \u00abDeportes\u00bb","block_context":{"text":"Deportes","link":"https:\/\/www.hoymercedes.com.ar\/principal\/category\/deportes\/"},"img":{"alt_text":"","src":"https:\/\/i0.wp.com\/www.hoymercedes.com.ar\/principal\/wp-content\/uploads\/2023\/01\/nazarena-1601-1.jpeg?resize=350%2C200&ssl=1","width":350,"height":200,"srcset":"https:\/\/i0.wp.com\/www.hoymercedes.com.ar\/principal\/wp-content\/uploads\/2023\/01\/nazarena-1601-1.jpeg?resize=350%2C200&ssl=1 1x, https:\/\/i0.wp.com\/www.hoymercedes.com.ar\/principal\/wp-content\/uploads\/2023\/01\/nazarena-1601-1.jpeg?resize=525%2C300&ssl=1 1.5x, https:\/\/i0.wp.com\/www.hoymercedes.com.ar\/principal\/wp-content\/uploads\/2023\/01\/nazarena-1601-1.jpeg?resize=700%2C400&ssl=1 2x"},"classes":[]},{"id":192888,"url":"https:\/\/www.hoymercedes.com.ar\/principal\/2026\/03\/08\/nazarena-viola-se-suma-a-el-fronton-para-buscar-el-ascenso\/","url_meta":{"origin":130291,"position":2},"title":"Nazarena Viola se suma a El Front\u00f3n para buscar el ascenso","author":"hoymercedes","date":"8 marzo, 2026","format":false,"excerpt":"El club El Front\u00f3n de San Andr\u00e9s de Giles anunci\u00f3 la incorporaci\u00f3n de la delantera mercedina Nazarena Viola, de 21 a\u00f1os, como una de las principales apuestas del equipo para disputar el torneo de Primera C del f\u00fatbol femenino de AFA con el objetivo de pelear por el ascenso. La\u2026","rel":"","context":"En \u00abDeportes\u00bb","block_context":{"text":"Deportes","link":"https:\/\/www.hoymercedes.com.ar\/principal\/category\/deportes\/"},"img":{"alt_text":"","src":"https:\/\/i0.wp.com\/www.hoymercedes.com.ar\/principal\/wp-content\/uploads\/2026\/03\/WhatsApp-Image-2026-03-07-at-22.25.56.jpeg?resize=350%2C200&ssl=1","width":350,"height":200,"srcset":"https:\/\/i0.wp.com\/www.hoymercedes.com.ar\/principal\/wp-content\/uploads\/2026\/03\/WhatsApp-Image-2026-03-07-at-22.25.56.jpeg?resize=350%2C200&ssl=1 1x, https:\/\/i0.wp.com\/www.hoymercedes.com.ar\/principal\/wp-content\/uploads\/2026\/03\/WhatsApp-Image-2026-03-07-at-22.25.56.jpeg?resize=525%2C300&ssl=1 1.5x"},"classes":[]},{"id":144514,"url":"https:\/\/www.hoymercedes.com.ar\/principal\/2022\/03\/01\/juana-cangaro-y-nazarena-viola-arrancan-en-el-sudamericano-sub17\/","url_meta":{"origin":130291,"position":3},"title":"Juana C\u00e1ngaro y Nazarena Viola arrancan en el Sudamericano Sub17","author":"hoymercedes","date":"1 marzo, 2022","format":false,"excerpt":"Este martes 1\u00b0 de marzo arranca en el Torneo Sudamericano de Futbol Femenino Sub 17 en Uruguay. Dos mercedinas son parte de la selecci\u00f3n nacional que competir\u00e1n este mi\u00e9rcoles 2 en el estadio Charr\u00faa contra Brasil, a las 18:30 hs. Se trata de Juan C\u00e1ngaro y Nazarena Viola. Ambas est\u00e1n\u2026","rel":"","context":"En \u00abDeportes\u00bb","block_context":{"text":"Deportes","link":"https:\/\/www.hoymercedes.com.ar\/principal\/category\/deportes\/"},"img":{"alt_text":"","src":"https:\/\/i0.wp.com\/www.hoymercedes.com.ar\/principal\/wp-content\/uploads\/2022\/03\/futbolFemesub17.jpg?resize=350%2C200&ssl=1","width":350,"height":200,"srcset":"https:\/\/i0.wp.com\/www.hoymercedes.com.ar\/principal\/wp-content\/uploads\/2022\/03\/futbolFemesub17.jpg?resize=350%2C200&ssl=1 1x, https:\/\/i0.wp.com\/www.hoymercedes.com.ar\/principal\/wp-content\/uploads\/2022\/03\/futbolFemesub17.jpg?resize=525%2C300&ssl=1 1.5x"},"classes":[]},{"id":145167,"url":"https:\/\/www.hoymercedes.com.ar\/principal\/2022\/03\/10\/el-gol-de-nazarena-viola-no-alcanzo-para-pasar-la-fase\/","url_meta":{"origin":130291,"position":4},"title":"El gol de Nazarena Viola no alcanz\u00f3 para pasar la fase","author":"hoymercedes","date":"10 marzo, 2022","format":false,"excerpt":"El seleccionado de futbol femenino sub 17 que integran las mercedinas Nazarena Viola y Juana C\u00e1ngaro, empat\u00f3 en la tarde de este jueves ante Paraguay, \u00faltima fecha de la zona de grupos. El gol de Nazarena con el que se inici\u00f3 el tanteador ilusion\u00f3 al equipo argentino, pero el empate\u2026","rel":"","context":"En \u00abDeportes\u00bb","block_context":{"text":"Deportes","link":"https:\/\/www.hoymercedes.com.ar\/principal\/category\/deportes\/"},"img":{"alt_text":"","src":"https:\/\/i0.wp.com\/www.hoymercedes.com.ar\/principal\/wp-content\/uploads\/2022\/03\/IMG_20220310_180349_copy_800x533.jpg?resize=350%2C200&ssl=1","width":350,"height":200,"srcset":"https:\/\/i0.wp.com\/www.hoymercedes.com.ar\/principal\/wp-content\/uploads\/2022\/03\/IMG_20220310_180349_copy_800x533.jpg?resize=350%2C200&ssl=1 1x, https:\/\/i0.wp.com\/www.hoymercedes.com.ar\/principal\/wp-content\/uploads\/2022\/03\/IMG_20220310_180349_copy_800x533.jpg?resize=525%2C300&ssl=1 1.5x, https:\/\/i0.wp.com\/www.hoymercedes.com.ar\/principal\/wp-content\/uploads\/2022\/03\/IMG_20220310_180349_copy_800x533.jpg?resize=700%2C400&ssl=1 2x"},"classes":[]},{"id":157813,"url":"https:\/\/www.hoymercedes.com.ar\/principal\/2023\/01\/30\/futbol-femenino-las-mercedinas-comienzan-su-pretemporada\/","url_meta":{"origin":130291,"position":5},"title":"Futbol femenino: las mercedinas comienzan su pretemporada\u00a0","author":"hoymercedes","date":"30 enero, 2023","format":false,"excerpt":"Juana C\u00e1ngaro, Nazarena Viola y Micaela Adorno comenzaron con los trabajos de pretemporada en sus respectivos clubes.\u00a0","rel":"","context":"En \u00abDeportes\u00bb","block_context":{"text":"Deportes","link":"https:\/\/www.hoymercedes.com.ar\/principal\/category\/deportes\/"},"img":{"alt_text":"","src":"https:\/\/i0.wp.com\/www.hoymercedes.com.ar\/principal\/wp-content\/uploads\/2023\/01\/dfem-3001-1.jpeg?resize=350%2C200&ssl=1","width":350,"height":200,"srcset":"https:\/\/i0.wp.com\/www.hoymercedes.com.ar\/principal\/wp-content\/uploads\/2023\/01\/dfem-3001-1.jpeg?resize=350%2C200&ssl=1 1x, https:\/\/i0.wp.com\/www.hoymercedes.com.ar\/principal\/wp-content\/uploads\/2023\/01\/dfem-3001-1.jpeg?resize=525%2C300&ssl=1 1.5x, https:\/\/i0.wp.com\/www.hoymercedes.com.ar\/principal\/wp-content\/uploads\/2023\/01\/dfem-3001-1.jpeg?resize=700%2C400&ssl=1 2x"},"classes":[]}],"_links":{"self":[{"href":"https:\/\/www.hoymercedes.com.ar\/principal\/wp-json\/wp\/v2\/posts\/130291","targetHints":{"allow":["GET"]}}],"collection":[{"href":"https:\/\/www.hoymercedes.com.ar\/principal\/wp-json\/wp\/v2\/posts"}],"about":[{"href":"https:\/\/www.hoymercedes.com.ar\/principal\/wp-json\/wp\/v2\/types\/post"}],"author":[{"embeddable":true,"href":"https:\/\/www.hoymercedes.com.ar\/principal\/wp-json\/wp\/v2\/users\/1"}],"replies":[{"embeddable":true,"href":"https:\/\/www.hoymercedes.com.ar\/principal\/wp-json\/wp\/v2\/comments?post=130291"}],"version-history":[{"count":0,"href":"https:\/\/www.hoymercedes.com.ar\/principal\/wp-json\/wp\/v2\/posts\/130291\/revisions"}],"wp:featuredmedia":[{"embeddable":true,"href":"https:\/\/www.hoymercedes.com.ar\/principal\/wp-json\/wp\/v2\/media\/130292"}],"wp:attachment":[{"href":"https:\/\/www.hoymercedes.com.ar\/principal\/wp-json\/wp\/v2\/media?parent=130291"}],"wp:term":[{"taxonomy":"category","embeddable":true,"href":"https:\/\/www.hoymercedes.com.ar\/principal\/wp-json\/wp\/v2\/categories?post=130291"},{"taxonomy":"post_tag","embeddable":true,"href":"https:\/\/www.hoymercedes.com.ar\/principal\/wp-json\/wp\/v2\/tags?post=130291"}],"curies":[{"name":"wp","href":"https:\/\/api.w.org\/{rel}","templated":true}]}}