{"id":130295,"date":"2021-05-18T11:31:00","date_gmt":"2021-05-18T14:31:00","guid":{"rendered":"http:\/\/www.hoymercedes.com.ar\/principal\/?p=130295"},"modified":"2021-05-20T19:45:05","modified_gmt":"2021-05-20T22:45:05","slug":"ioma-detecto-publicacion-con-falsa-identidad","status":"publish","type":"post","link":"https:\/\/www.hoymercedes.com.ar\/principal\/2021\/05\/18\/ioma-detecto-publicacion-con-falsa-identidad\/","title":{"rendered":"IOMA detect\u00f3 publicaci\u00f3n con falsa identidad"},"content":{"rendered":"\n<h3 class=\"wp-block-heading\">Circula en las redes una publicidad ap\u00f3crifa de un n\u00famero telef\u00f3nico para resoluci\u00f3n de tr\u00e1mites de IOMA. Advierten desde la Obra Social para que los afiliados no sean estafados. <\/h3>\n\n\n\n<div class=\"wp-block-image\"><figure class=\"aligncenter size-large\"><img loading=\"lazy\" decoding=\"async\" width=\"800\" height=\"679\" data-attachment-id=\"130297\" data-permalink=\"https:\/\/www.hoymercedes.com.ar\/principal\/2021\/05\/18\/ioma-detecto-publicacion-con-falsa-identidad\/18-ioma-scrool-fraude_capturas-02\/#main\" data-orig-file=\"https:\/\/www.hoymercedes.com.ar\/principal\/wp-content\/uploads\/2021\/05\/18-ioma-scrool-fraude_capturas-02.jpg\" data-orig-size=\"800,679\" data-comments-opened=\"0\" data-image-meta=\"{&quot;aperture&quot;:&quot;0&quot;,&quot;credit&quot;:&quot;&quot;,&quot;camera&quot;:&quot;&quot;,&quot;caption&quot;:&quot;&quot;,&quot;created_timestamp&quot;:&quot;0&quot;,&quot;copyright&quot;:&quot;&quot;,&quot;focal_length&quot;:&quot;0&quot;,&quot;iso&quot;:&quot;0&quot;,&quot;shutter_speed&quot;:&quot;0&quot;,&quot;title&quot;:&quot;&quot;,&quot;orientation&quot;:&quot;1&quot;}\" data-image-title=\"18 ioma scrool-fraude_capturas-02\" data-image-description=\"\" data-image-caption=\"\" data-large-file=\"https:\/\/www.hoymercedes.com.ar\/principal\/wp-content\/uploads\/2021\/05\/18-ioma-scrool-fraude_capturas-02.jpg\" src=\"https:\/\/www.hoymercedes.com.ar\/principal\/wp-content\/uploads\/2021\/05\/18-ioma-scrool-fraude_capturas-02.jpg\" alt=\"\" class=\"wp-image-130297\" srcset=\"https:\/\/www.hoymercedes.com.ar\/principal\/wp-content\/uploads\/2021\/05\/18-ioma-scrool-fraude_capturas-02.jpg 800w, https:\/\/www.hoymercedes.com.ar\/principal\/wp-content\/uploads\/2021\/05\/18-ioma-scrool-fraude_capturas-02-630x535.jpg 630w, https:\/\/www.hoymercedes.com.ar\/principal\/wp-content\/uploads\/2021\/05\/18-ioma-scrool-fraude_capturas-02-150x127.jpg 150w\" sizes=\"auto, (max-width: 800px) 100vw, 800px\" \/><\/figure><\/div>\n\n\n\n<p>En las redes sociales y a trav\u00e9s de otros medios de comunicaci\u00f3n circula un n\u00famero de Whatsapp, al cual pueden comunicarse los afiliados para la gesti\u00f3n de tr\u00e1mites y su resoluci\u00f3n r\u00e1pida en IOMA. El n\u00famero pertenece a una identidad comercial no identificada, pero que para iniciar las gestiones solicitan datos personales de las personas con fines il\u00edcitos.<\/p>\n\n\n\n<p>Al respecto IOMA informa que \u00abel instituto NO ha contratado a ninguna empresa privada, ni tercerizado, ni delega la atenci\u00f3n de sus afiliadas y afiliados, por lo que la obra social denuncia que el siguiente tel\u00e9fono\u00a0 011 6998 3544 es falso\u00bb.<\/p>\n\n\n\n<p>Para cualquier consulta de afiliados a IOMA sobre la situaci\u00f3n de sus gestiones, tr\u00e1mites afiliatorios\u00a0 IOMA puso a disposici\u00f3n IOMA digital con todas las pautas de seguridad y privacidad de datos de las personas.<\/p>\n\n\n\n<p>Tambi\u00e9n los afiliados pueden ingresar a la p\u00e1gina oficial de IOMA www.ioma.gob.ar portal\u00a0 autogesti\u00f3n afiliadas\/os o tambi\u00e9n bajar la APP IOMA digital. Tambi\u00e9n pueden tramitar las gestiones o consultas en las delegaciones IOMA.<\/p>\n\n\n\n<div class=\"wp-block-image\"><figure class=\"aligncenter size-large\"><img loading=\"lazy\" decoding=\"async\" width=\"472\" height=\"1024\" data-attachment-id=\"130296\" data-permalink=\"https:\/\/www.hoymercedes.com.ar\/principal\/2021\/05\/18\/ioma-detecto-publicacion-con-falsa-identidad\/18-ioma-scrool-fraude_capturas-01\/#main\" data-orig-file=\"https:\/\/www.hoymercedes.com.ar\/principal\/wp-content\/uploads\/2021\/05\/18-ioma-scrool-fraude_capturas-01.jpg\" data-orig-size=\"590,1280\" data-comments-opened=\"0\" data-image-meta=\"{&quot;aperture&quot;:&quot;0&quot;,&quot;credit&quot;:&quot;&quot;,&quot;camera&quot;:&quot;&quot;,&quot;caption&quot;:&quot;&quot;,&quot;created_timestamp&quot;:&quot;0&quot;,&quot;copyright&quot;:&quot;&quot;,&quot;focal_length&quot;:&quot;0&quot;,&quot;iso&quot;:&quot;0&quot;,&quot;shutter_speed&quot;:&quot;0&quot;,&quot;title&quot;:&quot;&quot;,&quot;orientation&quot;:&quot;0&quot;}\" data-image-title=\"18 ioma scrool-fraude_capturas-01\" data-image-description=\"\" data-image-caption=\"\" data-large-file=\"https:\/\/www.hoymercedes.com.ar\/principal\/wp-content\/uploads\/2021\/05\/18-ioma-scrool-fraude_capturas-01-472x1024.jpg\" src=\"https:\/\/www.hoymercedes.com.ar\/principal\/wp-content\/uploads\/2021\/05\/18-ioma-scrool-fraude_capturas-01-472x1024.jpg\" alt=\"\" class=\"wp-image-130296\" srcset=\"https:\/\/www.hoymercedes.com.ar\/principal\/wp-content\/uploads\/2021\/05\/18-ioma-scrool-fraude_capturas-01-472x1024.jpg 472w, https:\/\/www.hoymercedes.com.ar\/principal\/wp-content\/uploads\/2021\/05\/18-ioma-scrool-fraude_capturas-01-286x620.jpg 286w, https:\/\/www.hoymercedes.com.ar\/principal\/wp-content\/uploads\/2021\/05\/18-ioma-scrool-fraude_capturas-01-69x150.jpg 69w, https:\/\/www.hoymercedes.com.ar\/principal\/wp-content\/uploads\/2021\/05\/18-ioma-scrool-fraude_capturas-01.jpg 590w\" sizes=\"auto, (max-width: 472px) 100vw, 472px\" \/><\/figure><\/div>\n","protected":false},"excerpt":{"rendered":"<p>Circula en las redes una publicidad ap\u00f3crifa de un n\u00famero telef\u00f3nico para resoluci\u00f3n de tr\u00e1mites de IOMA. Advierten desde la &#8230; <a title=\"IOMA detect\u00f3 publicaci\u00f3n con falsa identidad\" class=\"read-more\" href=\"https:\/\/www.hoymercedes.com.ar\/principal\/2021\/05\/18\/ioma-detecto-publicacion-con-falsa-identidad\/\" aria-label=\"Leer m\u00e1s sobre IOMA detect\u00f3 publicaci\u00f3n con falsa identidad\">Leer m\u00e1s<\/a><\/p>\n","protected":false},"author":1,"featured_media":130297,"comment_status":"closed","ping_status":"open","sticky":false,"template":"","format":"standard","meta":{"_monsterinsights_skip_tracking":false,"_monsterinsights_sitenote_active":false,"_monsterinsights_sitenote_note":"","_monsterinsights_sitenote_category":0,"jetpack_post_was_ever_published":false,"_jetpack_newsletter_access":"","_jetpack_dont_email_post_to_subs":false,"_jetpack_newsletter_tier_id":0,"_jetpack_memberships_contains_paywalled_content":false,"_jetpack_memberships_contains_paid_content":false,"footnotes":"","jetpack_publicize_message":"","jetpack_publicize_feature_enabled":true,"jetpack_social_post_already_shared":true,"jetpack_social_options":{"image_generator_settings":{"template":"highway","default_image_id":0,"font":"","enabled":false},"version":2},"_wpas_customize_per_network":false},"categories":[8881],"tags":[2727,12924,1803],"class_list":["post-130295","post","type-post","status-publish","format-standard","has-post-thumbnail","hentry","category-provincia","tag-ioma","tag-obra-social","tag-provincia","generate-columns","tablet-grid-50","mobile-grid-100","grid-parent","grid-50"],"jetpack_publicize_connections":[],"jetpack_featured_media_url":"https:\/\/www.hoymercedes.com.ar\/principal\/wp-content\/uploads\/2021\/05\/18-ioma-scrool-fraude_capturas-02.jpg","wps_subtitle":"Advertencia de la obra social","jetpack_sharing_enabled":true,"jetpack-related-posts":[{"id":120471,"url":"https:\/\/www.hoymercedes.com.ar\/principal\/2020\/11\/20\/confirmaron-a-matias-dematei-a-cargo-de-ioma-mercedes\/","url_meta":{"origin":130295,"position":0},"title":"Confirmaron a Mat\u00edas Dematei a cargo de IOMA Mercedes","author":"hoymercedes","date":"20 noviembre, 2020","format":false,"excerpt":"El Instituto de Obra M\u00e9dico Asistencial (IOMA) confirm\u00f3 al nuevo titular de la delegaci\u00f3n Mercedes, se trata de Mat\u00edas Dematei. En el acto de oficializaci\u00f3n realizado en el despacho del Jefe Comunal de Mercedes estuvieron presentes las autoridades de IOMA, representantes sanitarias de la regi\u00f3n y autoridades comunales. En el\u2026","rel":"","context":"En \u00abSalud\u00bb","block_context":{"text":"Salud","link":"https:\/\/www.hoymercedes.com.ar\/principal\/category\/salud\/"},"img":{"alt_text":"","src":"https:\/\/i0.wp.com\/www.hoymercedes.com.ar\/principal\/wp-content\/uploads\/2020\/11\/20-Dematei-IOMA.jpg?resize=350%2C200&ssl=1","width":350,"height":200,"srcset":"https:\/\/i0.wp.com\/www.hoymercedes.com.ar\/principal\/wp-content\/uploads\/2020\/11\/20-Dematei-IOMA.jpg?resize=350%2C200&ssl=1 1x, https:\/\/i0.wp.com\/www.hoymercedes.com.ar\/principal\/wp-content\/uploads\/2020\/11\/20-Dematei-IOMA.jpg?resize=525%2C300&ssl=1 1.5x, https:\/\/i0.wp.com\/www.hoymercedes.com.ar\/principal\/wp-content\/uploads\/2020\/11\/20-Dematei-IOMA.jpg?resize=700%2C400&ssl=1 2x"},"classes":[]},{"id":172608,"url":"https:\/\/www.hoymercedes.com.ar\/principal\/2024\/02\/06\/diputado-provincial-pide-la-interpelacion-del-titular-de-ioma\/","url_meta":{"origin":130295,"position":1},"title":"Diputado provincial pide la interpelaci\u00f3n del titular de IOMA","author":"hoymercedes","date":"6 febrero, 2024","format":false,"excerpt":"Enla jornada del lunes, el Diputado Provincial del bloque PRO, Fernando Rovello, hizo p\u00fablico el proyecto de resoluci\u00f3n ante la Legislatura bonaerense para pedir la interpelaci\u00f3n al presidente del Instituto de Obra M\u00e9dico Asistencial (IOMA), Homero Federico Giles, con el fin de exponer la situaci\u00f3n actual de la obra social\u2026","rel":"","context":"En \u00abProvincia\u00bb","block_context":{"text":"Provincia","link":"https:\/\/www.hoymercedes.com.ar\/principal\/category\/provincia\/"},"img":{"alt_text":"","src":"","width":0,"height":0},"classes":[]},{"id":108257,"url":"https:\/\/www.hoymercedes.com.ar\/principal\/2020\/03\/23\/ioma-habilito-un-0800-para-sus-afiliados\/","url_meta":{"origin":130295,"position":2},"title":"IOMA habilit\u00f3 un 0800 para sus afiliados","author":"hoymercedes","date":"23 marzo, 2020","format":false,"excerpt":"La obra social de trabajadores dependiente de los estamentos gubernamentales (provincia y municipio), IOMA habilit\u00f3 el 0800 333 0995 frente a la pandemia. El organismo firm\u00f3 un convenio con IHS Argentina que habilita la l\u00ednea telef\u00f3nica para atenci\u00f3n de los afiliados que pueden hacer all\u00ed una consulta m\u00e9dica en caso\u2026","rel":"","context":"En \u00abProvincia\u00bb","block_context":{"text":"Provincia","link":"https:\/\/www.hoymercedes.com.ar\/principal\/category\/provincia\/"},"img":{"alt_text":"","src":"","width":0,"height":0},"classes":[]},{"id":194019,"url":"https:\/\/www.hoymercedes.com.ar\/principal\/2026\/04\/01\/ioma-advierte-sobre-un-ataque-cibernetico\/","url_meta":{"origin":130295,"position":3},"title":"IOMA advierte sobre un ataque cibern\u00e9tico","author":"hoymercedes","date":"1 abril, 2026","format":false,"excerpt":"Desde la obra social IOMA se inform\u00f3 que se ha detectado un ataque cibern\u00e9tico que implica los padrones de afiliaci\u00f3n, sin vulneraci\u00f3n de los datos personales sensibles ni afecta el normal funcionamiento de los sistemas del Instituto. Ante esta situaci\u00f3n, desde el Instituto de Previsi\u00f3n Social se alerta a las\u2026","rel":"","context":"En \u00abSociedad\u00bb","block_context":{"text":"Sociedad","link":"https:\/\/www.hoymercedes.com.ar\/principal\/category\/sociedad\/"},"img":{"alt_text":"","src":"","width":0,"height":0},"classes":[]},{"id":127216,"url":"https:\/\/www.hoymercedes.com.ar\/principal\/2021\/03\/30\/ioma-presento-un-nuevo-vademecum-para-ampliar-la-cobertura-en-medicamentos\/","url_meta":{"origin":130295,"position":4},"title":"IOMA present\u00f3 un nuevo vadem\u00e9cum para ampliar la cobertura en medicamentos","author":"hoymercedes","date":"30 marzo, 2021","format":false,"excerpt":"Por Prensa PBA - El gobernador de la provincia de Buenos Aires, Axel Kicillof, present\u00f3 este martes el nuevo vadem\u00e9cum de IOMA que, con una inversi\u00f3n anual de 2.400 millones de pesos, ampl\u00eda la cobertura de medicamentos en beneficio de m\u00e1s de dos millones de bonaerenses. Fue en el Sal\u00f3n\u2026","rel":"","context":"En \u00abProvincia\u00bb","block_context":{"text":"Provincia","link":"https:\/\/www.hoymercedes.com.ar\/principal\/category\/provincia\/"},"img":{"alt_text":"","src":"https:\/\/i0.wp.com\/www.hoymercedes.com.ar\/principal\/wp-content\/uploads\/2021\/03\/2021_03_30_AK-Anuncios-IOMASGE_3000.jpg?resize=350%2C200&ssl=1","width":350,"height":200,"srcset":"https:\/\/i0.wp.com\/www.hoymercedes.com.ar\/principal\/wp-content\/uploads\/2021\/03\/2021_03_30_AK-Anuncios-IOMASGE_3000.jpg?resize=350%2C200&ssl=1 1x, https:\/\/i0.wp.com\/www.hoymercedes.com.ar\/principal\/wp-content\/uploads\/2021\/03\/2021_03_30_AK-Anuncios-IOMASGE_3000.jpg?resize=525%2C300&ssl=1 1.5x, https:\/\/i0.wp.com\/www.hoymercedes.com.ar\/principal\/wp-content\/uploads\/2021\/03\/2021_03_30_AK-Anuncios-IOMASGE_3000.jpg?resize=700%2C400&ssl=1 2x"},"classes":[]},{"id":154908,"url":"https:\/\/www.hoymercedes.com.ar\/principal\/2022\/11\/02\/ioma-lanza-campana-fuerza-saludable\/","url_meta":{"origin":130295,"position":5},"title":"IOMA lanza campa\u00f1a Fuerza Saludable\u00a0","author":"hoymercedes","date":"2 noviembre, 2022","format":false,"excerpt":"La obra social lanza una campa\u00f1a para que el personal policial se realice chequeos m\u00e9dicos para la detecci\u00f3n temprana de enfermedades y riesgos en su salud.","rel":"","context":"En \u00abProvincia\u00bb","block_context":{"text":"Provincia","link":"https:\/\/www.hoymercedes.com.ar\/principal\/category\/provincia\/"},"img":{"alt_text":"","src":"","width":0,"height":0},"classes":[]}],"_links":{"self":[{"href":"https:\/\/www.hoymercedes.com.ar\/principal\/wp-json\/wp\/v2\/posts\/130295","targetHints":{"allow":["GET"]}}],"collection":[{"href":"https:\/\/www.hoymercedes.com.ar\/principal\/wp-json\/wp\/v2\/posts"}],"about":[{"href":"https:\/\/www.hoymercedes.com.ar\/principal\/wp-json\/wp\/v2\/types\/post"}],"author":[{"embeddable":true,"href":"https:\/\/www.hoymercedes.com.ar\/principal\/wp-json\/wp\/v2\/users\/1"}],"replies":[{"embeddable":true,"href":"https:\/\/www.hoymercedes.com.ar\/principal\/wp-json\/wp\/v2\/comments?post=130295"}],"version-history":[{"count":0,"href":"https:\/\/www.hoymercedes.com.ar\/principal\/wp-json\/wp\/v2\/posts\/130295\/revisions"}],"wp:featuredmedia":[{"embeddable":true,"href":"https:\/\/www.hoymercedes.com.ar\/principal\/wp-json\/wp\/v2\/media\/130297"}],"wp:attachment":[{"href":"https:\/\/www.hoymercedes.com.ar\/principal\/wp-json\/wp\/v2\/media?parent=130295"}],"wp:term":[{"taxonomy":"category","embeddable":true,"href":"https:\/\/www.hoymercedes.com.ar\/principal\/wp-json\/wp\/v2\/categories?post=130295"},{"taxonomy":"post_tag","embeddable":true,"href":"https:\/\/www.hoymercedes.com.ar\/principal\/wp-json\/wp\/v2\/tags?post=130295"}],"curies":[{"name":"wp","href":"https:\/\/api.w.org\/{rel}","templated":true}]}}