{"id":130307,"date":"2021-05-18T16:03:27","date_gmt":"2021-05-18T19:03:27","guid":{"rendered":"https:\/\/www.hoymercedes.com.ar\/principal\/?p=130307"},"modified":"2021-05-20T19:44:19","modified_gmt":"2021-05-20T22:44:19","slug":"aumento-el-35-el-promedio-diario-de-casos","status":"publish","type":"post","link":"https:\/\/www.hoymercedes.com.ar\/principal\/2021\/05\/18\/aumento-el-35-el-promedio-diario-de-casos\/","title":{"rendered":"Aument\u00f3 el 3,5% el promedio diario de casos"},"content":{"rendered":"\n<p>El jefe de Gabinete de Ministros de la Provincia, Carlos Bianco, y el ministro de Salud, Daniel Gollan, brindaron en conferencia de prensa detalles sobre la situaci\u00f3n epidemiol\u00f3gica y sanitaria y el estado del esquema de fases de aislamiento y distanciamiento social, preventivo y obligatorio en los 135 municipios bonaerenses. Informaron que hay 59 municipios en Fase 2, 66 en Fase 3 (entre ellos Mercedes) y 10 en Fase 4<\/p>\n\n\n\n<div class=\"wp-block-image\"><figure class=\"aligncenter size-large\"><img loading=\"lazy\" decoding=\"async\" width=\"800\" height=\"450\" data-attachment-id=\"130309\" data-permalink=\"https:\/\/www.hoymercedes.com.ar\/principal\/2021\/05\/18\/aumento-el-35-el-promedio-diario-de-casos\/5-2-3\/#main\" data-orig-file=\"https:\/\/www.hoymercedes.com.ar\/principal\/wp-content\/uploads\/2021\/05\/5-2.jpg\" data-orig-size=\"800,450\" data-comments-opened=\"0\" data-image-meta=\"{&quot;aperture&quot;:&quot;0&quot;,&quot;credit&quot;:&quot;&quot;,&quot;camera&quot;:&quot;&quot;,&quot;caption&quot;:&quot;&quot;,&quot;created_timestamp&quot;:&quot;0&quot;,&quot;copyright&quot;:&quot;&quot;,&quot;focal_length&quot;:&quot;0&quot;,&quot;iso&quot;:&quot;0&quot;,&quot;shutter_speed&quot;:&quot;0&quot;,&quot;title&quot;:&quot;&quot;,&quot;orientation&quot;:&quot;0&quot;}\" data-image-title=\"5 (2)\" data-image-description=\"\" data-image-caption=\"\" data-large-file=\"https:\/\/www.hoymercedes.com.ar\/principal\/wp-content\/uploads\/2021\/05\/5-2.jpg\" src=\"https:\/\/www.hoymercedes.com.ar\/principal\/wp-content\/uploads\/2021\/05\/5-2.jpg\" alt=\"\" class=\"wp-image-130309\" srcset=\"https:\/\/www.hoymercedes.com.ar\/principal\/wp-content\/uploads\/2021\/05\/5-2.jpg 800w, https:\/\/www.hoymercedes.com.ar\/principal\/wp-content\/uploads\/2021\/05\/5-2-630x354.jpg 630w, https:\/\/www.hoymercedes.com.ar\/principal\/wp-content\/uploads\/2021\/05\/5-2-150x84.jpg 150w\" sizes=\"auto, (max-width: 800px) 100vw, 800px\" \/><\/figure><\/div>\n\n\n\n<p>El ministro Gollan se\u00f1al\u00f3 que en la \u00faltima semana hubo un aumento del 3,5% en el promedio diario de casos, que lleg\u00f3 a los 9.221 (frente a los 8.905 de la semana previa). Las cifras muestran que en los municipios bonaerenses que integran el \u00c1rea Metropolitana de Buenos Aires (AMBA) continu\u00f3 una tendencia de descenso leve, mientras que en el interior provincial se observa un aumento considerable de la cantidad de contagios.<\/p>\n\n\n\n<p>En lo referido al nivel de ocupaci\u00f3n de camas de terapia intensiva, el Ministro explic\u00f3 que, si bien se estabiliz\u00f3, \u201cestamos en un nivel alt\u00edsimo\u201d, que en el AMBA llega al 73,75%, con 1.605 pacientes internados con casos sospechosos o confirmados de COVID-19, mientras que en el interior provincial asciende al 59,35%, con 492 internados por la misma condici\u00f3n. Gollan alert\u00f3 que \u201ceste rebrote que estamos viendo impactar\u00e1 sobre la cantidad de camas ocupadas, poniendo nuevamente al sistema en alerta\u201d.<\/p>\n\n\n\n<p>Con respecto al plan Buenos Aires Vacunate, Gollan se\u00f1al\u00f3: \u201cVenimos con un ritmo de vacunaci\u00f3n muy importante, y con una expectativa mayor de cara a los pr\u00f3ximos 25 d\u00edas\u201d. La llegada de dosis de AstraZeneca, Sinopharm y Sputnik V, afirm\u00f3 el Ministro, \u201cnos permitir\u00e1 avanzar sostenidamente en el plan de vacunaci\u00f3n\u201d, que ya lleva 4.012.299 aplicaciones (3.228.595 correspondientes al primer componente y 783.704 correspondientes al segundo). Finalmente, Gollan record\u00f3 la importancia de inscribirse en el plan: \u201cSabemos que todav\u00eda hay gente que no sabe que puede acceder a la vacuna. Hago un nuevo llamado para que se sigan anotando las personas que a\u00fan no lo hicieron\u201d.\u00a0<\/p>\n\n\n\n<div class=\"wp-block-image\"><figure class=\"aligncenter size-large\"><img loading=\"lazy\" decoding=\"async\" width=\"800\" height=\"450\" data-attachment-id=\"130310\" data-permalink=\"https:\/\/www.hoymercedes.com.ar\/principal\/2021\/05\/18\/aumento-el-35-el-promedio-diario-de-casos\/7-19\/#main\" data-orig-file=\"https:\/\/www.hoymercedes.com.ar\/principal\/wp-content\/uploads\/2021\/05\/7.jpg\" data-orig-size=\"800,450\" data-comments-opened=\"0\" data-image-meta=\"{&quot;aperture&quot;:&quot;0&quot;,&quot;credit&quot;:&quot;&quot;,&quot;camera&quot;:&quot;&quot;,&quot;caption&quot;:&quot;&quot;,&quot;created_timestamp&quot;:&quot;0&quot;,&quot;copyright&quot;:&quot;&quot;,&quot;focal_length&quot;:&quot;0&quot;,&quot;iso&quot;:&quot;0&quot;,&quot;shutter_speed&quot;:&quot;0&quot;,&quot;title&quot;:&quot;&quot;,&quot;orientation&quot;:&quot;0&quot;}\" data-image-title=\"7\" data-image-description=\"\" data-image-caption=\"\" data-large-file=\"https:\/\/www.hoymercedes.com.ar\/principal\/wp-content\/uploads\/2021\/05\/7.jpg\" src=\"https:\/\/www.hoymercedes.com.ar\/principal\/wp-content\/uploads\/2021\/05\/7.jpg\" alt=\"\" class=\"wp-image-130310\" srcset=\"https:\/\/www.hoymercedes.com.ar\/principal\/wp-content\/uploads\/2021\/05\/7.jpg 800w, https:\/\/www.hoymercedes.com.ar\/principal\/wp-content\/uploads\/2021\/05\/7-630x354.jpg 630w, https:\/\/www.hoymercedes.com.ar\/principal\/wp-content\/uploads\/2021\/05\/7-150x84.jpg 150w\" sizes=\"auto, (max-width: 800px) 100vw, 800px\" \/><\/figure><\/div>\n\n\n\n<p>Por su parte, Carlos Bianco detall\u00f3 la situaci\u00f3n del esquema de fases en la provincia: 59 municipios se encuentran en fase 2 , 66 en fase 3 y 10 en fase 4. Adolfo Alsina, Alberti, Coronel Su\u00e1rez, Pergamino y San Pedro son los que pasan a Fase 2 \u00abcon suspensi\u00f3n temporal de la presencialidad de clases\u00bb, mientras que \u00abun s\u00f3lo distrito -San Cayetano- pasa de Fase 3 a 4. Con respecto a los cambios de fases de algunos distritos, el Jefe de Gabinete se\u00f1al\u00f3 que \u201cla tasa de crecimiento de la ocupaci\u00f3n de camas en algunos municipios era alarmante, por lo que los intendentes de los distritos m\u00e1s afectados se comunicaron con nosotros para pasar a la fase 2, que es la de mayores cuidados\u201d.<\/p>\n\n\n\n<p>En relaci\u00f3n a la compra de vacunas, Bianco record\u00f3 que desde el primer momento el Gobierno provincial trabaja para conseguirlas, bajo los est\u00e1ndares de seguridad de nuestro pa\u00eds. El Jefe de Gabinete explic\u00f3 que hasta la fecha se han establecido numerosos contactos para comprar otras vacunas, aunque aclar\u00f3 que las \u00fanicas negociaciones promisorias son las que como Estado se entablan directamente con los laboratorios. \u201cActualmente tenemos gestiones con seis laboratorios para la obtenci\u00f3n de vacunas, con algunos de ellos estamos en negociaciones encaminadas\u201d, a\u00f1adi\u00f3 Bianco, y finaliz\u00f3: \u201cEsto lo hacemos de manera absolutamente coordinada con el Gobierno nacional. Seguimos trabajando para tener todas las vacunas, de todos los or\u00edgenes y de todos los laboratorios posibles\u201d.<\/p>\n\n\n\n<p>Fuente: Gobierno PBA<\/p>\n","protected":false},"excerpt":{"rendered":"<p>El jefe de Gabinete de Ministros de la Provincia, Carlos Bianco, y el ministro de Salud, Daniel Gollan, brindaron en &#8230; <a title=\"Aument\u00f3 el 3,5% el promedio diario de casos\" class=\"read-more\" href=\"https:\/\/www.hoymercedes.com.ar\/principal\/2021\/05\/18\/aumento-el-35-el-promedio-diario-de-casos\/\" aria-label=\"Leer m\u00e1s sobre Aument\u00f3 el 3,5% el promedio diario de casos\">Leer m\u00e1s<\/a><\/p>\n","protected":false},"author":1,"featured_media":130310,"comment_status":"closed","ping_status":"open","sticky":false,"template":"","format":"standard","meta":{"_monsterinsights_skip_tracking":false,"_monsterinsights_sitenote_active":false,"_monsterinsights_sitenote_note":"","_monsterinsights_sitenote_category":0,"jetpack_post_was_ever_published":false,"_jetpack_newsletter_access":"","_jetpack_dont_email_post_to_subs":false,"_jetpack_newsletter_tier_id":0,"_jetpack_memberships_contains_paywalled_content":false,"_jetpack_memberships_contains_paid_content":false,"footnotes":"","jetpack_publicize_message":"","jetpack_publicize_feature_enabled":true,"jetpack_social_post_already_shared":true,"jetpack_social_options":{"image_generator_settings":{"template":"highway","default_image_id":0,"font":"","enabled":false},"version":2},"_wpas_customize_per_network":false},"categories":[8881],"tags":[16175,16819,1803,16771],"class_list":["post-130307","post","type-post","status-publish","format-standard","has-post-thumbnail","hentry","category-provincia","tag-coronavirus","tag-covid","tag-provincia","tag-situacion-epidemiologica","generate-columns","tablet-grid-50","mobile-grid-100","grid-parent","grid-50"],"jetpack_publicize_connections":[],"jetpack_featured_media_url":"https:\/\/www.hoymercedes.com.ar\/principal\/wp-content\/uploads\/2021\/05\/7.jpg","wps_subtitle":"Informaci\u00f3n provincial","jetpack_sharing_enabled":true,"jetpack-related-posts":[{"id":126346,"url":"https:\/\/www.hoymercedes.com.ar\/principal\/2021\/03\/16\/provincia-expreso-preocupacion-ante-aumento-de-cantidad-de-casos\/","url_meta":{"origin":130307,"position":0},"title":"Provincia expres\u00f3 preocupaci\u00f3n ante aumento de cantidad de casos","author":"hoymercedes","date":"16 marzo, 2021","format":false,"excerpt":"El jefe de Gabinete, Carlos Bianco, y el ministro de Salud, Daniel Gollan, brindaron detalles sobre la situaci\u00f3n epidemiol\u00f3gica y sanitaria en la provincia de Buenos Aires y el esquema de fases de aislamiento y distanciamiento social, preventivo y obligatorio en los 135 distritos bonaerenses. Los funcionarios instaron a reforzar\u2026","rel":"","context":"En \u00abProvincia\u00bb","block_context":{"text":"Provincia","link":"https:\/\/www.hoymercedes.com.ar\/principal\/category\/provincia\/"},"img":{"alt_text":"","src":"https:\/\/i0.wp.com\/www.hoymercedes.com.ar\/principal\/wp-content\/uploads\/2021\/03\/2021_03_16_CB_Conferencia-de-prensa-SaludSGE_1568.jpg?resize=350%2C200&ssl=1","width":350,"height":200,"srcset":"https:\/\/i0.wp.com\/www.hoymercedes.com.ar\/principal\/wp-content\/uploads\/2021\/03\/2021_03_16_CB_Conferencia-de-prensa-SaludSGE_1568.jpg?resize=350%2C200&ssl=1 1x, https:\/\/i0.wp.com\/www.hoymercedes.com.ar\/principal\/wp-content\/uploads\/2021\/03\/2021_03_16_CB_Conferencia-de-prensa-SaludSGE_1568.jpg?resize=525%2C300&ssl=1 1.5x, https:\/\/i0.wp.com\/www.hoymercedes.com.ar\/principal\/wp-content\/uploads\/2021\/03\/2021_03_16_CB_Conferencia-de-prensa-SaludSGE_1568.jpg?resize=700%2C400&ssl=1 2x"},"classes":[]},{"id":118774,"url":"https:\/\/www.hoymercedes.com.ar\/principal\/2020\/10\/19\/baja-el-promedio-de-los-casos-en-la-provincia-pero-aumentan-en-el-interior\/","url_meta":{"origin":130307,"position":1},"title":"Baja el promedio de los casos en la provincia pero aumentan en el interior","author":"hoymercedes","date":"19 octubre, 2020","format":false,"excerpt":"El jefe de Gabinete, Carlos Bianco, y el ministro de Salud, Daniel Gollan, expusieron en conferencia de prensa las cifras sobre la situaci\u00f3n epidemiol\u00f3gica y sanitaria en la provincia de Buenos Aires y el esquema de fases de aislamiento y distanciamiento social, preventivo y obligatorio en los 135 distritos bonaerenses.\u2026","rel":"","context":"En \u00abProvincia\u00bb","block_context":{"text":"Provincia","link":"https:\/\/www.hoymercedes.com.ar\/principal\/category\/provincia\/"},"img":{"alt_text":"","src":"https:\/\/i0.wp.com\/www.hoymercedes.com.ar\/principal\/wp-content\/uploads\/2020\/10\/19-provincia.jpg?resize=350%2C200&ssl=1","width":350,"height":200,"srcset":"https:\/\/i0.wp.com\/www.hoymercedes.com.ar\/principal\/wp-content\/uploads\/2020\/10\/19-provincia.jpg?resize=350%2C200&ssl=1 1x, https:\/\/i0.wp.com\/www.hoymercedes.com.ar\/principal\/wp-content\/uploads\/2020\/10\/19-provincia.jpg?resize=525%2C300&ssl=1 1.5x, https:\/\/i0.wp.com\/www.hoymercedes.com.ar\/principal\/wp-content\/uploads\/2020\/10\/19-provincia.jpg?resize=700%2C400&ssl=1 2x"},"classes":[]},{"id":121812,"url":"https:\/\/www.hoymercedes.com.ar\/principal\/2020\/12\/15\/gollan-notamos-un-gran-relajamiento-generalizado-y-un-aumento-de-la-cantidad-de-casos\/","url_meta":{"origin":130307,"position":2},"title":"Gollan: \u00abNotamos un gran relajamiento generalizado y un aumento de la cantidad de casos","author":"hoymercedes","date":"15 diciembre, 2020","format":false,"excerpt":"Carlos Bianco y Daniel Gollan expresaron preocupaci\u00f3n por las se\u00f1ales de aumento de casos y llamaron a la responsabilidad de las y los bonaerenses para seguir cumpliendo con los cuidados necesarios. El jefe de Gabinete, Carlos Bianco, y el ministro de Salud, Daniel Gollan, brindaron informaci\u00f3n actualizada sobre la situaci\u00f3n\u2026","rel":"","context":"En \u00abProvincia\u00bb","block_context":{"text":"Provincia","link":"https:\/\/www.hoymercedes.com.ar\/principal\/category\/provincia\/"},"img":{"alt_text":"","src":"https:\/\/i0.wp.com\/www.hoymercedes.com.ar\/principal\/wp-content\/uploads\/2020\/12\/2020_12_15_Situacion-Epidemiologica_sge_5531.jpg?resize=350%2C200&ssl=1","width":350,"height":200,"srcset":"https:\/\/i0.wp.com\/www.hoymercedes.com.ar\/principal\/wp-content\/uploads\/2020\/12\/2020_12_15_Situacion-Epidemiologica_sge_5531.jpg?resize=350%2C200&ssl=1 1x, https:\/\/i0.wp.com\/www.hoymercedes.com.ar\/principal\/wp-content\/uploads\/2020\/12\/2020_12_15_Situacion-Epidemiologica_sge_5531.jpg?resize=525%2C300&ssl=1 1.5x, https:\/\/i0.wp.com\/www.hoymercedes.com.ar\/principal\/wp-content\/uploads\/2020\/12\/2020_12_15_Situacion-Epidemiologica_sge_5531.jpg?resize=700%2C400&ssl=1 2x"},"classes":[]},{"id":119440,"url":"https:\/\/www.hoymercedes.com.ar\/principal\/2020\/11\/03\/provincia-destaca-la-caida-de-los-casos-positivos-de-covid-19\/","url_meta":{"origin":130307,"position":3},"title":"Provincia destaca la ca\u00edda de los casos positivos de covid-19","author":"hoymercedes","date":"3 noviembre, 2020","format":false,"excerpt":"El jefe de Gabinete, Carlos Bianco, el ministro de Salud, Daniel Gollan, y el viceministro Nicol\u00e1s Kreplak expusieron hoy en conferencia de prensa las cifras actualizadas sobre la situaci\u00f3n epidemiol\u00f3gica y sanitaria en la provincia de Buenos Aires y el esquema de fases de aislamiento y distanciamiento social, preventivo y\u2026","rel":"","context":"En \u00abProvincia\u00bb","block_context":{"text":"Provincia","link":"https:\/\/www.hoymercedes.com.ar\/principal\/category\/provincia\/"},"img":{"alt_text":"","src":"https:\/\/i0.wp.com\/www.hoymercedes.com.ar\/principal\/wp-content\/uploads\/2020\/11\/03-provincia.jpg?resize=350%2C200&ssl=1","width":350,"height":200,"srcset":"https:\/\/i0.wp.com\/www.hoymercedes.com.ar\/principal\/wp-content\/uploads\/2020\/11\/03-provincia.jpg?resize=350%2C200&ssl=1 1x, https:\/\/i0.wp.com\/www.hoymercedes.com.ar\/principal\/wp-content\/uploads\/2020\/11\/03-provincia.jpg?resize=525%2C300&ssl=1 1.5x, https:\/\/i0.wp.com\/www.hoymercedes.com.ar\/principal\/wp-content\/uploads\/2020\/11\/03-provincia.jpg?resize=700%2C400&ssl=1 2x"},"classes":[]},{"id":120307,"url":"https:\/\/www.hoymercedes.com.ar\/principal\/2020\/11\/17\/provincia-asegura-que-continua-la-baja-de-la-cantidad-de-casos\/","url_meta":{"origin":130307,"position":4},"title":"Provincia asegura que \u00abcontin\u00faa la baja de la cantidad de casos\u00bb","author":"Clarisa Altieri","date":"17 noviembre, 2020","format":false,"excerpt":"El jefe de Gabinete, Carlos Bianco, y el ministro de Salud, Daniel Gollan, presentaron la situaci\u00f3n epidemiol\u00f3gica y sanitaria en la provincia de Buenos Aires y el esquema de fases de aislamiento y distanciamiento social, preventivo y obligatorio en los 135 municipios bonaerenses. Fue en una conferencia de prensa realizada\u2026","rel":"","context":"En \u00abSociedad\u00bb","block_context":{"text":"Sociedad","link":"https:\/\/www.hoymercedes.com.ar\/principal\/category\/sociedad\/"},"img":{"alt_text":"","src":"https:\/\/i0.wp.com\/www.hoymercedes.com.ar\/principal\/wp-content\/uploads\/2020\/11\/MG_0190_2.jpg?resize=350%2C200&ssl=1","width":350,"height":200,"srcset":"https:\/\/i0.wp.com\/www.hoymercedes.com.ar\/principal\/wp-content\/uploads\/2020\/11\/MG_0190_2.jpg?resize=350%2C200&ssl=1 1x, https:\/\/i0.wp.com\/www.hoymercedes.com.ar\/principal\/wp-content\/uploads\/2020\/11\/MG_0190_2.jpg?resize=525%2C300&ssl=1 1.5x, https:\/\/i0.wp.com\/www.hoymercedes.com.ar\/principal\/wp-content\/uploads\/2020\/11\/MG_0190_2.jpg?resize=700%2C400&ssl=1 2x"},"classes":[]},{"id":120702,"url":"https:\/\/www.hoymercedes.com.ar\/principal\/2020\/11\/24\/gobierno-bonaerense-confirmo-que-no-pedira-pcr-a-las-personas-que-vengan-a-la-provincia\/","url_meta":{"origin":130307,"position":5},"title":"Gobierno bonaerense confirm\u00f3 que no pedir\u00e1 PCR a las personas que vengan a la provincia","author":"Clarisa Altieri","date":"24 noviembre, 2020","format":false,"excerpt":"\u00a0El jefe de Gabinete, Carlos Bianco, y el ministro de Salud, Daniel Gollan, presentaron en conferencia de prensa la informaci\u00f3n sobre la situaci\u00f3n epidemiol\u00f3gica y sanitaria en la provincia de Buenos Aires y el esquema de fases de aislamiento y distanciamiento social, preventivo y obligatorio en los 135 municipios bonaerenses.\u2026","rel":"","context":"En \u00abProvincia\u00bb","block_context":{"text":"Provincia","link":"https:\/\/www.hoymercedes.com.ar\/principal\/category\/provincia\/"},"img":{"alt_text":"","src":"https:\/\/i0.wp.com\/www.hoymercedes.com.ar\/principal\/wp-content\/uploads\/2020\/11\/MG_0426.jpg?resize=350%2C200&ssl=1","width":350,"height":200,"srcset":"https:\/\/i0.wp.com\/www.hoymercedes.com.ar\/principal\/wp-content\/uploads\/2020\/11\/MG_0426.jpg?resize=350%2C200&ssl=1 1x, https:\/\/i0.wp.com\/www.hoymercedes.com.ar\/principal\/wp-content\/uploads\/2020\/11\/MG_0426.jpg?resize=525%2C300&ssl=1 1.5x, https:\/\/i0.wp.com\/www.hoymercedes.com.ar\/principal\/wp-content\/uploads\/2020\/11\/MG_0426.jpg?resize=700%2C400&ssl=1 2x"},"classes":[]}],"_links":{"self":[{"href":"https:\/\/www.hoymercedes.com.ar\/principal\/wp-json\/wp\/v2\/posts\/130307","targetHints":{"allow":["GET"]}}],"collection":[{"href":"https:\/\/www.hoymercedes.com.ar\/principal\/wp-json\/wp\/v2\/posts"}],"about":[{"href":"https:\/\/www.hoymercedes.com.ar\/principal\/wp-json\/wp\/v2\/types\/post"}],"author":[{"embeddable":true,"href":"https:\/\/www.hoymercedes.com.ar\/principal\/wp-json\/wp\/v2\/users\/1"}],"replies":[{"embeddable":true,"href":"https:\/\/www.hoymercedes.com.ar\/principal\/wp-json\/wp\/v2\/comments?post=130307"}],"version-history":[{"count":0,"href":"https:\/\/www.hoymercedes.com.ar\/principal\/wp-json\/wp\/v2\/posts\/130307\/revisions"}],"wp:featuredmedia":[{"embeddable":true,"href":"https:\/\/www.hoymercedes.com.ar\/principal\/wp-json\/wp\/v2\/media\/130310"}],"wp:attachment":[{"href":"https:\/\/www.hoymercedes.com.ar\/principal\/wp-json\/wp\/v2\/media?parent=130307"}],"wp:term":[{"taxonomy":"category","embeddable":true,"href":"https:\/\/www.hoymercedes.com.ar\/principal\/wp-json\/wp\/v2\/categories?post=130307"},{"taxonomy":"post_tag","embeddable":true,"href":"https:\/\/www.hoymercedes.com.ar\/principal\/wp-json\/wp\/v2\/tags?post=130307"}],"curies":[{"name":"wp","href":"https:\/\/api.w.org\/{rel}","templated":true}]}}