{"id":130336,"date":"2021-05-19T07:45:00","date_gmt":"2021-05-19T10:45:00","guid":{"rendered":"https:\/\/www.hoymercedes.com.ar\/principal\/?p=130336"},"modified":"2021-05-20T19:37:21","modified_gmt":"2021-05-20T22:37:21","slug":"perelli-se-llevo-el-medal-a-suipacha","status":"publish","type":"post","link":"https:\/\/www.hoymercedes.com.ar\/principal\/2021\/05\/19\/perelli-se-llevo-el-medal-a-suipacha\/","title":{"rendered":"Perelli se llev\u00f3 el Medal a Suipacha"},"content":{"rendered":"\n<p><strong><em>El s\u00e1bado por la tarde se llev\u00f3 a\u00a0acabo\u00a0un nuevo certamen en el Golf Club\u00a0Mercedes.\u00a0Con una tarjeta de 7 bajo el par el\u00a0suipachense\u00a0se qued\u00f3 con el torneo.\u00a0<\/em><\/strong><\/p>\n\n\n\n<div class=\"wp-block-image\"><figure class=\"aligncenter size-large\"><img loading=\"lazy\" decoding=\"async\" width=\"576\" height=\"1024\" data-attachment-id=\"130333\" data-permalink=\"https:\/\/www.hoymercedes.com.ar\/principal\/2021\/05\/18\/jinetes-y-amazonas-locales-se-lucen-en-la-segunda-fecha-del-ahdo\/whatsapp-image-2021-05-17-at-19-48-21\/#main\" data-orig-file=\"https:\/\/www.hoymercedes.com.ar\/principal\/wp-content\/uploads\/2021\/05\/WhatsApp-Image-2021-05-17-at-19.48.21.jpeg\" data-orig-size=\"720,1280\" data-comments-opened=\"0\" data-image-meta=\"{&quot;aperture&quot;:&quot;0&quot;,&quot;credit&quot;:&quot;&quot;,&quot;camera&quot;:&quot;&quot;,&quot;caption&quot;:&quot;&quot;,&quot;created_timestamp&quot;:&quot;0&quot;,&quot;copyright&quot;:&quot;&quot;,&quot;focal_length&quot;:&quot;0&quot;,&quot;iso&quot;:&quot;0&quot;,&quot;shutter_speed&quot;:&quot;0&quot;,&quot;title&quot;:&quot;&quot;,&quot;orientation&quot;:&quot;0&quot;}\" data-image-title=\"WhatsApp Image 2021-05-17 at 19.48.21\" data-image-description=\"\" data-image-caption=\"\" data-large-file=\"https:\/\/www.hoymercedes.com.ar\/principal\/wp-content\/uploads\/2021\/05\/WhatsApp-Image-2021-05-17-at-19.48.21-576x1024.jpeg\" src=\"https:\/\/www.hoymercedes.com.ar\/principal\/wp-content\/uploads\/2021\/05\/WhatsApp-Image-2021-05-17-at-19.48.21-576x1024.jpeg\" alt=\"\" class=\"wp-image-130333\" srcset=\"https:\/\/www.hoymercedes.com.ar\/principal\/wp-content\/uploads\/2021\/05\/WhatsApp-Image-2021-05-17-at-19.48.21-576x1024.jpeg 576w, https:\/\/www.hoymercedes.com.ar\/principal\/wp-content\/uploads\/2021\/05\/WhatsApp-Image-2021-05-17-at-19.48.21-349x620.jpeg 349w, https:\/\/www.hoymercedes.com.ar\/principal\/wp-content\/uploads\/2021\/05\/WhatsApp-Image-2021-05-17-at-19.48.21-84x150.jpeg 84w, https:\/\/www.hoymercedes.com.ar\/principal\/wp-content\/uploads\/2021\/05\/WhatsApp-Image-2021-05-17-at-19.48.21.jpeg 720w\" sizes=\"auto, (max-width: 576px) 100vw, 576px\" \/><figcaption>Con una tarjeta de 7 bajo el par, Rodolfo\u00a0Perelli\u00a0se qued\u00f3 con el torneo.\u00a0<\/figcaption><\/figure><\/div>\n\n\n\n<p>El pasado s\u00e1bado se&nbsp;jugo&nbsp;un nuevo&nbsp;Medal&nbsp;Play a 18 hoyos en las instalaciones del Golf Club Mercedes.&nbsp;<\/p>\n\n\n\n<p>Con una cancha corta, los golfistas presentaron tarjetas muy buenas con varias bajo&nbsp;el&nbsp; par,&nbsp; pero&nbsp;el que sobresali\u00f3 fue el&nbsp;suipachense&nbsp;Rodolfo&nbsp;Perelli,&nbsp;que&nbsp;acostumbrado a trabajar con los palos, se&nbsp;lucio&nbsp;con un rotundo 6, es decir 7 bajo el par de la&nbsp;cancha!!!!&nbsp;<\/p>\n\n\n\n<p><strong>Los resultados fueron:<\/strong>\u00a0<br>1) Rodolfo\u00a0Perelli\u00a063\u00a0<br>2) De Bonis Julio\u00a065\u00a0<br>3)\u00a0V\u00e1zquez\u00a0Lucas\u00a065\u00a0<br>4) Quiroga Manuel\u00a066\u00a0<br>5) Bustos\u00a0Andr\u00e9s\u00a067\u00a0<br>6)\u00a0Sarugo\u00a0Santiago 67\u00a0<br>7)\u00a0Bramajo\u00a0Pedro\u00a068\u00a0<\/p>\n\n\n\n<p>Colaboraci\u00f3n: Mariano Oyarz\u00fa<\/p>\n","protected":false},"excerpt":{"rendered":"<p>El s\u00e1bado por la tarde se llev\u00f3 a\u00a0acabo\u00a0un nuevo certamen en el Golf Club\u00a0Mercedes.\u00a0Con una tarjeta de 7 bajo el &#8230; <a title=\"Perelli se llev\u00f3 el Medal a Suipacha\" class=\"read-more\" href=\"https:\/\/www.hoymercedes.com.ar\/principal\/2021\/05\/19\/perelli-se-llevo-el-medal-a-suipacha\/\" aria-label=\"Leer m\u00e1s sobre Perelli se llev\u00f3 el Medal a Suipacha\">Leer m\u00e1s<\/a><\/p>\n","protected":false},"author":1,"featured_media":130329,"comment_status":"closed","ping_status":"open","sticky":false,"template":"","format":"standard","meta":{"_monsterinsights_skip_tracking":false,"_monsterinsights_sitenote_active":false,"_monsterinsights_sitenote_note":"","_monsterinsights_sitenote_category":0,"jetpack_post_was_ever_published":false,"_jetpack_newsletter_access":"","_jetpack_dont_email_post_to_subs":false,"_jetpack_newsletter_tier_id":0,"_jetpack_memberships_contains_paywalled_content":false,"_jetpack_memberships_contains_paid_content":false,"footnotes":"","jetpack_publicize_message":"","jetpack_publicize_feature_enabled":true,"jetpack_social_post_already_shared":true,"jetpack_social_options":{"image_generator_settings":{"template":"highway","default_image_id":0,"font":"","enabled":false},"version":2},"_wpas_customize_per_network":false},"categories":[21],"tags":[204,14845],"class_list":["post-130336","post","type-post","status-publish","format-standard","has-post-thumbnail","hentry","category-deportes","tag-deportes-2","tag-golf","generate-columns","tablet-grid-50","mobile-grid-100","grid-parent","grid-50"],"jetpack_publicize_connections":[],"jetpack_featured_media_url":"https:\/\/www.hoymercedes.com.ar\/principal\/wp-content\/uploads\/2021\/05\/dgolf.jpeg","wps_subtitle":"Golf","jetpack_sharing_enabled":true,"jetpack-related-posts":[{"id":161097,"url":"https:\/\/www.hoymercedes.com.ar\/principal\/2023\/04\/18\/golf-rodolfo-perelli-se-quedo-con-el-medal\/","url_meta":{"origin":130336,"position":0},"title":"Golf: Rodolfo Perelli se qued\u00f3 con el Medal","author":"hoymercedes","date":"18 abril, 2023","format":false,"excerpt":"El\u00a0 s\u00e1bado se jug\u00f3 un nuevo Medal Play en Golf Club Mercedes, y tambi\u00e9n algunos Match de cuartos de final del Campeonato con Handicap. Muchos golfistas salieron al farway en busca de\u00a0 su mejor tarjeta y a tratar de ganarle a la cancha,\u00a0 en un d\u00eda ideal para la pr\u00e1ctica\u2026","rel":"","context":"En \u00abDeportes\u00bb","block_context":{"text":"Deportes","link":"https:\/\/www.hoymercedes.com.ar\/principal\/category\/deportes\/"},"img":{"alt_text":"","src":"https:\/\/i0.wp.com\/www.hoymercedes.com.ar\/principal\/wp-content\/uploads\/2023\/04\/golf-1704.jpg?resize=350%2C200&ssl=1","width":350,"height":200,"srcset":"https:\/\/i0.wp.com\/www.hoymercedes.com.ar\/principal\/wp-content\/uploads\/2023\/04\/golf-1704.jpg?resize=350%2C200&ssl=1 1x, https:\/\/i0.wp.com\/www.hoymercedes.com.ar\/principal\/wp-content\/uploads\/2023\/04\/golf-1704.jpg?resize=525%2C300&ssl=1 1.5x"},"classes":[]},{"id":148157,"url":"https:\/\/www.hoymercedes.com.ar\/principal\/2022\/05\/18\/golf-medal-en-el-golf-club\/","url_meta":{"origin":130336,"position":1},"title":"Golf: Medal en el Golf Club","author":"hoymercedes","date":"18 mayo, 2022","format":false,"excerpt":"Como todos los s\u00e1bados, se jug\u00f3 un nuevo torneo en el Golf Club Mercedes, en un d\u00eda donde el oto\u00f1o hace de las suyas, dejando una alfombra de hojas.\u00a0 Si bien esto produce la p\u00e9rdida de alguna que otra pelota, el que nunca perdi\u00f3 el rumbo fue Patricio Anderson Zorrilla\u2026","rel":"","context":"En \u00abDeportes\u00bb","block_context":{"text":"Deportes","link":"https:\/\/www.hoymercedes.com.ar\/principal\/category\/deportes\/"},"img":{"alt_text":"","src":"https:\/\/i0.wp.com\/www.hoymercedes.com.ar\/principal\/wp-content\/uploads\/2022\/05\/golf-1605.jpeg?resize=350%2C200&ssl=1","width":350,"height":200,"srcset":"https:\/\/i0.wp.com\/www.hoymercedes.com.ar\/principal\/wp-content\/uploads\/2022\/05\/golf-1605.jpeg?resize=350%2C200&ssl=1 1x, https:\/\/i0.wp.com\/www.hoymercedes.com.ar\/principal\/wp-content\/uploads\/2022\/05\/golf-1605.jpeg?resize=525%2C300&ssl=1 1.5x, https:\/\/i0.wp.com\/www.hoymercedes.com.ar\/principal\/wp-content\/uploads\/2022\/05\/golf-1605.jpeg?resize=700%2C400&ssl=1 2x"},"classes":[]},{"id":143338,"url":"https:\/\/www.hoymercedes.com.ar\/principal\/2022\/01\/31\/golf-nuevo-puntero-y-hoyo-en-uno\/","url_meta":{"origin":130336,"position":2},"title":"Golf: Nuevo puntero y hoyo en uno","author":"hoymercedes","date":"31 enero, 2022","format":false,"excerpt":"El s\u00e1bado por la tarde se realiz\u00f3 un nuevo Medal en el GCM. Roberto Ghiglione fue el mejor de la jornada y Rodolfo Perelli logr\u00f3 un\u00a0 hoyo en uno en el par tres del hoyo 12.\u00a0 El s\u00e1bado se jug\u00f3 un nuevo Medal en el Golf Club Mercedes. Desde temprano\u2026","rel":"","context":"En \u00abDeportes\u00bb","block_context":{"text":"Deportes","link":"https:\/\/www.hoymercedes.com.ar\/principal\/category\/deportes\/"},"img":{"alt_text":"","src":"https:\/\/i0.wp.com\/www.hoymercedes.com.ar\/principal\/wp-content\/uploads\/2022\/01\/golf.jpeg?resize=350%2C200&ssl=1","width":350,"height":200,"srcset":"https:\/\/i0.wp.com\/www.hoymercedes.com.ar\/principal\/wp-content\/uploads\/2022\/01\/golf.jpeg?resize=350%2C200&ssl=1 1x, https:\/\/i0.wp.com\/www.hoymercedes.com.ar\/principal\/wp-content\/uploads\/2022\/01\/golf.jpeg?resize=525%2C300&ssl=1 1.5x"},"classes":[]},{"id":157846,"url":"https:\/\/www.hoymercedes.com.ar\/principal\/2023\/01\/31\/golf-razzetti-se-quedo-con-el-medal-del-gcm\/","url_meta":{"origin":130336,"position":3},"title":"Golf: Razzetti se qued\u00f3 con el Medal del GCM\u00a0","author":"hoymercedes","date":"31 enero, 2023","format":false,"excerpt":"Con antecedente de hoyo en uno hace unos d\u00edas,\u00a0 present\u00f3\u00a0 en el Club House\u00a0 una tarjeta de 3 bajo el par, es decir de 67 golpes y se transform\u00f3, en el mejor jugador del s\u00e1bado.\u00a0","rel":"","context":"En \u00abDeportes\u00bb","block_context":{"text":"Deportes","link":"https:\/\/www.hoymercedes.com.ar\/principal\/category\/deportes\/"},"img":{"alt_text":"","src":"https:\/\/i0.wp.com\/www.hoymercedes.com.ar\/principal\/wp-content\/uploads\/2023\/01\/dgolf-3001-1.jpeg?resize=350%2C200&ssl=1","width":350,"height":200,"srcset":"https:\/\/i0.wp.com\/www.hoymercedes.com.ar\/principal\/wp-content\/uploads\/2023\/01\/dgolf-3001-1.jpeg?resize=350%2C200&ssl=1 1x, https:\/\/i0.wp.com\/www.hoymercedes.com.ar\/principal\/wp-content\/uploads\/2023\/01\/dgolf-3001-1.jpeg?resize=525%2C300&ssl=1 1.5x, https:\/\/i0.wp.com\/www.hoymercedes.com.ar\/principal\/wp-content\/uploads\/2023\/01\/dgolf-3001-1.jpeg?resize=700%2C400&ssl=1 2x"},"classes":[]},{"id":158600,"url":"https:\/\/www.hoymercedes.com.ar\/principal\/2023\/02\/22\/golf-pedro-bramajo-asegura-la-clasificacion\/","url_meta":{"origin":130336,"position":4},"title":"Golf: Pedro Bramajo asegura la clasificaci\u00f3n\u00a0","author":"hoymercedes","date":"22 febrero, 2023","format":false,"excerpt":"Present\u00f3 una tarjeta de seis bajo el par de la cancha y se qued\u00f3 con un lugar en la final del 4 de marzo. La pr\u00f3xima fecha se definen el restos de los finalistas.\u00a0 Este s\u00e1bado se jug\u00f3 la s\u00e9ptima y pen\u00faltima fecha del Torneo denominado Gran Prix de Verano\u00a0\u2026","rel":"","context":"En \u00abDeportes\u00bb","block_context":{"text":"Deportes","link":"https:\/\/www.hoymercedes.com.ar\/principal\/category\/deportes\/"},"img":{"alt_text":"","src":"https:\/\/i0.wp.com\/www.hoymercedes.com.ar\/principal\/wp-content\/uploads\/2023\/02\/golf-2102.jpeg?resize=350%2C200&ssl=1","width":350,"height":200,"srcset":"https:\/\/i0.wp.com\/www.hoymercedes.com.ar\/principal\/wp-content\/uploads\/2023\/02\/golf-2102.jpeg?resize=350%2C200&ssl=1 1x, https:\/\/i0.wp.com\/www.hoymercedes.com.ar\/principal\/wp-content\/uploads\/2023\/02\/golf-2102.jpeg?resize=525%2C300&ssl=1 1.5x, https:\/\/i0.wp.com\/www.hoymercedes.com.ar\/principal\/wp-content\/uploads\/2023\/02\/golf-2102.jpeg?resize=700%2C400&ssl=1 2x"},"classes":[]},{"id":151511,"url":"https:\/\/www.hoymercedes.com.ar\/principal\/2022\/08\/03\/golf-diaz-y-ferraris-campeones\/","url_meta":{"origin":130336,"position":5},"title":"Golf: D\u00edaz y Ferraris campeones\u00a0","author":"hoymercedes","date":"3 agosto, 2022","format":false,"excerpt":"El s\u00e1bado pasado se vivi\u00f3 una nutrida tarde deportiva en el Golf Club Mercedes. Hubo competencia por el cl\u00e1sico Medal y finalmente, se conocieron a los campeones del \u201cTorneo de Parejas con Handicap\u201d","rel":"","context":"En \u00abDeportes\u00bb","block_context":{"text":"Deportes","link":"https:\/\/www.hoymercedes.com.ar\/principal\/category\/deportes\/"},"img":{"alt_text":"","src":"https:\/\/i0.wp.com\/www.hoymercedes.com.ar\/principal\/wp-content\/uploads\/2022\/08\/golf-0108.jpeg?resize=350%2C200&ssl=1","width":350,"height":200,"srcset":"https:\/\/i0.wp.com\/www.hoymercedes.com.ar\/principal\/wp-content\/uploads\/2022\/08\/golf-0108.jpeg?resize=350%2C200&ssl=1 1x, https:\/\/i0.wp.com\/www.hoymercedes.com.ar\/principal\/wp-content\/uploads\/2022\/08\/golf-0108.jpeg?resize=525%2C300&ssl=1 1.5x, https:\/\/i0.wp.com\/www.hoymercedes.com.ar\/principal\/wp-content\/uploads\/2022\/08\/golf-0108.jpeg?resize=700%2C400&ssl=1 2x"},"classes":[]}],"_links":{"self":[{"href":"https:\/\/www.hoymercedes.com.ar\/principal\/wp-json\/wp\/v2\/posts\/130336","targetHints":{"allow":["GET"]}}],"collection":[{"href":"https:\/\/www.hoymercedes.com.ar\/principal\/wp-json\/wp\/v2\/posts"}],"about":[{"href":"https:\/\/www.hoymercedes.com.ar\/principal\/wp-json\/wp\/v2\/types\/post"}],"author":[{"embeddable":true,"href":"https:\/\/www.hoymercedes.com.ar\/principal\/wp-json\/wp\/v2\/users\/1"}],"replies":[{"embeddable":true,"href":"https:\/\/www.hoymercedes.com.ar\/principal\/wp-json\/wp\/v2\/comments?post=130336"}],"version-history":[{"count":0,"href":"https:\/\/www.hoymercedes.com.ar\/principal\/wp-json\/wp\/v2\/posts\/130336\/revisions"}],"wp:featuredmedia":[{"embeddable":true,"href":"https:\/\/www.hoymercedes.com.ar\/principal\/wp-json\/wp\/v2\/media\/130329"}],"wp:attachment":[{"href":"https:\/\/www.hoymercedes.com.ar\/principal\/wp-json\/wp\/v2\/media?parent=130336"}],"wp:term":[{"taxonomy":"category","embeddable":true,"href":"https:\/\/www.hoymercedes.com.ar\/principal\/wp-json\/wp\/v2\/categories?post=130336"},{"taxonomy":"post_tag","embeddable":true,"href":"https:\/\/www.hoymercedes.com.ar\/principal\/wp-json\/wp\/v2\/tags?post=130336"}],"curies":[{"name":"wp","href":"https:\/\/api.w.org\/{rel}","templated":true}]}}