{"id":130407,"date":"2021-05-20T07:40:00","date_gmt":"2021-05-20T10:40:00","guid":{"rendered":"http:\/\/www.hoymercedes.com.ar\/principal\/?p=130407"},"modified":"2021-05-20T19:34:28","modified_gmt":"2021-05-20T22:34:28","slug":"se-extienden-los-dias-del-acuerdo-de-precios-para-la-carne","status":"publish","type":"post","link":"https:\/\/www.hoymercedes.com.ar\/principal\/2021\/05\/20\/se-extienden-los-dias-del-acuerdo-de-precios-para-la-carne\/","title":{"rendered":"Se extienden los d\u00edas del Acuerdo de Precios para la Carne"},"content":{"rendered":"\n<p>Desde el \u00e1rea de Defensa del Consumidor informaron que extiende el programa de \u201cPrecios Cuidados para Carne\u201d y se suman nuevos cortes y en Mercedes los encontr\u00e1s en los Supermercados La An\u00f3nima y Vea.<\/p>\n\n\n\n<p>Mediante un nuevo acuerdo del Gobierno Nacional con los productores y grandes cadenas de supermercados, los cortes m\u00e1s representativos tendr\u00e1n un precio hasta un 30% m\u00e1s bajo que en diciembre del a\u00f1o 2020.<\/p>\n\n\n\n<p>En nuestra ciudad, este acuerdo se va a reflejar en las g\u00f3ndolas de los supermercados La An\u00f3nima y en Vea. El mismo regir\u00e1 de lunes a viernes hasta el mes de diciembre del corriente a\u00f1o.<\/p>\n\n\n\n<p>El Acuerdo de la Carne posee un tope diario y no se podr\u00e1 adquirir m\u00e1s de 3 kilos y medio por corte por persona. Entre ellos se encuentran a disposici\u00f3n tira de asado y el vac\u00edo, a $359 y $499 respectivamente y cuadrada a $515.<\/p>\n\n\n\n<p>Desde el \u00c1rea Municipal de Defensa del Consumidor a cargo de Eugenia C\u00f3dega estar\u00e1n abocados semanalmente al control de los precios y la reposici\u00f3n del producto.<\/p>\n\n\n\n<p>Es responsabilidad del Supermercado reponer y garantizar el acuerdo. Que los cortes sean de calidad y los precios correctos tambi\u00e9n, es la propia carne de An\u00f3nima y Vea la que se acord\u00f3 y presentada en g\u00f3ndolas.<\/p>\n\n\n\n<p>Para asesoramiento y\/o reclamos dirigirse a la calle 30 entre 29 y 27. Contactarse por tel\u00e9fono al 427645. Llamar al 147. Enviar correo electr\u00f3nico a omicmercedes@gmail.com.<\/p>\n\n\n\n<p>Fuente: Prensa Municipal<\/p>\n\n\n\n<div class=\"wp-block-image\"><figure class=\"aligncenter size-large\"><img loading=\"lazy\" decoding=\"async\" width=\"800\" height=\"800\" data-attachment-id=\"130408\" data-permalink=\"https:\/\/www.hoymercedes.com.ar\/principal\/2021\/05\/20\/se-extienden-los-dias-del-acuerdo-de-precios-para-la-carne\/19-acuerdo-carnes\/#main\" data-orig-file=\"https:\/\/www.hoymercedes.com.ar\/principal\/wp-content\/uploads\/2021\/05\/19-acuerdo-carnes.jpg\" data-orig-size=\"800,800\" data-comments-opened=\"0\" data-image-meta=\"{&quot;aperture&quot;:&quot;0&quot;,&quot;credit&quot;:&quot;&quot;,&quot;camera&quot;:&quot;&quot;,&quot;caption&quot;:&quot;&quot;,&quot;created_timestamp&quot;:&quot;0&quot;,&quot;copyright&quot;:&quot;&quot;,&quot;focal_length&quot;:&quot;0&quot;,&quot;iso&quot;:&quot;0&quot;,&quot;shutter_speed&quot;:&quot;0&quot;,&quot;title&quot;:&quot;&quot;,&quot;orientation&quot;:&quot;0&quot;}\" data-image-title=\"19 acuerdo carnes\" data-image-description=\"\" data-image-caption=\"\" data-large-file=\"https:\/\/www.hoymercedes.com.ar\/principal\/wp-content\/uploads\/2021\/05\/19-acuerdo-carnes.jpg\" src=\"https:\/\/www.hoymercedes.com.ar\/principal\/wp-content\/uploads\/2021\/05\/19-acuerdo-carnes.jpg\" alt=\"\" class=\"wp-image-130408\" srcset=\"https:\/\/www.hoymercedes.com.ar\/principal\/wp-content\/uploads\/2021\/05\/19-acuerdo-carnes.jpg 800w, https:\/\/www.hoymercedes.com.ar\/principal\/wp-content\/uploads\/2021\/05\/19-acuerdo-carnes-620x620.jpg 620w, https:\/\/www.hoymercedes.com.ar\/principal\/wp-content\/uploads\/2021\/05\/19-acuerdo-carnes-150x150.jpg 150w\" sizes=\"auto, (max-width: 800px) 100vw, 800px\" \/><\/figure><\/div>\n","protected":false},"excerpt":{"rendered":"<p>Desde el \u00e1rea de Defensa del Consumidor informaron que extiende el programa de \u201cPrecios Cuidados para Carne\u201d y se suman &#8230; <a title=\"Se extienden los d\u00edas del Acuerdo de Precios para la Carne\" class=\"read-more\" href=\"https:\/\/www.hoymercedes.com.ar\/principal\/2021\/05\/20\/se-extienden-los-dias-del-acuerdo-de-precios-para-la-carne\/\" aria-label=\"Leer m\u00e1s sobre Se extienden los d\u00edas del Acuerdo de Precios para la Carne\">Leer m\u00e1s<\/a><\/p>\n","protected":false},"author":1,"featured_media":130408,"comment_status":"closed","ping_status":"open","sticky":false,"template":"","format":"standard","meta":{"_monsterinsights_skip_tracking":false,"_monsterinsights_sitenote_active":false,"_monsterinsights_sitenote_note":"","_monsterinsights_sitenote_category":0,"jetpack_post_was_ever_published":false,"_jetpack_newsletter_access":"","_jetpack_dont_email_post_to_subs":false,"_jetpack_newsletter_tier_id":0,"_jetpack_memberships_contains_paywalled_content":false,"_jetpack_memberships_contains_paid_content":false,"footnotes":"","jetpack_publicize_message":"","jetpack_publicize_feature_enabled":true,"jetpack_social_post_already_shared":true,"jetpack_social_options":{"image_generator_settings":{"template":"highway","default_image_id":0,"font":"","enabled":false},"version":2},"_wpas_customize_per_network":false},"categories":[30],"tags":[17785,13232,244,185],"class_list":["post-130407","post","type-post","status-publish","format-standard","has-post-thumbnail","hentry","category-municipio","tag-acuerdo-de-precios","tag-comercial","tag-municipio-2","tag-nacion","generate-columns","tablet-grid-50","mobile-grid-100","grid-parent","grid-50"],"jetpack_publicize_connections":[],"jetpack_featured_media_url":"https:\/\/www.hoymercedes.com.ar\/principal\/wp-content\/uploads\/2021\/05\/19-acuerdo-carnes.jpg","wps_subtitle":"Programa nacional","jetpack_sharing_enabled":true,"jetpack-related-posts":[{"id":125045,"url":"https:\/\/www.hoymercedes.com.ar\/principal\/2021\/02\/19\/en-mercedes-rige-desde-el-sabado-el-acuerdo-de-precios-para-la-carne\/","url_meta":{"origin":130407,"position":0},"title":"En Mercedes rige desde el s\u00e1bado el acuerdo de precios para la carne","author":"hoymercedes","date":"19 febrero, 2021","format":false,"excerpt":"A partir de este s\u00e1bado 20 de febrero comienza a regir el Acuerdo de Precios para la Carne en los locales adheridos -La An\u00f3nima y Vea- de la ciudad, mismo que se extender\u00e1 hasta el 31 de marzo. Este programa lo impulsa el Gobierno Nacional y estipula una rebaja en\u2026","rel":"","context":"En \u00abMunicipio\u00bb","block_context":{"text":"Municipio","link":"https:\/\/www.hoymercedes.com.ar\/principal\/category\/municipio\/"},"img":{"alt_text":"","src":"https:\/\/i0.wp.com\/www.hoymercedes.com.ar\/principal\/wp-content\/uploads\/2021\/02\/photo5005763738036447520-e1613695728755.jpg?resize=350%2C200&ssl=1","width":350,"height":200,"srcset":"https:\/\/i0.wp.com\/www.hoymercedes.com.ar\/principal\/wp-content\/uploads\/2021\/02\/photo5005763738036447520-e1613695728755.jpg?resize=350%2C200&ssl=1 1x, https:\/\/i0.wp.com\/www.hoymercedes.com.ar\/principal\/wp-content\/uploads\/2021\/02\/photo5005763738036447520-e1613695728755.jpg?resize=525%2C300&ssl=1 1.5x, https:\/\/i0.wp.com\/www.hoymercedes.com.ar\/principal\/wp-content\/uploads\/2021\/02\/photo5005763738036447520-e1613695728755.jpg?resize=700%2C400&ssl=1 2x"},"classes":[]},{"id":130071,"url":"https:\/\/www.hoymercedes.com.ar\/principal\/2021\/05\/13\/nuevos-cortes-de-carne-a-precios-populares\/","url_meta":{"origin":130407,"position":1},"title":"Nuevos cortes de carne a precios populares","author":"hoymercedes","date":"13 mayo, 2021","format":false,"excerpt":"Tras la renovaci\u00f3n del acuerdo, los 11 cortes se podr\u00e1n encontrar en La An\u00f3nima y en Vea. Estar\u00e1n disponibles de lunes a viernes y tendr\u00e1 vigencia hasta el 31 de diciembre del 2021 con una actualizaci\u00f3n trimestral. El \u00e1rea de Defensa al Consumidor Mercedes estar\u00e1 a cargo de los controles\u2026","rel":"","context":"En \u00abComercial\u00bb","block_context":{"text":"Comercial","link":"https:\/\/www.hoymercedes.com.ar\/principal\/category\/tie-business\/"},"img":{"alt_text":"","src":"https:\/\/i0.wp.com\/www.hoymercedes.com.ar\/principal\/wp-content\/uploads\/2021\/05\/carne-acuerdo.jpg?resize=350%2C200&ssl=1","width":350,"height":200,"srcset":"https:\/\/i0.wp.com\/www.hoymercedes.com.ar\/principal\/wp-content\/uploads\/2021\/05\/carne-acuerdo.jpg?resize=350%2C200&ssl=1 1x, https:\/\/i0.wp.com\/www.hoymercedes.com.ar\/principal\/wp-content\/uploads\/2021\/05\/carne-acuerdo.jpg?resize=525%2C300&ssl=1 1.5x, https:\/\/i0.wp.com\/www.hoymercedes.com.ar\/principal\/wp-content\/uploads\/2021\/05\/carne-acuerdo.jpg?resize=700%2C400&ssl=1 2x"},"classes":[]},{"id":149295,"url":"https:\/\/www.hoymercedes.com.ar\/principal\/2022\/06\/10\/actualizaron-los-valores-de-precios-cuidados\/","url_meta":{"origin":130407,"position":2},"title":"Actualizaron los valores de Precios Cuidados","author":"hoymercedes","date":"10 junio, 2022","format":false,"excerpt":"Subi\u00f3 el precio de la carne. En la canasta de verduras y frutas, la \u00fanica suba fue para el kilo de papa, que pas\u00f3 de $49 a $59, es decir un 20,4%. Control de precios La secretar\u00eda de Comercio Interior anunci\u00f3 una actualizaci\u00f3n de los Precios Cuidados que impact\u00f3 en\u2026","rel":"","context":"En \u00abNaci\u00f3n\u00bb","block_context":{"text":"Naci\u00f3n","link":"https:\/\/www.hoymercedes.com.ar\/principal\/category\/nacion\/"},"img":{"alt_text":"","src":"https:\/\/i0.wp.com\/www.hoymercedes.com.ar\/principal\/wp-content\/uploads\/2022\/06\/precios-cuidados.png?resize=350%2C200&ssl=1","width":350,"height":200,"srcset":"https:\/\/i0.wp.com\/www.hoymercedes.com.ar\/principal\/wp-content\/uploads\/2022\/06\/precios-cuidados.png?resize=350%2C200&ssl=1 1x, https:\/\/i0.wp.com\/www.hoymercedes.com.ar\/principal\/wp-content\/uploads\/2022\/06\/precios-cuidados.png?resize=525%2C300&ssl=1 1.5x, https:\/\/i0.wp.com\/www.hoymercedes.com.ar\/principal\/wp-content\/uploads\/2022\/06\/precios-cuidados.png?resize=700%2C400&ssl=1 2x"},"classes":[]},{"id":29863,"url":"https:\/\/www.hoymercedes.com.ar\/principal\/2014\/02\/12\/precios-ok-la-aplicacion-para-controlar-precios-tambien-en-mercedes\/","url_meta":{"origin":130407,"position":3},"title":"\u00abPrecios OK\u00bb: la aplicaci\u00f3n para controlar precios tambi\u00e9n en Mercedes","author":"hoymercedes","date":"12 febrero, 2014","format":false,"excerpt":"En Mercedes se puede utilizar. Dos estudiantes de la UBA lanzaron una aplicaci\u00f3n que se puso en el top ten de las descargar para tel\u00e9fonos m\u00f3viles donde se muestran los precios sugeridos y establecidos en el denominado \"Precios ciudadanos\". La aplicaci\u00f3n para Android se llama \"Precios Ok\" y es la\u2026","rel":"","context":"En \u00abSociedad\u00bb","block_context":{"text":"Sociedad","link":"https:\/\/www.hoymercedes.com.ar\/principal\/category\/sociedad\/"},"img":{"alt_text":"PreciosOk","src":"https:\/\/i0.wp.com\/www.hoymercedes.com.ar\/principal\/wp-content\/uploads\/2014\/02\/PreciosOk.jpg?resize=350%2C200","width":350,"height":200,"srcset":"https:\/\/i0.wp.com\/www.hoymercedes.com.ar\/principal\/wp-content\/uploads\/2014\/02\/PreciosOk.jpg?resize=350%2C200 1x, https:\/\/i0.wp.com\/www.hoymercedes.com.ar\/principal\/wp-content\/uploads\/2014\/02\/PreciosOk.jpg?resize=525%2C300 1.5x"},"classes":[]},{"id":126350,"url":"https:\/\/www.hoymercedes.com.ar\/principal\/2021\/03\/16\/defensa-del-consumidor-refuerza-los-controles-sobre-los-precios\/","url_meta":{"origin":130407,"position":4},"title":"Defensa del Consumidor refuerza los controles sobre los precios","author":"hoymercedes","date":"16 marzo, 2021","format":false,"excerpt":"La sub direcci\u00f3n de Defensa del Consumidor municipal encargada de trabajar en torno a los derechos de las y los consumidores sigue adelante con el control de precios y productos en los supermercados de la ciudad. \u00a0 Este lunes hubo un operativo especial de la Sub Direcci\u00f3n de Defensa del\u2026","rel":"","context":"En \u00abMunicipio\u00bb","block_context":{"text":"Municipio","link":"https:\/\/www.hoymercedes.com.ar\/principal\/category\/municipio\/"},"img":{"alt_text":"","src":"https:\/\/i0.wp.com\/www.hoymercedes.com.ar\/principal\/wp-content\/uploads\/2021\/03\/Controles-3.jpeg?resize=350%2C200&ssl=1","width":350,"height":200,"srcset":"https:\/\/i0.wp.com\/www.hoymercedes.com.ar\/principal\/wp-content\/uploads\/2021\/03\/Controles-3.jpeg?resize=350%2C200&ssl=1 1x, https:\/\/i0.wp.com\/www.hoymercedes.com.ar\/principal\/wp-content\/uploads\/2021\/03\/Controles-3.jpeg?resize=525%2C300&ssl=1 1.5x, https:\/\/i0.wp.com\/www.hoymercedes.com.ar\/principal\/wp-content\/uploads\/2021\/03\/Controles-3.jpeg?resize=700%2C400&ssl=1 2x"},"classes":[]},{"id":107828,"url":"https:\/\/www.hoymercedes.com.ar\/principal\/2020\/03\/17\/coronavirus-omic-recorre-supermercados-para-verificar-acciones-comerciales\/","url_meta":{"origin":130407,"position":5},"title":"Coronavirus: OMIC recorre supermercados para verificar acciones comerciales","author":"hoymercedes","date":"17 marzo, 2020","format":false,"excerpt":"La Oficina Municipal de Informaci\u00f3n al Consumidor (OMIC) y representantes locales del Defensor del Pueblo Bonaerenses, por estos d\u00edas est\u00e1 trabajando para que los comercios de venta de alimento lleven adelante acciones comerciales ante la emergencia sanitaria. Mart\u00edn Boragno, responsable del OMIC cont\u00f3 que mantuvo reuniones en post de mejorar\u2026","rel":"","context":"En \u00abMunicipio\u00bb","block_context":{"text":"Municipio","link":"https:\/\/www.hoymercedes.com.ar\/principal\/category\/municipio\/"},"img":{"alt_text":"","src":"https:\/\/i0.wp.com\/www.hoymercedes.com.ar\/principal\/wp-content\/uploads\/2020\/03\/17-omic-consumidor-1.jpg?resize=350%2C200&ssl=1","width":350,"height":200,"srcset":"https:\/\/i0.wp.com\/www.hoymercedes.com.ar\/principal\/wp-content\/uploads\/2020\/03\/17-omic-consumidor-1.jpg?resize=350%2C200&ssl=1 1x, https:\/\/i0.wp.com\/www.hoymercedes.com.ar\/principal\/wp-content\/uploads\/2020\/03\/17-omic-consumidor-1.jpg?resize=525%2C300&ssl=1 1.5x, https:\/\/i0.wp.com\/www.hoymercedes.com.ar\/principal\/wp-content\/uploads\/2020\/03\/17-omic-consumidor-1.jpg?resize=700%2C400&ssl=1 2x"},"classes":[]}],"_links":{"self":[{"href":"https:\/\/www.hoymercedes.com.ar\/principal\/wp-json\/wp\/v2\/posts\/130407","targetHints":{"allow":["GET"]}}],"collection":[{"href":"https:\/\/www.hoymercedes.com.ar\/principal\/wp-json\/wp\/v2\/posts"}],"about":[{"href":"https:\/\/www.hoymercedes.com.ar\/principal\/wp-json\/wp\/v2\/types\/post"}],"author":[{"embeddable":true,"href":"https:\/\/www.hoymercedes.com.ar\/principal\/wp-json\/wp\/v2\/users\/1"}],"replies":[{"embeddable":true,"href":"https:\/\/www.hoymercedes.com.ar\/principal\/wp-json\/wp\/v2\/comments?post=130407"}],"version-history":[{"count":0,"href":"https:\/\/www.hoymercedes.com.ar\/principal\/wp-json\/wp\/v2\/posts\/130407\/revisions"}],"wp:featuredmedia":[{"embeddable":true,"href":"https:\/\/www.hoymercedes.com.ar\/principal\/wp-json\/wp\/v2\/media\/130408"}],"wp:attachment":[{"href":"https:\/\/www.hoymercedes.com.ar\/principal\/wp-json\/wp\/v2\/media?parent=130407"}],"wp:term":[{"taxonomy":"category","embeddable":true,"href":"https:\/\/www.hoymercedes.com.ar\/principal\/wp-json\/wp\/v2\/categories?post=130407"},{"taxonomy":"post_tag","embeddable":true,"href":"https:\/\/www.hoymercedes.com.ar\/principal\/wp-json\/wp\/v2\/tags?post=130407"}],"curies":[{"name":"wp","href":"https:\/\/api.w.org\/{rel}","templated":true}]}}