{"id":130411,"date":"2021-05-19T21:00:44","date_gmt":"2021-05-20T00:00:44","guid":{"rendered":"https:\/\/www.hoymercedes.com.ar\/principal\/?p=130411"},"modified":"2021-05-19T21:00:48","modified_gmt":"2021-05-20T00:00:48","slug":"filman-impactante-caida-en-moto-en-ruta-no5","status":"publish","type":"post","link":"https:\/\/www.hoymercedes.com.ar\/principal\/2021\/05\/19\/filman-impactante-caida-en-moto-en-ruta-no5\/","title":{"rendered":"Filman impactante ca\u00edda en moto en Ruta N\u00ba5"},"content":{"rendered":"\n<figure class=\"wp-block-embed is-type-video is-provider-youtube wp-block-embed-youtube wp-embed-aspect-16-9 wp-has-aspect-ratio\"><div class=\"wp-block-embed__wrapper\">\n<span class=\"embed-youtube\" style=\"text-align:center; display: block;\"><iframe loading=\"lazy\" class=\"youtube-player\" width=\"1200\" height=\"675\" src=\"https:\/\/www.youtube.com\/embed\/XHm3KZ2szx4?version=3&#038;rel=1&#038;showsearch=0&#038;showinfo=1&#038;iv_load_policy=1&#038;fs=1&#038;hl=es-ES&#038;autohide=2&#038;wmode=transparent\" allowfullscreen=\"true\" style=\"border:0;\" sandbox=\"allow-scripts allow-same-origin allow-popups allow-presentation allow-popups-to-escape-sandbox\"><\/iframe><\/span>\n<\/div><\/figure>\n\n\n\n<p>Un espectacular video circula por <strong>redes sociales y whatapp<\/strong>. Se trata de una ca\u00edda de moto sucedida d\u00edas atr\u00e1s en ruta nacional n\u00ba5 a una velocidad cercana a los 300km, se desprende de comentarios de usuarios que expusieron el video. Seg\u00fan se pudo ver en fotos posteriores la joven que cae de una motocicleta result\u00f3 con heridas y raspaduras leves. Ten\u00eda casco y medidas de seguridad que habr\u00edan sido claves. No se obtuvo parte oficial del hecho. <\/p>\n\n\n\n<p>El acontecimiento fue a plena luz del d\u00eda y filmado por otra moto cercana.<\/p>\n\n\n\n<p>Se desconocen los datos de los involucrados, pero s\u00ed que circul\u00f3 por gran cantidad de redes que lo convirtieron en p\u00fablico y viral.<\/p>\n","protected":false},"excerpt":{"rendered":"<p>Un espectacular video circula por redes sociales y whatapp. Se trata de una ca\u00edda de moto sucedida d\u00edas atr\u00e1s en &#8230; <a title=\"Filman impactante ca\u00edda en moto en Ruta N\u00ba5\" class=\"read-more\" href=\"https:\/\/www.hoymercedes.com.ar\/principal\/2021\/05\/19\/filman-impactante-caida-en-moto-en-ruta-no5\/\" aria-label=\"Leer m\u00e1s sobre Filman impactante ca\u00edda en moto en Ruta N\u00ba5\">Leer m\u00e1s<\/a><\/p>\n","protected":false},"author":1,"featured_media":130412,"comment_status":"closed","ping_status":"open","sticky":false,"template":"","format":"standard","meta":{"_monsterinsights_skip_tracking":false,"_monsterinsights_sitenote_active":false,"_monsterinsights_sitenote_note":"","_monsterinsights_sitenote_category":0,"jetpack_post_was_ever_published":false,"_jetpack_newsletter_access":"","_jetpack_dont_email_post_to_subs":false,"_jetpack_newsletter_tier_id":0,"_jetpack_memberships_contains_paywalled_content":false,"_jetpack_memberships_contains_paid_content":false,"footnotes":"","jetpack_publicize_message":"","jetpack_publicize_feature_enabled":true,"jetpack_social_post_already_shared":true,"jetpack_social_options":{"image_generator_settings":{"template":"highway","default_image_id":0,"font":"","enabled":false},"version":2},"_wpas_customize_per_network":false},"categories":[85],"tags":[10395],"class_list":["post-130411","post","type-post","status-publish","format-standard","has-post-thumbnail","hentry","category-policial","tag-siniestro-vial","generate-columns","tablet-grid-50","mobile-grid-100","grid-parent","grid-50"],"jetpack_publicize_connections":[],"jetpack_featured_media_url":"https:\/\/www.hoymercedes.com.ar\/principal\/wp-content\/uploads\/2021\/05\/giphy.gif","wps_subtitle":"Siniestro vial","jetpack_sharing_enabled":true,"_links":{"self":[{"href":"https:\/\/www.hoymercedes.com.ar\/principal\/wp-json\/wp\/v2\/posts\/130411","targetHints":{"allow":["GET"]}}],"collection":[{"href":"https:\/\/www.hoymercedes.com.ar\/principal\/wp-json\/wp\/v2\/posts"}],"about":[{"href":"https:\/\/www.hoymercedes.com.ar\/principal\/wp-json\/wp\/v2\/types\/post"}],"author":[{"embeddable":true,"href":"https:\/\/www.hoymercedes.com.ar\/principal\/wp-json\/wp\/v2\/users\/1"}],"replies":[{"embeddable":true,"href":"https:\/\/www.hoymercedes.com.ar\/principal\/wp-json\/wp\/v2\/comments?post=130411"}],"version-history":[{"count":0,"href":"https:\/\/www.hoymercedes.com.ar\/principal\/wp-json\/wp\/v2\/posts\/130411\/revisions"}],"wp:featuredmedia":[{"embeddable":true,"href":"https:\/\/www.hoymercedes.com.ar\/principal\/wp-json\/wp\/v2\/media\/130412"}],"wp:attachment":[{"href":"https:\/\/www.hoymercedes.com.ar\/principal\/wp-json\/wp\/v2\/media?parent=130411"}],"wp:term":[{"taxonomy":"category","embeddable":true,"href":"https:\/\/www.hoymercedes.com.ar\/principal\/wp-json\/wp\/v2\/categories?post=130411"},{"taxonomy":"post_tag","embeddable":true,"href":"https:\/\/www.hoymercedes.com.ar\/principal\/wp-json\/wp\/v2\/tags?post=130411"}],"curies":[{"name":"wp","href":"https:\/\/api.w.org\/{rel}","templated":true}]}}