{"id":130419,"date":"2021-05-20T09:49:00","date_gmt":"2021-05-20T12:49:00","guid":{"rendered":"https:\/\/www.hoymercedes.com.ar\/principal\/?p=130419"},"modified":"2021-05-20T19:33:48","modified_gmt":"2021-05-20T22:33:48","slug":"detenidos-en-operativo-policial-en-ruta-5","status":"publish","type":"post","link":"https:\/\/www.hoymercedes.com.ar\/principal\/2021\/05\/20\/detenidos-en-operativo-policial-en-ruta-5\/","title":{"rendered":"Detenidos en operativo policial en Ruta 5"},"content":{"rendered":"\n<p>En operativo de intercepci\u00f3n vehicular ubicado a la altura del km 126 y acceso a Suipacha, se identific\u00f3 y detuvo a tres personas por distintos delitos.<\/p>\n\n\n\n<div class=\"wp-block-image\"><figure class=\"aligncenter size-large\"><img loading=\"lazy\" decoding=\"async\" width=\"800\" height=\"600\" data-attachment-id=\"130422\" data-permalink=\"https:\/\/www.hoymercedes.com.ar\/principal\/2021\/05\/20\/detenidos-en-operativo-policial-en-ruta-5\/fb_img_1621474714000_copy_800x600\/#main\" data-orig-file=\"https:\/\/www.hoymercedes.com.ar\/principal\/wp-content\/uploads\/2021\/05\/FB_IMG_1621474714000_copy_800x600.jpg\" data-orig-size=\"800,600\" data-comments-opened=\"0\" data-image-meta=\"{&quot;aperture&quot;:&quot;0&quot;,&quot;credit&quot;:&quot;&quot;,&quot;camera&quot;:&quot;&quot;,&quot;caption&quot;:&quot;&quot;,&quot;created_timestamp&quot;:&quot;0&quot;,&quot;copyright&quot;:&quot;&quot;,&quot;focal_length&quot;:&quot;0&quot;,&quot;iso&quot;:&quot;0&quot;,&quot;shutter_speed&quot;:&quot;0&quot;,&quot;title&quot;:&quot;&quot;,&quot;orientation&quot;:&quot;0&quot;}\" data-image-title=\"FB_IMG_1621474714000_copy_800x600\" data-image-description=\"\" data-image-caption=\"\" data-large-file=\"https:\/\/www.hoymercedes.com.ar\/principal\/wp-content\/uploads\/2021\/05\/FB_IMG_1621474714000_copy_800x600.jpg\" src=\"https:\/\/www.hoymercedes.com.ar\/principal\/wp-content\/uploads\/2021\/05\/FB_IMG_1621474714000_copy_800x600.jpg\" alt=\"\" class=\"wp-image-130422\" srcset=\"https:\/\/www.hoymercedes.com.ar\/principal\/wp-content\/uploads\/2021\/05\/FB_IMG_1621474714000_copy_800x600.jpg 800w, https:\/\/www.hoymercedes.com.ar\/principal\/wp-content\/uploads\/2021\/05\/FB_IMG_1621474714000_copy_800x600-630x473.jpg 630w, https:\/\/www.hoymercedes.com.ar\/principal\/wp-content\/uploads\/2021\/05\/FB_IMG_1621474714000_copy_800x600-150x113.jpg 150w\" sizes=\"auto, (max-width: 800px) 100vw, 800px\" \/><\/figure><\/div>\n\n\n\n<p>Personal de Polic\u00eda Vial Chivilcoy y Mercedes, dependientes de la Zona Operativa Vial II , a cargo del Comisario Mayor Miguel Angel Costa, del CPR (comando de prevenci\u00f3n rural) junto a personal de CNRT y con la colaboraci\u00f3n de la secretaria de seguridad local, llevaron a cabo un operativo de intercepci\u00f3n vehicular sobre ruta 5 y acceso Combate de San Lorenzo.<\/p>\n\n\n\n<p>En el lugar donde se efect\u00faan controles de documentaci\u00f3n de personas, carga y veh\u00edculos, durante esta tarea personal de Polic\u00eda Vial procedi\u00f3 a identificar un furg\u00f3n Peugeot Partner, color blanco, dominio colocado NHO202, en el que se movilizaban dos j\u00f3venes de 19 y 20 a\u00f1os de edad, domiciliados en General Rodriguez y Francisco Alvarez, a quienes se les incauta un estuche de cuero y un frasco de vidrio conteniendo marihuana, minutos m\u00e1s tarde, personal de CPR, detiene a otro joven, en este caso de 32 a\u00f1os, que pose\u00eda pedido de captura  a requerimiento de un Juzgado de Paz Letrado de Henderson (partido de Hipolito Yrigoyen).<\/p>\n\n\n\n<p>Colaboraci\u00f3n: Jorge Lasala de Suipacha<\/p>\n\n\n\n<div class=\"wp-block-image\"><figure class=\"aligncenter size-large\"><img loading=\"lazy\" decoding=\"async\" width=\"800\" height=\"600\" data-attachment-id=\"130421\" data-permalink=\"https:\/\/www.hoymercedes.com.ar\/principal\/2021\/05\/20\/detenidos-en-operativo-policial-en-ruta-5\/fb_img_1621474681557_copy_800x600\/#main\" data-orig-file=\"https:\/\/www.hoymercedes.com.ar\/principal\/wp-content\/uploads\/2021\/05\/FB_IMG_1621474681557_copy_800x600.jpg\" data-orig-size=\"800,600\" data-comments-opened=\"0\" data-image-meta=\"{&quot;aperture&quot;:&quot;0&quot;,&quot;credit&quot;:&quot;&quot;,&quot;camera&quot;:&quot;&quot;,&quot;caption&quot;:&quot;&quot;,&quot;created_timestamp&quot;:&quot;0&quot;,&quot;copyright&quot;:&quot;&quot;,&quot;focal_length&quot;:&quot;0&quot;,&quot;iso&quot;:&quot;0&quot;,&quot;shutter_speed&quot;:&quot;0&quot;,&quot;title&quot;:&quot;&quot;,&quot;orientation&quot;:&quot;0&quot;}\" data-image-title=\"FB_IMG_1621474681557_copy_800x600\" data-image-description=\"\" data-image-caption=\"\" data-large-file=\"https:\/\/www.hoymercedes.com.ar\/principal\/wp-content\/uploads\/2021\/05\/FB_IMG_1621474681557_copy_800x600.jpg\" src=\"https:\/\/www.hoymercedes.com.ar\/principal\/wp-content\/uploads\/2021\/05\/FB_IMG_1621474681557_copy_800x600.jpg\" alt=\"\" class=\"wp-image-130421\" srcset=\"https:\/\/www.hoymercedes.com.ar\/principal\/wp-content\/uploads\/2021\/05\/FB_IMG_1621474681557_copy_800x600.jpg 800w, https:\/\/www.hoymercedes.com.ar\/principal\/wp-content\/uploads\/2021\/05\/FB_IMG_1621474681557_copy_800x600-630x473.jpg 630w, https:\/\/www.hoymercedes.com.ar\/principal\/wp-content\/uploads\/2021\/05\/FB_IMG_1621474681557_copy_800x600-150x113.jpg 150w\" sizes=\"auto, (max-width: 800px) 100vw, 800px\" \/><\/figure><\/div>\n\n\n\n<div class=\"wp-block-image\"><figure class=\"aligncenter size-large\"><img loading=\"lazy\" decoding=\"async\" width=\"800\" height=\"797\" data-attachment-id=\"130420\" data-permalink=\"https:\/\/www.hoymercedes.com.ar\/principal\/2021\/05\/20\/detenidos-en-operativo-policial-en-ruta-5\/fb_img_1621474720204_copy_800x797\/#main\" data-orig-file=\"https:\/\/www.hoymercedes.com.ar\/principal\/wp-content\/uploads\/2021\/05\/FB_IMG_1621474720204_copy_800x797.jpg\" data-orig-size=\"800,797\" data-comments-opened=\"0\" data-image-meta=\"{&quot;aperture&quot;:&quot;0&quot;,&quot;credit&quot;:&quot;&quot;,&quot;camera&quot;:&quot;&quot;,&quot;caption&quot;:&quot;&quot;,&quot;created_timestamp&quot;:&quot;0&quot;,&quot;copyright&quot;:&quot;&quot;,&quot;focal_length&quot;:&quot;0&quot;,&quot;iso&quot;:&quot;0&quot;,&quot;shutter_speed&quot;:&quot;0&quot;,&quot;title&quot;:&quot;&quot;,&quot;orientation&quot;:&quot;0&quot;}\" data-image-title=\"FB_IMG_1621474720204_copy_800x797\" data-image-description=\"\" data-image-caption=\"\" data-large-file=\"https:\/\/www.hoymercedes.com.ar\/principal\/wp-content\/uploads\/2021\/05\/FB_IMG_1621474720204_copy_800x797.jpg\" src=\"https:\/\/www.hoymercedes.com.ar\/principal\/wp-content\/uploads\/2021\/05\/FB_IMG_1621474720204_copy_800x797.jpg\" alt=\"\" class=\"wp-image-130420\" srcset=\"https:\/\/www.hoymercedes.com.ar\/principal\/wp-content\/uploads\/2021\/05\/FB_IMG_1621474720204_copy_800x797.jpg 800w, https:\/\/www.hoymercedes.com.ar\/principal\/wp-content\/uploads\/2021\/05\/FB_IMG_1621474720204_copy_800x797-622x620.jpg 622w, https:\/\/www.hoymercedes.com.ar\/principal\/wp-content\/uploads\/2021\/05\/FB_IMG_1621474720204_copy_800x797-150x150.jpg 150w\" sizes=\"auto, (max-width: 800px) 100vw, 800px\" \/><\/figure><\/div>\n","protected":false},"excerpt":{"rendered":"<p>En operativo de intercepci\u00f3n vehicular ubicado a la altura del km 126 y acceso a Suipacha, se identific\u00f3 y detuvo &#8230; <a title=\"Detenidos en operativo policial en Ruta 5\" class=\"read-more\" href=\"https:\/\/www.hoymercedes.com.ar\/principal\/2021\/05\/20\/detenidos-en-operativo-policial-en-ruta-5\/\" aria-label=\"Leer m\u00e1s sobre Detenidos en operativo policial en Ruta 5\">Leer m\u00e1s<\/a><\/p>\n","protected":false},"author":1,"featured_media":130420,"comment_status":"closed","ping_status":"open","sticky":false,"template":"","format":"standard","meta":{"_monsterinsights_skip_tracking":false,"_monsterinsights_sitenote_active":false,"_monsterinsights_sitenote_note":"","_monsterinsights_sitenote_category":0,"jetpack_post_was_ever_published":false,"_jetpack_newsletter_access":"","_jetpack_dont_email_post_to_subs":false,"_jetpack_newsletter_tier_id":0,"_jetpack_memberships_contains_paywalled_content":false,"_jetpack_memberships_contains_paid_content":false,"footnotes":"","jetpack_publicize_message":"","jetpack_publicize_feature_enabled":true,"jetpack_social_post_already_shared":true,"jetpack_social_options":{"image_generator_settings":{"template":"highway","default_image_id":0,"font":"","enabled":false},"version":2},"_wpas_customize_per_network":false},"categories":[85],"tags":[26,96,538],"class_list":["post-130419","post","type-post","status-publish","format-standard","has-post-thumbnail","hentry","category-policial","tag-detenidos","tag-policial-2","tag-ruta-5","generate-columns","tablet-grid-50","mobile-grid-100","grid-parent","grid-50"],"jetpack_publicize_connections":[],"jetpack_featured_media_url":"https:\/\/www.hoymercedes.com.ar\/principal\/wp-content\/uploads\/2021\/05\/FB_IMG_1621474720204_copy_800x797.jpg","wps_subtitle":"D\u00edas atr\u00e1s","jetpack_sharing_enabled":true,"_links":{"self":[{"href":"https:\/\/www.hoymercedes.com.ar\/principal\/wp-json\/wp\/v2\/posts\/130419","targetHints":{"allow":["GET"]}}],"collection":[{"href":"https:\/\/www.hoymercedes.com.ar\/principal\/wp-json\/wp\/v2\/posts"}],"about":[{"href":"https:\/\/www.hoymercedes.com.ar\/principal\/wp-json\/wp\/v2\/types\/post"}],"author":[{"embeddable":true,"href":"https:\/\/www.hoymercedes.com.ar\/principal\/wp-json\/wp\/v2\/users\/1"}],"replies":[{"embeddable":true,"href":"https:\/\/www.hoymercedes.com.ar\/principal\/wp-json\/wp\/v2\/comments?post=130419"}],"version-history":[{"count":0,"href":"https:\/\/www.hoymercedes.com.ar\/principal\/wp-json\/wp\/v2\/posts\/130419\/revisions"}],"wp:featuredmedia":[{"embeddable":true,"href":"https:\/\/www.hoymercedes.com.ar\/principal\/wp-json\/wp\/v2\/media\/130420"}],"wp:attachment":[{"href":"https:\/\/www.hoymercedes.com.ar\/principal\/wp-json\/wp\/v2\/media?parent=130419"}],"wp:term":[{"taxonomy":"category","embeddable":true,"href":"https:\/\/www.hoymercedes.com.ar\/principal\/wp-json\/wp\/v2\/categories?post=130419"},{"taxonomy":"post_tag","embeddable":true,"href":"https:\/\/www.hoymercedes.com.ar\/principal\/wp-json\/wp\/v2\/tags?post=130419"}],"curies":[{"name":"wp","href":"https:\/\/api.w.org\/{rel}","templated":true}]}}