{"id":130433,"date":"2021-05-20T17:36:00","date_gmt":"2021-05-20T20:36:00","guid":{"rendered":"http:\/\/www.hoymercedes.com.ar\/principal\/?p=130433"},"modified":"2021-05-20T19:31:55","modified_gmt":"2021-05-20T22:31:55","slug":"semana-del-parto-respetado-campana-del-dubarry-con-mil-dias","status":"publish","type":"post","link":"https:\/\/www.hoymercedes.com.ar\/principal\/2021\/05\/20\/semana-del-parto-respetado-campana-del-dubarry-con-mil-dias\/","title":{"rendered":"Semana del Parto Respetado: campa\u00f1a del Dubarry con Mil D\u00edas"},"content":{"rendered":"\n<p>La semana Mundial del Parto respetado se celebra desde 2004 y desde entonces se replica en distintos pa\u00edses con el objetivo de visibilizar el modo en que se atienden partos en todo el mundo y exigir el cumplimiento de derechos vinculados al nacimiento.<\/p>\n\n\n\n<div class=\"wp-block-image\"><figure class=\"aligncenter size-large\"><img loading=\"lazy\" decoding=\"async\" width=\"800\" height=\"534\" data-attachment-id=\"130434\" data-permalink=\"https:\/\/www.hoymercedes.com.ar\/principal\/2021\/05\/20\/semana-del-parto-respetado-campana-del-dubarry-con-mil-dias\/20-hospital-parto\/#main\" data-orig-file=\"https:\/\/www.hoymercedes.com.ar\/principal\/wp-content\/uploads\/2021\/05\/20-hospital-parto.jpg\" data-orig-size=\"800,534\" data-comments-opened=\"0\" data-image-meta=\"{&quot;aperture&quot;:&quot;0&quot;,&quot;credit&quot;:&quot;&quot;,&quot;camera&quot;:&quot;&quot;,&quot;caption&quot;:&quot;&quot;,&quot;created_timestamp&quot;:&quot;0&quot;,&quot;copyright&quot;:&quot;&quot;,&quot;focal_length&quot;:&quot;0&quot;,&quot;iso&quot;:&quot;0&quot;,&quot;shutter_speed&quot;:&quot;0&quot;,&quot;title&quot;:&quot;&quot;,&quot;orientation&quot;:&quot;0&quot;}\" data-image-title=\"20 hospital parto\" data-image-description=\"\" data-image-caption=\"\" data-large-file=\"https:\/\/www.hoymercedes.com.ar\/principal\/wp-content\/uploads\/2021\/05\/20-hospital-parto.jpg\" src=\"https:\/\/www.hoymercedes.com.ar\/principal\/wp-content\/uploads\/2021\/05\/20-hospital-parto.jpg\" alt=\"\" class=\"wp-image-130434\" srcset=\"https:\/\/www.hoymercedes.com.ar\/principal\/wp-content\/uploads\/2021\/05\/20-hospital-parto.jpg 800w, https:\/\/www.hoymercedes.com.ar\/principal\/wp-content\/uploads\/2021\/05\/20-hospital-parto-630x421.jpg 630w, https:\/\/www.hoymercedes.com.ar\/principal\/wp-content\/uploads\/2021\/05\/20-hospital-parto-150x100.jpg 150w\" sizes=\"auto, (max-width: 800px) 100vw, 800px\" \/><\/figure><\/div>\n\n\n\n<p>El t\u00e9rmino \u00abparto respetado\u00bb hace referencia al respeto a los derechos de las madres, los ni\u00f1os y ni\u00f1as y sus familias en el momento del nacimiento. Promueve el respeto a las particularidades de cada familia acompa\u00f1\u00e1ndola a trav\u00e9s de la toma de decisiones seguras e informadas. <\/p>\n\n\n\n<p>Este a\u00f1o el lema elegido es \u201cEl respeto por las necesidades de la madre y su beb\u00e9 en cualquier situaci\u00f3n\u201d buscando promover la importancia de contemplar en las medidas de cuidado para COVID-19 los derechos de las personas gestantes y sus beb\u00e9s.<\/p>\n\n\n\n<p>El Hospital Blas Dubarry se suma a la iniciativa a trav\u00e9s de diferentes acciones: la implementaci\u00f3n del Consultorio de Alta Conjunta (que permite la consulta de distintos profesionales con la familia y el beb\u00e9 y su comunicaci\u00f3n con el primer nivel de atenci\u00f3n), realizaci\u00f3n y difusi\u00f3n de material audiovisual sobre el \u00abRol del Acompa\u00f1ante en el preparto, parto y postparto\u00bb para que pueda ser visualizado por las personas gestantes y sus acompa\u00f1antes y estar informados al momento de acudir al Hospital.<\/p>\n\n\n\n<p>Por otro lado, tendr\u00e1 lugar la implementaci\u00f3n de \u00abEnfermeras por la lactancia\u00bb: a trav\u00e9s de capacitaci\u00f3n ofrecida por el Consultorio de puericultura, se formar\u00e1 a las enfermeras de Obstetricia y Pediatr\u00eda promoviendo la lactancia materna.<\/p>\n\n\n\n<p>VER VIDEO: <a href=\"https:\/\/fb.watch\/5CwaeMmsrg\/\" target=\"_blank\" rel=\"noopener\">https:\/\/fb.watch\/5CwaeMmsrg\/<\/a><\/p>\n","protected":false},"excerpt":{"rendered":"<p>La semana Mundial del Parto respetado se celebra desde 2004 y desde entonces se replica en distintos pa\u00edses con el &#8230; <a title=\"Semana del Parto Respetado: campa\u00f1a del Dubarry con Mil D\u00edas\" class=\"read-more\" href=\"https:\/\/www.hoymercedes.com.ar\/principal\/2021\/05\/20\/semana-del-parto-respetado-campana-del-dubarry-con-mil-dias\/\" aria-label=\"Leer m\u00e1s sobre Semana del Parto Respetado: campa\u00f1a del Dubarry con Mil D\u00edas\">Leer m\u00e1s<\/a><\/p>\n","protected":false},"author":1,"featured_media":130434,"comment_status":"closed","ping_status":"open","sticky":false,"template":"","format":"standard","meta":{"_monsterinsights_skip_tracking":false,"_monsterinsights_sitenote_active":false,"_monsterinsights_sitenote_note":"","_monsterinsights_sitenote_category":0,"jetpack_post_was_ever_published":false,"_jetpack_newsletter_access":"","_jetpack_dont_email_post_to_subs":false,"_jetpack_newsletter_tier_id":0,"_jetpack_memberships_contains_paywalled_content":false,"_jetpack_memberships_contains_paid_content":false,"footnotes":"","jetpack_publicize_message":"","jetpack_publicize_feature_enabled":true,"jetpack_social_post_already_shared":true,"jetpack_social_options":{"image_generator_settings":{"template":"highway","default_image_id":0,"font":"","enabled":false},"version":2},"_wpas_customize_per_network":false},"categories":[9791],"tags":[140,11734,17783,134],"class_list":["post-130433","post","type-post","status-publish","format-standard","has-post-thumbnail","hentry","category-salud","tag-hospital-dubarry","tag-mil-dias","tag-parto-respetado","tag-salud","generate-columns","tablet-grid-50","mobile-grid-100","grid-parent","grid-50"],"jetpack_publicize_connections":[],"jetpack_featured_media_url":"https:\/\/www.hoymercedes.com.ar\/principal\/wp-content\/uploads\/2021\/05\/20-hospital-parto.jpg","wps_subtitle":"Promoci\u00f3n sanitaria","jetpack_sharing_enabled":true,"jetpack-related-posts":[{"id":93297,"url":"https:\/\/www.hoymercedes.com.ar\/principal\/2019\/05\/20\/el-hcd-mercedes-declaro-de-interes-legislativo-la-semana-mundial-del-parto-respetado\/","url_meta":{"origin":130433,"position":0},"title":"El HCD Mercedes declar\u00f3 de inter\u00e9s legislativo la \u201cSemana Mundial del Parto Respetado\u201d","author":"hoymercedes","date":"20 mayo, 2019","format":false,"excerpt":"En la \u00faltima sesi\u00f3n del Concejo Deliberante del mi\u00e9rcoles 15 de mayo, los legisladores mercedinos aprobaron sobre tablas y por unanimidad la declaraci\u00f3n de Inter\u00e9s legislativo la \u201cSemana Mundial del Parto Respetado\u201d destacando las leyes que hablan del parto respetado (25.929); la de protecci\u00f3n integral (26.485) y la que establece\u2026","rel":"","context":"En \u00abSalud\u00bb","block_context":{"text":"Salud","link":"https:\/\/www.hoymercedes.com.ar\/principal\/category\/salud\/"},"img":{"alt_text":"","src":"https:\/\/i0.wp.com\/www.hoymercedes.com.ar\/principal\/wp-content\/uploads\/2019\/05\/20-HCD-sesi%C3%B3n.jpg?resize=350%2C200&ssl=1","width":350,"height":200,"srcset":"https:\/\/i0.wp.com\/www.hoymercedes.com.ar\/principal\/wp-content\/uploads\/2019\/05\/20-HCD-sesi%C3%B3n.jpg?resize=350%2C200&ssl=1 1x, https:\/\/i0.wp.com\/www.hoymercedes.com.ar\/principal\/wp-content\/uploads\/2019\/05\/20-HCD-sesi%C3%B3n.jpg?resize=525%2C300&ssl=1 1.5x, https:\/\/i0.wp.com\/www.hoymercedes.com.ar\/principal\/wp-content\/uploads\/2019\/05\/20-HCD-sesi%C3%B3n.jpg?resize=700%2C400&ssl=1 2x"},"classes":[]},{"id":131209,"url":"https:\/\/www.hoymercedes.com.ar\/principal\/2021\/06\/03\/mil-dias-realizo-capacitacion-en-lactancia-materna-en-el-dubarry\/","url_meta":{"origin":130433,"position":1},"title":"Mil D\u00edas realiz\u00f3 capacitaci\u00f3n en lactancia materna en el Dubarry","author":"hoymercedes","date":"3 junio, 2021","format":false,"excerpt":"El programa Primeros Mil D\u00edas, del Municipio de Mercedes con la coordinaci\u00f3n de Salud y Desarrollo de la Comunidad realiz\u00f3 el primer encuentro de actualizaci\u00f3n sobre Lactancia Materna en el Hospital Blas L. Dubarry, capacitaci\u00f3n que se realiz\u00f3 bajo el marco de la Semana Mundial del Parto Respetado.\u00a0\u00a0\u00a0\u00a0\u00a0 Desde el\u2026","rel":"","context":"En \u00abMunicipio\u00bb","block_context":{"text":"Municipio","link":"https:\/\/www.hoymercedes.com.ar\/principal\/category\/municipio\/"},"img":{"alt_text":"","src":"https:\/\/i0.wp.com\/www.hoymercedes.com.ar\/principal\/wp-content\/uploads\/2021\/06\/1501-e1622736821878.jpeg?resize=350%2C200&ssl=1","width":350,"height":200,"srcset":"https:\/\/i0.wp.com\/www.hoymercedes.com.ar\/principal\/wp-content\/uploads\/2021\/06\/1501-e1622736821878.jpeg?resize=350%2C200&ssl=1 1x, https:\/\/i0.wp.com\/www.hoymercedes.com.ar\/principal\/wp-content\/uploads\/2021\/06\/1501-e1622736821878.jpeg?resize=525%2C300&ssl=1 1.5x, https:\/\/i0.wp.com\/www.hoymercedes.com.ar\/principal\/wp-content\/uploads\/2021\/06\/1501-e1622736821878.jpeg?resize=700%2C400&ssl=1 2x"},"classes":[]},{"id":80809,"url":"https:\/\/www.hoymercedes.com.ar\/principal\/2018\/09\/08\/termino-curso-de-pre-parto-y-entregaron-kits-a-las-embarazadas-beneficiarias\/","url_meta":{"origin":130433,"position":2},"title":"Termin\u00f3 curso de pre parto y entregaron kits a las embarazadas beneficiarias","author":"hoymercedes","date":"8 septiembre, 2018","format":false,"excerpt":"D\u00edas atr\u00e1s termin\u00f3 un nuevo curso de pre parto para las beneficiarios del Programa Primeros Mil D\u00edas. Las mujeres embarazadas recibieron capacitaci\u00f3n, informaci\u00f3n, y contenci\u00f3n los d\u00edas antes del nacimiento de sus hijos. Adem\u00e1s tienen\u00a0seguimiento m\u00e9dico, nutricional, ecograf\u00edas, aquagym, entre las acciones globales de cuidado de los mil d\u00edas previos\u2026","rel":"","context":"En \u00abMunicipio\u00bb","block_context":{"text":"Municipio","link":"https:\/\/www.hoymercedes.com.ar\/principal\/category\/municipio\/"},"img":{"alt_text":"","src":"https:\/\/i0.wp.com\/www.hoymercedes.com.ar\/principal\/wp-content\/uploads\/2018\/09\/08-MIlDias-1.jpg?resize=350%2C200&ssl=1","width":350,"height":200,"srcset":"https:\/\/i0.wp.com\/www.hoymercedes.com.ar\/principal\/wp-content\/uploads\/2018\/09\/08-MIlDias-1.jpg?resize=350%2C200&ssl=1 1x, https:\/\/i0.wp.com\/www.hoymercedes.com.ar\/principal\/wp-content\/uploads\/2018\/09\/08-MIlDias-1.jpg?resize=525%2C300&ssl=1 1.5x, https:\/\/i0.wp.com\/www.hoymercedes.com.ar\/principal\/wp-content\/uploads\/2018\/09\/08-MIlDias-1.jpg?resize=700%2C400&ssl=1 2x"},"classes":[]},{"id":63865,"url":"https:\/\/www.hoymercedes.com.ar\/principal\/2017\/06\/15\/entregan-fular-en-los-encuentros-de-pre-parto\/","url_meta":{"origin":130433,"position":3},"title":"Entregan fular en los encuentros de pre parto","author":"hoymercedes","date":"15 junio, 2017","format":false,"excerpt":"Terminaron los primeros encuentros de preparaci\u00f3n para el parto en el Espacio de Primera Infancia de Barrio San Mart\u00edn en el marco del Programa de Salud Primeros Mil D\u00edas. En el cierre se entregaron los fulares, confeccionados en el taller de costura del CIC.\u00a0 Comenzar\u00e1n una nueva serie de encuentros\u2026","rel":"","context":"En \u00abMunicipio\u00bb","block_context":{"text":"Municipio","link":"https:\/\/www.hoymercedes.com.ar\/principal\/category\/municipio\/"},"img":{"alt_text":"","src":"https:\/\/i0.wp.com\/www.hoymercedes.com.ar\/principal\/wp-content\/uploads\/2017\/06\/15-Pre-Parto-1.jpg?resize=350%2C200&ssl=1","width":350,"height":200,"srcset":"https:\/\/i0.wp.com\/www.hoymercedes.com.ar\/principal\/wp-content\/uploads\/2017\/06\/15-Pre-Parto-1.jpg?resize=350%2C200&ssl=1 1x, https:\/\/i0.wp.com\/www.hoymercedes.com.ar\/principal\/wp-content\/uploads\/2017\/06\/15-Pre-Parto-1.jpg?resize=525%2C300&ssl=1 1.5x"},"classes":[]},{"id":87281,"url":"https:\/\/www.hoymercedes.com.ar\/principal\/2019\/01\/24\/inicio-curso-de-pre-parto-y-lactancia-en-bo-san-jose\/","url_meta":{"origin":130433,"position":4},"title":"Inici\u00f3 curso de pre parto y lactancia en Bo. San Jos\u00e9","author":"hoymercedes","date":"24 enero, 2019","format":false,"excerpt":"En el marco del programa Mil D\u00edas, comenzaron los seis encuentros de preparaci\u00f3n para el parto en la Sociedad de Fomento del barrio San Jos\u00e9. Est\u00e1 destinado a mujeres embarazadas a partir de la semana 24 de gestaci\u00f3n. Los cursos pre parto son varios encuentros en los que se dan\u2026","rel":"","context":"En \u00abSalud\u00bb","block_context":{"text":"Salud","link":"https:\/\/www.hoymercedes.com.ar\/principal\/category\/salud\/"},"img":{"alt_text":"","src":"https:\/\/i0.wp.com\/www.hoymercedes.com.ar\/principal\/wp-content\/uploads\/2019\/01\/23-muni-mil-dias.jpg?resize=350%2C200&ssl=1","width":350,"height":200,"srcset":"https:\/\/i0.wp.com\/www.hoymercedes.com.ar\/principal\/wp-content\/uploads\/2019\/01\/23-muni-mil-dias.jpg?resize=350%2C200&ssl=1 1x, https:\/\/i0.wp.com\/www.hoymercedes.com.ar\/principal\/wp-content\/uploads\/2019\/01\/23-muni-mil-dias.jpg?resize=525%2C300&ssl=1 1.5x, https:\/\/i0.wp.com\/www.hoymercedes.com.ar\/principal\/wp-content\/uploads\/2019\/01\/23-muni-mil-dias.jpg?resize=700%2C400&ssl=1 2x"},"classes":[]},{"id":69737,"url":"https:\/\/www.hoymercedes.com.ar\/principal\/2017\/11\/16\/finalizo-nuevo-curso-de-pre-parto-del-programa-primeros-mil-dias-con-entrega-de-kits\/","url_meta":{"origin":130433,"position":5},"title":"Finaliz\u00f3 nuevo curso de pre parto del Programa Primeros Mil D\u00edas con entrega de kits","author":"hoymercedes","date":"16 noviembre, 2017","format":false,"excerpt":"Con la participaci\u00f3n del intendente Juan Ignacio Ustarroz finaliz\u00f3 un nuevo curso de pre parto para nuestras futuras mam\u00e1s. Fue en el SUM del barrio Almafuerte. Se entregaron kits con elementos para iniciar la pr\u00f3xima etapa de la maternidad. \u201cEste es uno de los programas que m\u00e1s satisfacci\u00f3n nos da,\u2026","rel":"","context":"En \u00abMunicipio\u00bb","block_context":{"text":"Municipio","link":"https:\/\/www.hoymercedes.com.ar\/principal\/category\/municipio\/"},"img":{"alt_text":"","src":"https:\/\/i0.wp.com\/www.hoymercedes.com.ar\/principal\/wp-content\/uploads\/2017\/11\/curso-a.jpeg?resize=350%2C200&ssl=1","width":350,"height":200,"srcset":"https:\/\/i0.wp.com\/www.hoymercedes.com.ar\/principal\/wp-content\/uploads\/2017\/11\/curso-a.jpeg?resize=350%2C200&ssl=1 1x, https:\/\/i0.wp.com\/www.hoymercedes.com.ar\/principal\/wp-content\/uploads\/2017\/11\/curso-a.jpeg?resize=525%2C300&ssl=1 1.5x, https:\/\/i0.wp.com\/www.hoymercedes.com.ar\/principal\/wp-content\/uploads\/2017\/11\/curso-a.jpeg?resize=700%2C400&ssl=1 2x"},"classes":[]}],"_links":{"self":[{"href":"https:\/\/www.hoymercedes.com.ar\/principal\/wp-json\/wp\/v2\/posts\/130433","targetHints":{"allow":["GET"]}}],"collection":[{"href":"https:\/\/www.hoymercedes.com.ar\/principal\/wp-json\/wp\/v2\/posts"}],"about":[{"href":"https:\/\/www.hoymercedes.com.ar\/principal\/wp-json\/wp\/v2\/types\/post"}],"author":[{"embeddable":true,"href":"https:\/\/www.hoymercedes.com.ar\/principal\/wp-json\/wp\/v2\/users\/1"}],"replies":[{"embeddable":true,"href":"https:\/\/www.hoymercedes.com.ar\/principal\/wp-json\/wp\/v2\/comments?post=130433"}],"version-history":[{"count":0,"href":"https:\/\/www.hoymercedes.com.ar\/principal\/wp-json\/wp\/v2\/posts\/130433\/revisions"}],"wp:featuredmedia":[{"embeddable":true,"href":"https:\/\/www.hoymercedes.com.ar\/principal\/wp-json\/wp\/v2\/media\/130434"}],"wp:attachment":[{"href":"https:\/\/www.hoymercedes.com.ar\/principal\/wp-json\/wp\/v2\/media?parent=130433"}],"wp:term":[{"taxonomy":"category","embeddable":true,"href":"https:\/\/www.hoymercedes.com.ar\/principal\/wp-json\/wp\/v2\/categories?post=130433"},{"taxonomy":"post_tag","embeddable":true,"href":"https:\/\/www.hoymercedes.com.ar\/principal\/wp-json\/wp\/v2\/tags?post=130433"}],"curies":[{"name":"wp","href":"https:\/\/api.w.org\/{rel}","templated":true}]}}