{"id":130437,"date":"2021-05-21T07:40:00","date_gmt":"2021-05-21T10:40:00","guid":{"rendered":"http:\/\/www.hoymercedes.com.ar\/principal\/?p=130437"},"modified":"2021-05-20T19:30:29","modified_gmt":"2021-05-20T22:30:29","slug":"ultimos-dias-de-inscripcion-para-los-juegos-bonaerenses","status":"publish","type":"post","link":"https:\/\/www.hoymercedes.com.ar\/principal\/2021\/05\/21\/ultimos-dias-de-inscripcion-para-los-juegos-bonaerenses\/","title":{"rendered":"\u00daltimos d\u00edas de inscripci\u00f3n para los Juegos Bonaerenses"},"content":{"rendered":"\n<p>La Subsecretar\u00eda de Deportes de la provincia de Buenos Aires mantiene abierta la inscripci\u00f3n para los Juegos Bonaerenses 2021. Este a\u00f1o cumple treinta ediciones ininterrumpidas el evento anual de la provincia. Los interesados podr\u00e1n registrarse en\u00a0<a href=\"http:\/\/www.juegos.gba.gob.ar\/\" target=\"_blank\" rel=\"noopener\">www.juegos.gba.gob.ar<\/a>, hasta el 31 de mayo, elegir una disciplina y representar a su municipio.<\/p>\n\n\n\n<p>El Director Provincial de Torneos y Eventos Deportivos de la Subsecretar\u00eda de Deportes de la provincia de Buenos Aires, Agust\u00edn Corradini, explic\u00f3 que \u201ceste a\u00f1o inauguramos, al igual que el a\u00f1o pasado, un formato innovador para hacerle frente a la pandemia y darles una herramienta a las y los bonaerenses para poder practicar deporte en esta competencia inspiracional en la provincia\u201d.<\/p>\n\n\n\n<p>A trav\u00e9s del sitio web\u00a0<a href=\"http:\/\/www.juegos.gba.gob.ar\/\" target=\"_blank\" rel=\"noopener\">www.juegos.gba.gob.ar<\/a>, los bonaerenses podr\u00e1n inscribirse en disciplinas deportivas y culturales que se desarrollar\u00e1n en modo virtual y presencial, dependiendo la actividad. En el caso de los deportes de conjunto (presentados este a\u00f1o bajo el nombre de Selecciones Municipales), la competencia comenzar\u00e1 directamente en la Etapa Regional (agosto\/septiembre), en la que se prev\u00e9 que la situaci\u00f3n sanitaria permita su normal desarrollo.<\/p>\n\n\n\n<p>Consultado por si este a\u00f1o volver\u00e1 a realizarse una Final Provincial en la ciudad de Mar del Plata, el funcionario bonaerense y ex entrenador del Seleccionado de Hockey Femenino Las Leonas, manifest\u00f3 que \u201cla expectativa es hacer la final en Mar Del Plata. Entendemos en esta gesti\u00f3n que conduce Javier lovera, que los Juegos Bonaerenses son inspiracionales e important\u00edsimos para la comunidad. Soy un hijo de los Juegos Bonaerenses, a los que fui cada a\u00f1o a representar a mi municipio en hockey sobre c\u00e9sped. Para m\u00ed, la final en esa ciudad era un sue\u00f1o, era como ir a un Juego Ol\u00edmpico o a un Mundial. Era fabuloso. Entendemos que mantener eso es fundamental y estamos trabajando en la planificaci\u00f3n. Al mismo tiempo que proyectamos la final en Mar del Plata, planificamos que, en caso de no poder realizar el evento deportivo y cultural m\u00e1s grande de la Argentina con m\u00e1s de 25.000 finalistas m\u00e1s toda la gente que acompa\u00f1a en la organizaci\u00f3n y la log\u00edstica que requiere, ya tenemos pensado en ese caso descentralizar en el territorio de la provincia de Buenos Aires las m\u00e1s de 115 finales y eventos culturales que vamos a tener este a\u00f1o\u201d.<\/p>\n\n\n\n<p>Las inscripciones estar\u00e1n abiertas hasta el 31 de mayo pr\u00f3ximo, para dar inicio as\u00ed a la Etapa Municipal de la competencia que se desarrollar\u00e1 en los 135 municipios bonaerenses. Hacia agosto, est\u00e1 previsto el inicio de la Etapa Regional del evento para dar lugar a la Final Provincial, a realizarse a fin de a\u00f1o. <\/p>\n\n\n\n<p>Fuente: Secretar\u00eda de Deportes Bonaerense. <\/p>\n","protected":false},"excerpt":{"rendered":"<p>La Subsecretar\u00eda de Deportes de la provincia de Buenos Aires mantiene abierta la inscripci\u00f3n para los Juegos Bonaerenses 2021. Este &#8230; <a title=\"\u00daltimos d\u00edas de inscripci\u00f3n para los Juegos Bonaerenses\" class=\"read-more\" href=\"https:\/\/www.hoymercedes.com.ar\/principal\/2021\/05\/21\/ultimos-dias-de-inscripcion-para-los-juegos-bonaerenses\/\" aria-label=\"Leer m\u00e1s sobre \u00daltimos d\u00edas de inscripci\u00f3n para los Juegos Bonaerenses\">Leer m\u00e1s<\/a><\/p>\n","protected":false},"author":1,"featured_media":130442,"comment_status":"closed","ping_status":"open","sticky":false,"template":"","format":"standard","meta":{"_monsterinsights_skip_tracking":false,"_monsterinsights_sitenote_active":false,"_monsterinsights_sitenote_note":"","_monsterinsights_sitenote_category":0,"jetpack_post_was_ever_published":false,"_jetpack_newsletter_access":"","_jetpack_dont_email_post_to_subs":false,"_jetpack_newsletter_tier_id":0,"_jetpack_memberships_contains_paywalled_content":false,"_jetpack_memberships_contains_paid_content":false,"footnotes":"","jetpack_publicize_message":"","jetpack_publicize_feature_enabled":true,"jetpack_social_post_already_shared":true,"jetpack_social_options":{"image_generator_settings":{"template":"highway","default_image_id":0,"font":"","enabled":false},"version":2},"_wpas_customize_per_network":false},"categories":[21],"tags":[204,8668,11040],"class_list":["post-130437","post","type-post","status-publish","format-standard","has-post-thumbnail","hentry","category-deportes","tag-deportes-2","tag-inscripcion","tag-juegos-bonaerenses","generate-columns","tablet-grid-50","mobile-grid-100","grid-parent","grid-50"],"jetpack_publicize_connections":[],"jetpack_featured_media_url":"https:\/\/www.hoymercedes.com.ar\/principal\/wp-content\/uploads\/2021\/05\/20-juegos-bonaerenses.jpeg","wps_subtitle":"Edici\u00f3n 2021","jetpack_sharing_enabled":true,"jetpack-related-posts":[{"id":115147,"url":"https:\/\/www.hoymercedes.com.ar\/principal\/2020\/08\/15\/abrio-la-inscripcion-para-los-juegos-bonaerenses\/","url_meta":{"origin":130437,"position":0},"title":"Abri\u00f3 la inscripci\u00f3n para los Juegos Bonaerenses","author":"hoymercedes","date":"15 agosto, 2020","format":false,"excerpt":"Para los pr\u00f3ximos Juegos Bonaerenses, se mantendr\u00e1 la divisi\u00f3n de la provincia en 16 regiones que clasificar\u00e1n a la Final Provincial. De este modo, la Subsecretar\u00eda de Deportes de la Provincia de Buenos Aires organiz\u00f3 ocho reuniones virtuales con los y las responsables de Juegos Bonaerenses de los 135 municipios.\u2026","rel":"","context":"En \u00abDeportes\u00bb","block_context":{"text":"Deportes","link":"https:\/\/www.hoymercedes.com.ar\/principal\/category\/deportes\/"},"img":{"alt_text":"","src":"https:\/\/i0.wp.com\/www.hoymercedes.com.ar\/principal\/wp-content\/uploads\/2020\/08\/Juegos-Bonaerenses-2020-3.jpg?resize=350%2C200&ssl=1","width":350,"height":200,"srcset":"https:\/\/i0.wp.com\/www.hoymercedes.com.ar\/principal\/wp-content\/uploads\/2020\/08\/Juegos-Bonaerenses-2020-3.jpg?resize=350%2C200&ssl=1 1x, https:\/\/i0.wp.com\/www.hoymercedes.com.ar\/principal\/wp-content\/uploads\/2020\/08\/Juegos-Bonaerenses-2020-3.jpg?resize=525%2C300&ssl=1 1.5x"},"classes":[]},{"id":128351,"url":"https:\/\/www.hoymercedes.com.ar\/principal\/2021\/04\/17\/esta-abierta-la-inscripcion-local-para-los-juegos-bonarenses\/","url_meta":{"origin":130437,"position":1},"title":"Est\u00e1 abierta la inscripci\u00f3n local para los Juegos Bonarenses","author":"hoymercedes","date":"17 abril, 2021","format":false,"excerpt":"Comenz\u00f3 la inscripci\u00f3n para los Juegos Bonaerenses 2021 y desde la Direcci\u00f3n de Deportes habilitan los medios y explican sobre las modalidades de participaci\u00f3n. Mariana Saboredo, directora del \u00e1rea, reiter\u00f3 la invitaci\u00f3n para sumarse. \u00a0 Se lanz\u00f3 la inscripci\u00f3n tanto en la Provincia de Buenos Aires como en Mercedes para\u2026","rel":"","context":"En \u00abDeportes\u00bb","block_context":{"text":"Deportes","link":"https:\/\/www.hoymercedes.com.ar\/principal\/category\/deportes\/"},"img":{"alt_text":"","src":"https:\/\/i0.wp.com\/www.hoymercedes.com.ar\/principal\/wp-content\/uploads\/2021\/04\/DSC_0005-e1618690389881.jpg?resize=350%2C200&ssl=1","width":350,"height":200,"srcset":"https:\/\/i0.wp.com\/www.hoymercedes.com.ar\/principal\/wp-content\/uploads\/2021\/04\/DSC_0005-e1618690389881.jpg?resize=350%2C200&ssl=1 1x, https:\/\/i0.wp.com\/www.hoymercedes.com.ar\/principal\/wp-content\/uploads\/2021\/04\/DSC_0005-e1618690389881.jpg?resize=525%2C300&ssl=1 1.5x, https:\/\/i0.wp.com\/www.hoymercedes.com.ar\/principal\/wp-content\/uploads\/2021\/04\/DSC_0005-e1618690389881.jpg?resize=700%2C400&ssl=1 2x"},"classes":[]},{"id":128289,"url":"https:\/\/www.hoymercedes.com.ar\/principal\/2021\/04\/16\/buscaran-la-cancion-y-la-mascota-de-los-juegos-bonaerenses\/","url_meta":{"origin":130437,"position":2},"title":"Buscar\u00e1n la canci\u00f3n y la mascota de los juegos bonaerenses","author":"hoymercedes","date":"16 abril, 2021","format":false,"excerpt":"Fuente Prensa Municipal - Los Juegos cumplen este a\u00f1o 30 a\u00f1os. La provincia propone como novedad que todos los ciudadanos nacidos en el a\u00f1o 2009 inclusive y anteriores puedan participar en dos disciplinas espec\u00edficas. Deber\u00e1n inscribirse en el \u00e1rea de Cultura local.\u00a0 BUSCANDO LA CANCI\u00d3N DE LOS JUEGOS. Este a\u00f1o,\u2026","rel":"","context":"En \u00abDeportes\u00bb","block_context":{"text":"Deportes","link":"https:\/\/www.hoymercedes.com.ar\/principal\/category\/deportes\/"},"img":{"alt_text":"","src":"https:\/\/i0.wp.com\/www.hoymercedes.com.ar\/principal\/wp-content\/uploads\/2021\/04\/Juegos-1.jpg?resize=350%2C200&ssl=1","width":350,"height":200},"classes":[]},{"id":127173,"url":"https:\/\/www.hoymercedes.com.ar\/principal\/2021\/03\/29\/el-5-de-abril-comenzaran-las-inscripciones-para-los-juegos-bonaerenses-2021\/","url_meta":{"origin":130437,"position":3},"title":"El 5 de abril comenzar\u00e1n las inscripciones para los Juegos Bonaerenses 2021","author":"hoymercedes","date":"29 marzo, 2021","format":false,"excerpt":"Este a\u00f1o se cumplen los 30 a\u00f1os de los Juegos Bonaerenses, la competencia deportiva y cultural de la provincia de Buenos Aires. Se podr\u00e1n inscribir diferentes categor\u00edas: Juveniles, Personas con Discapacidad, Adultos Mayores y la incorporaci\u00f3n de la rama universitaria (cualquier alumno con certificado regular podr\u00e1 inscribirse). A partir del\u2026","rel":"","context":"En \u00abProvincia\u00bb","block_context":{"text":"Provincia","link":"https:\/\/www.hoymercedes.com.ar\/principal\/category\/provincia\/"},"img":{"alt_text":"","src":"https:\/\/i0.wp.com\/www.hoymercedes.com.ar\/principal\/wp-content\/uploads\/2021\/03\/29-juegos-provincia.jpeg?resize=350%2C200&ssl=1","width":350,"height":200,"srcset":"https:\/\/i0.wp.com\/www.hoymercedes.com.ar\/principal\/wp-content\/uploads\/2021\/03\/29-juegos-provincia.jpeg?resize=350%2C200&ssl=1 1x, https:\/\/i0.wp.com\/www.hoymercedes.com.ar\/principal\/wp-content\/uploads\/2021\/03\/29-juegos-provincia.jpeg?resize=525%2C300&ssl=1 1.5x, https:\/\/i0.wp.com\/www.hoymercedes.com.ar\/principal\/wp-content\/uploads\/2021\/03\/29-juegos-provincia.jpeg?resize=700%2C400&ssl=1 2x"},"classes":[]},{"id":145526,"url":"https:\/\/www.hoymercedes.com.ar\/principal\/2022\/03\/18\/abrieron-las-inscripciones-para-los-juegos-bonaerenses-2022\/","url_meta":{"origin":130437,"position":4},"title":"Abrieron las inscripciones para los Juegos Bonaerenses 2022","author":"hoymercedes","date":"18 marzo, 2022","format":false,"excerpt":"El Gobierno provincia, a trav\u00e9s de la Subsecretar\u00eda de Deportes, abri\u00f3 las inscripciones para los Juegos Bonaerenses de este a\u00f1o, que se realizar\u00e1n a trav\u00e9s del sitio web\u00a0www.juegos.gba.gob.ar\u00a0a partir del martes 15 de marzo y se extender\u00e1n hasta finales de abril. Habr\u00e1 disciplinas deportivas presenciales y electr\u00f3nicos. En total, habr\u00e1\u2026","rel":"","context":"En \u00abProvincia\u00bb","block_context":{"text":"Provincia","link":"https:\/\/www.hoymercedes.com.ar\/principal\/category\/provincia\/"},"img":{"alt_text":"","src":"https:\/\/i0.wp.com\/www.hoymercedes.com.ar\/principal\/wp-content\/uploads\/2022\/03\/mail-1.jpg?resize=350%2C200&ssl=1","width":350,"height":200,"srcset":"https:\/\/i0.wp.com\/www.hoymercedes.com.ar\/principal\/wp-content\/uploads\/2022\/03\/mail-1.jpg?resize=350%2C200&ssl=1 1x, https:\/\/i0.wp.com\/www.hoymercedes.com.ar\/principal\/wp-content\/uploads\/2022\/03\/mail-1.jpg?resize=525%2C300&ssl=1 1.5x, https:\/\/i0.wp.com\/www.hoymercedes.com.ar\/principal\/wp-content\/uploads\/2022\/03\/mail-1.jpg?resize=700%2C400&ssl=1 2x, https:\/\/i0.wp.com\/www.hoymercedes.com.ar\/principal\/wp-content\/uploads\/2022\/03\/mail-1.jpg?resize=1050%2C600&ssl=1 3x, https:\/\/i0.wp.com\/www.hoymercedes.com.ar\/principal\/wp-content\/uploads\/2022\/03\/mail-1.jpg?resize=1400%2C800&ssl=1 4x"},"classes":[]},{"id":137817,"url":"https:\/\/www.hoymercedes.com.ar\/principal\/2021\/09\/24\/los-juegos-bonaerenes-tendran-su-final-en-mar-del-plata\/","url_meta":{"origin":130437,"position":5},"title":"Los Juegos Bonaerenes tendr\u00e1n su final en Mar del Plata","author":"hoymercedes","date":"24 septiembre, 2021","format":false,"excerpt":"El Gobierno de la provincia de Buenos Aires, a trav\u00e9s de la Subsecretar\u00eda de Deportes, dependiente del Ministerio de Desarrollo de la Comunidad, anunci\u00f3 que la Final Provincial de los Juegos Bonaerenses Edici\u00f3n 30\u00ba se realizar\u00e1 en Mar del Plata. La competencia se realizar\u00e1 en noviembre y mantendr\u00e1 su formato\u2026","rel":"","context":"En \u00abProvincia\u00bb","block_context":{"text":"Provincia","link":"https:\/\/www.hoymercedes.com.ar\/principal\/category\/provincia\/"},"img":{"alt_text":"","src":"https:\/\/i0.wp.com\/www.hoymercedes.com.ar\/principal\/wp-content\/uploads\/2021\/05\/20-juegos-bonaerenses.jpeg?resize=350%2C200&ssl=1","width":350,"height":200},"classes":[]}],"_links":{"self":[{"href":"https:\/\/www.hoymercedes.com.ar\/principal\/wp-json\/wp\/v2\/posts\/130437","targetHints":{"allow":["GET"]}}],"collection":[{"href":"https:\/\/www.hoymercedes.com.ar\/principal\/wp-json\/wp\/v2\/posts"}],"about":[{"href":"https:\/\/www.hoymercedes.com.ar\/principal\/wp-json\/wp\/v2\/types\/post"}],"author":[{"embeddable":true,"href":"https:\/\/www.hoymercedes.com.ar\/principal\/wp-json\/wp\/v2\/users\/1"}],"replies":[{"embeddable":true,"href":"https:\/\/www.hoymercedes.com.ar\/principal\/wp-json\/wp\/v2\/comments?post=130437"}],"version-history":[{"count":0,"href":"https:\/\/www.hoymercedes.com.ar\/principal\/wp-json\/wp\/v2\/posts\/130437\/revisions"}],"wp:featuredmedia":[{"embeddable":true,"href":"https:\/\/www.hoymercedes.com.ar\/principal\/wp-json\/wp\/v2\/media\/130442"}],"wp:attachment":[{"href":"https:\/\/www.hoymercedes.com.ar\/principal\/wp-json\/wp\/v2\/media?parent=130437"}],"wp:term":[{"taxonomy":"category","embeddable":true,"href":"https:\/\/www.hoymercedes.com.ar\/principal\/wp-json\/wp\/v2\/categories?post=130437"},{"taxonomy":"post_tag","embeddable":true,"href":"https:\/\/www.hoymercedes.com.ar\/principal\/wp-json\/wp\/v2\/tags?post=130437"}],"curies":[{"name":"wp","href":"https:\/\/api.w.org\/{rel}","templated":true}]}}