{"id":130469,"date":"2021-05-20T21:16:36","date_gmt":"2021-05-21T00:16:36","guid":{"rendered":"https:\/\/www.hoymercedes.com.ar\/principal\/?p=130469"},"modified":"2021-05-20T21:16:42","modified_gmt":"2021-05-21T00:16:42","slug":"segunda-ola-1-fallecido-y-78-positivos-en-mercedes","status":"publish","type":"post","link":"https:\/\/www.hoymercedes.com.ar\/principal\/2021\/05\/20\/segunda-ola-1-fallecido-y-78-positivos-en-mercedes\/","title":{"rendered":"Segunda ola: 1 fallecido y 78 positivos en Mercedes"},"content":{"rendered":"\n<p>Mientras los casos no descienden en todo el pa\u00eds, lamentamos informar el fallecimiento de 1 paciente portador del virus, con 78 casos positivos identificados por el laboratorio de virolog\u00eda molecular, siendo el reunionismo el principal factor de contagio con 153 testeos.<\/p>\n\n\n\n<p>A su vez 4201 personas obtuvieron el alta m\u00e9dica.<\/p>\n\n\n\n<p>El total de casos activos es de 641 en la actualidad.<\/p>\n\n\n\n<p>Desde el inicio de la pandemia 4935 vecinos y vecinas dieron positivos.<\/p>\n\n\n\n<p>El total de testeo de laboratorio arriba 19542 realizados hasta la fecha.<\/p>\n\n\n\n<p>Las v\u00edctimas fatales ascienden a 93 desde iniciada la pandemia.<\/p>\n\n\n\n<p>En cuanto a la ocupaci\u00f3n de camas arriba 75% en terapia intensiva en el sistema de salud mercedino.<\/p>\n\n\n\n<div class=\"wp-block-image\"><figure class=\"aligncenter size-large\"><img loading=\"lazy\" decoding=\"async\" width=\"800\" height=\"800\" data-attachment-id=\"130470\" data-permalink=\"https:\/\/www.hoymercedes.com.ar\/principal\/2021\/05\/20\/segunda-ola-1-fallecido-y-78-positivos-en-mercedes\/20-05-2021\/#main\" data-orig-file=\"https:\/\/www.hoymercedes.com.ar\/principal\/wp-content\/uploads\/2021\/05\/20.05.2021.jpg\" data-orig-size=\"800,800\" data-comments-opened=\"0\" data-image-meta=\"{&quot;aperture&quot;:&quot;0&quot;,&quot;credit&quot;:&quot;&quot;,&quot;camera&quot;:&quot;&quot;,&quot;caption&quot;:&quot;&quot;,&quot;created_timestamp&quot;:&quot;0&quot;,&quot;copyright&quot;:&quot;&quot;,&quot;focal_length&quot;:&quot;0&quot;,&quot;iso&quot;:&quot;0&quot;,&quot;shutter_speed&quot;:&quot;0&quot;,&quot;title&quot;:&quot;&quot;,&quot;orientation&quot;:&quot;0&quot;}\" data-image-title=\"20.05.2021\" data-image-description=\"\" data-image-caption=\"\" data-large-file=\"https:\/\/www.hoymercedes.com.ar\/principal\/wp-content\/uploads\/2021\/05\/20.05.2021.jpg\" src=\"https:\/\/www.hoymercedes.com.ar\/principal\/wp-content\/uploads\/2021\/05\/20.05.2021.jpg\" alt=\"\" class=\"wp-image-130470\" srcset=\"https:\/\/www.hoymercedes.com.ar\/principal\/wp-content\/uploads\/2021\/05\/20.05.2021.jpg 800w, https:\/\/www.hoymercedes.com.ar\/principal\/wp-content\/uploads\/2021\/05\/20.05.2021-620x620.jpg 620w, https:\/\/www.hoymercedes.com.ar\/principal\/wp-content\/uploads\/2021\/05\/20.05.2021-150x150.jpg 150w\" sizes=\"auto, (max-width: 800px) 100vw, 800px\" \/><\/figure><\/div>\n","protected":false},"excerpt":{"rendered":"<p>Mientras los casos no descienden en todo el pa\u00eds, lamentamos informar el fallecimiento de 1 paciente portador del virus, con &#8230; <a title=\"Segunda ola: 1 fallecido y 78 positivos en Mercedes\" class=\"read-more\" href=\"https:\/\/www.hoymercedes.com.ar\/principal\/2021\/05\/20\/segunda-ola-1-fallecido-y-78-positivos-en-mercedes\/\" aria-label=\"Leer m\u00e1s sobre Segunda ola: 1 fallecido y 78 positivos en Mercedes\">Leer m\u00e1s<\/a><\/p>\n","protected":false},"author":1,"featured_media":130470,"comment_status":"closed","ping_status":"open","sticky":false,"template":"","format":"standard","meta":{"_monsterinsights_skip_tracking":false,"_monsterinsights_sitenote_active":false,"_monsterinsights_sitenote_note":"","_monsterinsights_sitenote_category":0,"jetpack_post_was_ever_published":false,"_jetpack_newsletter_access":"","_jetpack_dont_email_post_to_subs":false,"_jetpack_newsletter_tier_id":0,"_jetpack_memberships_contains_paywalled_content":false,"_jetpack_memberships_contains_paid_content":false,"footnotes":"","jetpack_publicize_message":"","jetpack_publicize_feature_enabled":true,"jetpack_social_post_already_shared":true,"jetpack_social_options":{"image_generator_settings":{"template":"highway","default_image_id":0,"font":"","enabled":false},"version":2},"_wpas_customize_per_network":false},"categories":[8],"tags":[17781],"class_list":["post-130469","post","type-post","status-publish","format-standard","has-post-thumbnail","hentry","category-sociedad","tag-muertes-covid","generate-columns","tablet-grid-50","mobile-grid-100","grid-parent","grid-50"],"jetpack_publicize_connections":[],"jetpack_featured_media_url":"https:\/\/www.hoymercedes.com.ar\/principal\/wp-content\/uploads\/2021\/05\/20.05.2021.jpg","wps_subtitle":"#Coronavirus ","jetpack_sharing_enabled":true,"jetpack-related-posts":[{"id":130003,"url":"https:\/\/www.hoymercedes.com.ar\/principal\/2021\/05\/12\/segunda-ola-41-nuevos-positivos-en-mercedes\/","url_meta":{"origin":130469,"position":0},"title":"Segunda ola: 41 nuevos positivos en Mercedes","author":"hoymercedes","date":"12 mayo, 2021","format":false,"excerpt":"En el marco de la grav\u00edsima segunda ola de covid que vive el pa\u00eds y el mundo en el Laboratorio de Virolog\u00eda Molecular detectaron 41 nuevos positivos en un total de 101 testeos. \u00a0 \u00a0A su vez 39 recibieron el alta m\u00e9dica en el d\u00eda de la fecha, llegando a\u2026","rel":"","context":"En \u00abSalud\u00bb","block_context":{"text":"Salud","link":"https:\/\/www.hoymercedes.com.ar\/principal\/category\/salud\/"},"img":{"alt_text":"","src":"https:\/\/i0.wp.com\/www.hoymercedes.com.ar\/principal\/wp-content\/uploads\/2021\/05\/12.05.2021.jpg?resize=350%2C200&ssl=1","width":350,"height":200,"srcset":"https:\/\/i0.wp.com\/www.hoymercedes.com.ar\/principal\/wp-content\/uploads\/2021\/05\/12.05.2021.jpg?resize=350%2C200&ssl=1 1x, https:\/\/i0.wp.com\/www.hoymercedes.com.ar\/principal\/wp-content\/uploads\/2021\/05\/12.05.2021.jpg?resize=525%2C300&ssl=1 1.5x, https:\/\/i0.wp.com\/www.hoymercedes.com.ar\/principal\/wp-content\/uploads\/2021\/05\/12.05.2021.jpg?resize=700%2C400&ssl=1 2x"},"classes":[]},{"id":135053,"url":"https:\/\/www.hoymercedes.com.ar\/principal\/2021\/08\/10\/covid-3-nuevos-positivos-en-mercedes\/","url_meta":{"origin":130469,"position":1},"title":"Covid: 3 nuevos positivos en Mercedes","author":"hoymercedes","date":"10 agosto, 2021","format":false,"excerpt":"En el d\u00eda de hoy se detectaron 3 nuevos positivos en 78 test efectuados en el laboratorio de virolog\u00eda molecular. Por su parte, 7025 personas obtuvieron el alta. 16 corresponde al d\u00eda de la fecha. El total de casos activos es de 112 en la actualidad. Desde el inicio de\u2026","rel":"","context":"En \u00abSociedad\u00bb","block_context":{"text":"Sociedad","link":"https:\/\/www.hoymercedes.com.ar\/principal\/category\/sociedad\/"},"img":{"alt_text":"","src":"https:\/\/i0.wp.com\/www.hoymercedes.com.ar\/principal\/wp-content\/uploads\/2021\/08\/10.08.2021.jpg?resize=350%2C200&ssl=1","width":350,"height":200,"srcset":"https:\/\/i0.wp.com\/www.hoymercedes.com.ar\/principal\/wp-content\/uploads\/2021\/08\/10.08.2021.jpg?resize=350%2C200&ssl=1 1x, https:\/\/i0.wp.com\/www.hoymercedes.com.ar\/principal\/wp-content\/uploads\/2021\/08\/10.08.2021.jpg?resize=525%2C300&ssl=1 1.5x, https:\/\/i0.wp.com\/www.hoymercedes.com.ar\/principal\/wp-content\/uploads\/2021\/08\/10.08.2021.jpg?resize=700%2C400&ssl=1 2x"},"classes":[]},{"id":129315,"url":"https:\/\/www.hoymercedes.com.ar\/principal\/2021\/04\/30\/segunda-ola-39-nuevos-positivos-en-mercedes\/","url_meta":{"origin":130469,"position":2},"title":"Segunda ola: 39 nuevos positivos en Mercedes","author":"hoymercedes","date":"30 abril, 2021","format":false,"excerpt":"En el marco de la segunda y grav\u00edsima ola de covid que vive el pa\u00eds y el mundo en el Laboratorio de Virolog\u00eda Molecular detectaron 39 nuevos positivos en un total de 113 testeos. \u00a0 \u00a0A su vez 3419 personas obtuvieron el alta m\u00e9dica. El total de casos activos es\u2026","rel":"","context":"En \u00abSociedad\u00bb","block_context":{"text":"Sociedad","link":"https:\/\/www.hoymercedes.com.ar\/principal\/category\/sociedad\/"},"img":{"alt_text":"","src":"https:\/\/i0.wp.com\/www.hoymercedes.com.ar\/principal\/wp-content\/uploads\/2021\/04\/30.04.2021.jpg?resize=350%2C200&ssl=1","width":350,"height":200,"srcset":"https:\/\/i0.wp.com\/www.hoymercedes.com.ar\/principal\/wp-content\/uploads\/2021\/04\/30.04.2021.jpg?resize=350%2C200&ssl=1 1x, https:\/\/i0.wp.com\/www.hoymercedes.com.ar\/principal\/wp-content\/uploads\/2021\/04\/30.04.2021.jpg?resize=525%2C300&ssl=1 1.5x, https:\/\/i0.wp.com\/www.hoymercedes.com.ar\/principal\/wp-content\/uploads\/2021\/04\/30.04.2021.jpg?resize=700%2C400&ssl=1 2x"},"classes":[]},{"id":130078,"url":"https:\/\/www.hoymercedes.com.ar\/principal\/2021\/05\/13\/covid-19-se-detectaron-39-nuevos-positivos\/","url_meta":{"origin":130469,"position":3},"title":"Covid-19: se detectaron 39 nuevos positivos","author":"hoymercedes","date":"13 mayo, 2021","format":false,"excerpt":"En el marco de la grav\u00edsima segunda ola de covid que vive el pa\u00eds y el mundo en el Laboratorio de Virolog\u00eda Molecular detectaron 39 nuevos positivos en un total de 91 testeos. \u00a0 \u00a0A su vez 30 pacientes obtuvieron el alta en el d\u00eda de la fecha, llegando a\u2026","rel":"","context":"En \u00abSociedad\u00bb","block_context":{"text":"Sociedad","link":"https:\/\/www.hoymercedes.com.ar\/principal\/category\/sociedad\/"},"img":{"alt_text":"","src":"https:\/\/i0.wp.com\/www.hoymercedes.com.ar\/principal\/wp-content\/uploads\/2021\/05\/13.05.2021.jpg?resize=350%2C200&ssl=1","width":350,"height":200,"srcset":"https:\/\/i0.wp.com\/www.hoymercedes.com.ar\/principal\/wp-content\/uploads\/2021\/05\/13.05.2021.jpg?resize=350%2C200&ssl=1 1x, https:\/\/i0.wp.com\/www.hoymercedes.com.ar\/principal\/wp-content\/uploads\/2021\/05\/13.05.2021.jpg?resize=525%2C300&ssl=1 1.5x, https:\/\/i0.wp.com\/www.hoymercedes.com.ar\/principal\/wp-content\/uploads\/2021\/05\/13.05.2021.jpg?resize=700%2C400&ssl=1 2x"},"classes":[]},{"id":132871,"url":"https:\/\/www.hoymercedes.com.ar\/principal\/2021\/07\/04\/segunda-ola-12-positivos-en-mercedes\/","url_meta":{"origin":130469,"position":4},"title":"Segunda ola: 12 positivos en Mercedes","author":"hoymercedes","date":"4 julio, 2021","format":false,"excerpt":"En el d\u00eda de hoy se detectaron 12 nuevos positivos en 78 test efectuados en el laboratorio de virolog\u00eda molecular, siendo el reunionismo el principal factor de contagio. Por su parte, 6450 personas obtuvieron el alta m\u00e9dica siendo 20 en el d\u00eda de la fecha. El total de casos activos\u2026","rel":"","context":"En \u00abSociedad\u00bb","block_context":{"text":"Sociedad","link":"https:\/\/www.hoymercedes.com.ar\/principal\/category\/sociedad\/"},"img":{"alt_text":"","src":"https:\/\/i0.wp.com\/www.hoymercedes.com.ar\/principal\/wp-content\/uploads\/2021\/07\/04.07.2021.jpg?resize=350%2C200&ssl=1","width":350,"height":200,"srcset":"https:\/\/i0.wp.com\/www.hoymercedes.com.ar\/principal\/wp-content\/uploads\/2021\/07\/04.07.2021.jpg?resize=350%2C200&ssl=1 1x, https:\/\/i0.wp.com\/www.hoymercedes.com.ar\/principal\/wp-content\/uploads\/2021\/07\/04.07.2021.jpg?resize=525%2C300&ssl=1 1.5x, https:\/\/i0.wp.com\/www.hoymercedes.com.ar\/principal\/wp-content\/uploads\/2021\/07\/04.07.2021.jpg?resize=700%2C400&ssl=1 2x"},"classes":[]},{"id":133939,"url":"https:\/\/www.hoymercedes.com.ar\/principal\/2021\/07\/23\/segunda-ola-14-nuevos-positivos-en-mercedes\/","url_meta":{"origin":130469,"position":5},"title":"Segunda ola: 14 nuevos positivos en Mercedes","author":"hoymercedes","date":"23 julio, 2021","format":false,"excerpt":"En el d\u00eda de hoy se detectaron 14 nuevos positivos en 78 test efectuados en el laboratorio de virolog\u00eda molecular, siendo el reunionismo el principal factor de contagio. Por su parte, 6888 personas obtuvieron el alta m\u00e9dica siendo 18 en el d\u00eda de la fecha. El total de casos activos\u2026","rel":"","context":"En \u00abSociedad\u00bb","block_context":{"text":"Sociedad","link":"https:\/\/www.hoymercedes.com.ar\/principal\/category\/sociedad\/"},"img":{"alt_text":"","src":"https:\/\/i0.wp.com\/www.hoymercedes.com.ar\/principal\/wp-content\/uploads\/2021\/07\/23.07.2021.jpg?resize=350%2C200&ssl=1","width":350,"height":200,"srcset":"https:\/\/i0.wp.com\/www.hoymercedes.com.ar\/principal\/wp-content\/uploads\/2021\/07\/23.07.2021.jpg?resize=350%2C200&ssl=1 1x, https:\/\/i0.wp.com\/www.hoymercedes.com.ar\/principal\/wp-content\/uploads\/2021\/07\/23.07.2021.jpg?resize=525%2C300&ssl=1 1.5x, https:\/\/i0.wp.com\/www.hoymercedes.com.ar\/principal\/wp-content\/uploads\/2021\/07\/23.07.2021.jpg?resize=700%2C400&ssl=1 2x"},"classes":[]}],"_links":{"self":[{"href":"https:\/\/www.hoymercedes.com.ar\/principal\/wp-json\/wp\/v2\/posts\/130469","targetHints":{"allow":["GET"]}}],"collection":[{"href":"https:\/\/www.hoymercedes.com.ar\/principal\/wp-json\/wp\/v2\/posts"}],"about":[{"href":"https:\/\/www.hoymercedes.com.ar\/principal\/wp-json\/wp\/v2\/types\/post"}],"author":[{"embeddable":true,"href":"https:\/\/www.hoymercedes.com.ar\/principal\/wp-json\/wp\/v2\/users\/1"}],"replies":[{"embeddable":true,"href":"https:\/\/www.hoymercedes.com.ar\/principal\/wp-json\/wp\/v2\/comments?post=130469"}],"version-history":[{"count":0,"href":"https:\/\/www.hoymercedes.com.ar\/principal\/wp-json\/wp\/v2\/posts\/130469\/revisions"}],"wp:featuredmedia":[{"embeddable":true,"href":"https:\/\/www.hoymercedes.com.ar\/principal\/wp-json\/wp\/v2\/media\/130470"}],"wp:attachment":[{"href":"https:\/\/www.hoymercedes.com.ar\/principal\/wp-json\/wp\/v2\/media?parent=130469"}],"wp:term":[{"taxonomy":"category","embeddable":true,"href":"https:\/\/www.hoymercedes.com.ar\/principal\/wp-json\/wp\/v2\/categories?post=130469"},{"taxonomy":"post_tag","embeddable":true,"href":"https:\/\/www.hoymercedes.com.ar\/principal\/wp-json\/wp\/v2\/tags?post=130469"}],"curies":[{"name":"wp","href":"https:\/\/api.w.org\/{rel}","templated":true}]}}