{"id":130479,"date":"2021-05-21T12:15:00","date_gmt":"2021-05-21T15:15:00","guid":{"rendered":"https:\/\/www.hoymercedes.com.ar\/principal\/?p=130479"},"modified":"2021-05-21T15:02:40","modified_gmt":"2021-05-21T18:02:40","slug":"servicios-publicos-solicita-que-no-arrojen-escombros-no-restos-de-poda-en-los-contenedores","status":"publish","type":"post","link":"https:\/\/www.hoymercedes.com.ar\/principal\/2021\/05\/21\/servicios-publicos-solicita-que-no-arrojen-escombros-no-restos-de-poda-en-los-contenedores\/","title":{"rendered":"Servicios p\u00fablicos solicita que no arrojen escombros no restos de poda en los contenedores"},"content":{"rendered":"\n<p>A trav\u00e9s de una publicaci\u00f3n en sus redes, el \u00e1rea de Servicios P\u00fablicos Municipal solicit\u00f3 a los vecinos que no arrojen residuos de objetos contundentes que pueden da\u00f1ar el funcionamiento de los veh\u00edculos recolectores. Asimismo, anticiparon que a partir del lunes por unos d\u00edas anticipar\u00e1n el horario de recolecci\u00f3n de residuos. <\/p>\n\n\n\n<div class=\"wp-block-image\"><figure class=\"aligncenter size-large\"><img loading=\"lazy\" decoding=\"async\" width=\"725\" height=\"889\" data-attachment-id=\"130481\" data-permalink=\"https:\/\/www.hoymercedes.com.ar\/principal\/2021\/05\/21\/servicios-publicos-solicita-que-no-arrojen-escombros-no-restos-de-poda-en-los-contenedores\/fb_img_1621608554453\/#main\" data-orig-file=\"https:\/\/www.hoymercedes.com.ar\/principal\/wp-content\/uploads\/2021\/05\/FB_IMG_1621608554453.jpg\" data-orig-size=\"725,889\" data-comments-opened=\"0\" data-image-meta=\"{&quot;aperture&quot;:&quot;0&quot;,&quot;credit&quot;:&quot;&quot;,&quot;camera&quot;:&quot;&quot;,&quot;caption&quot;:&quot;&quot;,&quot;created_timestamp&quot;:&quot;0&quot;,&quot;copyright&quot;:&quot;&quot;,&quot;focal_length&quot;:&quot;0&quot;,&quot;iso&quot;:&quot;0&quot;,&quot;shutter_speed&quot;:&quot;0&quot;,&quot;title&quot;:&quot;&quot;,&quot;orientation&quot;:&quot;0&quot;}\" data-image-title=\"FB_IMG_1621608554453\" data-image-description=\"\" data-image-caption=\"\" data-large-file=\"https:\/\/www.hoymercedes.com.ar\/principal\/wp-content\/uploads\/2021\/05\/FB_IMG_1621608554453.jpg\" src=\"https:\/\/www.hoymercedes.com.ar\/principal\/wp-content\/uploads\/2021\/05\/FB_IMG_1621608554453.jpg\" alt=\"\" class=\"wp-image-130481\" srcset=\"https:\/\/www.hoymercedes.com.ar\/principal\/wp-content\/uploads\/2021\/05\/FB_IMG_1621608554453.jpg 725w, https:\/\/www.hoymercedes.com.ar\/principal\/wp-content\/uploads\/2021\/05\/FB_IMG_1621608554453-506x620.jpg 506w, https:\/\/www.hoymercedes.com.ar\/principal\/wp-content\/uploads\/2021\/05\/FB_IMG_1621608554453-122x150.jpg 122w\" sizes=\"auto, (max-width: 725px) 100vw, 725px\" \/><\/figure><\/div>\n\n\n\n<p>En sus redes sociales, el \u00e1rea de Servicios P\u00fablicos, pidi\u00f3 a la comunidad \u00abconciencia\u00bb. \u00abSolicitamos a los vecinos y vecinas de nuestra ciudad que no arrojen escombros, restos de poda, ni ning\u00fan objeto contundente a los contenedores, debido a que son destinados \u00fanicamente a residuos domiciliarios.\u00bb, expresaron desde el \u00e1rea municipal.<\/p>\n\n\n\n<p>\u00abRecordemos que los camiones no est\u00e1n preparados para recolectar material con ese volumen y peso. Esto entorpece y atrasa el sistema de recolecci\u00f3n ya que deben ser vaciados manualmente\u00bb, agregan. \u00abTomemos conciencia, y colaboremos para mantener la ciudad limpia. Muchos trabajadores y trabajadoras se esfuerzan d\u00eda a d\u00eda para mantener la ciudad en las mejores condiciones. Valoremos y cuidemos, todos podemos colaborar desde el lugar que nos toca\u00bb, resaltan.<\/p>\n\n\n\n<p>Asimismo, el \u00e1rea, a trav\u00e9s del Subsecretario Luis Ponce, en una entrevista radial, comunic\u00f3 que \u00aba partir del pr\u00f3ximo lunes, el \u00e1rea Servicio P\u00fablico realizar\u00e1 la recolecci\u00f3n de residuos a las 18 horas. El objetivo de la medida es adaptarse a las determinaciones de cuidado y se circulaci\u00f3n de terminadas por el gobierno nacional y tambi\u00e9n dan un marco de protecci\u00f3n y recuerdo a los trabajadores del \u00e1rea\u00bb.  <\/p>\n","protected":false},"excerpt":{"rendered":"<p>A trav\u00e9s de una publicaci\u00f3n en sus redes, el \u00e1rea de Servicios P\u00fablicos Municipal solicit\u00f3 a los vecinos que no &#8230; <a title=\"Servicios p\u00fablicos solicita que no arrojen escombros no restos de poda en los contenedores\" class=\"read-more\" href=\"https:\/\/www.hoymercedes.com.ar\/principal\/2021\/05\/21\/servicios-publicos-solicita-que-no-arrojen-escombros-no-restos-de-poda-en-los-contenedores\/\" aria-label=\"Leer m\u00e1s sobre Servicios p\u00fablicos solicita que no arrojen escombros no restos de poda en los contenedores\">Leer m\u00e1s<\/a><\/p>\n","protected":false},"author":1,"featured_media":130481,"comment_status":"closed","ping_status":"open","sticky":false,"template":"","format":"standard","meta":{"_monsterinsights_skip_tracking":false,"_monsterinsights_sitenote_active":false,"_monsterinsights_sitenote_note":"","_monsterinsights_sitenote_category":0,"jetpack_post_was_ever_published":false,"_jetpack_newsletter_access":"","_jetpack_dont_email_post_to_subs":false,"_jetpack_newsletter_tier_id":0,"_jetpack_memberships_contains_paywalled_content":false,"_jetpack_memberships_contains_paid_content":false,"footnotes":"","jetpack_publicize_message":"","jetpack_publicize_feature_enabled":true,"jetpack_social_post_already_shared":true,"jetpack_social_options":{"image_generator_settings":{"template":"highway","default_image_id":0,"font":"","enabled":false},"version":2},"_wpas_customize_per_network":false},"categories":[30],"tags":[],"class_list":["post-130479","post","type-post","status-publish","format-standard","has-post-thumbnail","hentry","category-municipio","generate-columns","tablet-grid-50","mobile-grid-100","grid-parent","grid-50"],"jetpack_publicize_connections":[],"jetpack_featured_media_url":"https:\/\/www.hoymercedes.com.ar\/principal\/wp-content\/uploads\/2021\/05\/FB_IMG_1621608554453.jpg","wps_subtitle":"Informaci\u00f3n municipal","jetpack_sharing_enabled":true,"jetpack-related-posts":[{"id":47467,"url":"https:\/\/www.hoymercedes.com.ar\/principal\/2016\/02\/28\/denuncian-sabotaje-en-contra-del-servicio-de-recoleccion-de-residuos\/","url_meta":{"origin":130479,"position":0},"title":"Denuncian sabotaje en contra del servicio de recolecci\u00f3n de residuos","author":"hoymercedes","date":"28 febrero, 2016","format":false,"excerpt":"Desde la Secretar\u00eda de Servicios P\u00fablicos indicaron que desconocidos arrojaron un motor dentro de un container. Cuando la m\u00e1quina compactadora levant\u00f3 dicho dep\u00f3sito rompi\u00f3 uno de sus brazos. \"Esta es una acci\u00f3n que busca perjudicar a los vecinos porque saben que da\u00f1ando las m\u00e1quinas dejamos sin recolecci\u00f3n a muchos por\u2026","rel":"","context":"En \u00abMunicipio\u00bb","block_context":{"text":"Municipio","link":"https:\/\/www.hoymercedes.com.ar\/principal\/category\/municipio\/"},"img":{"alt_text":"","src":"https:\/\/i0.wp.com\/www.hoymercedes.com.ar\/principal\/wp-content\/uploads\/2016\/02\/Navarrete-SecretarioObrasPublicas.jpg?resize=350%2C200&ssl=1","width":350,"height":200,"srcset":"https:\/\/i0.wp.com\/www.hoymercedes.com.ar\/principal\/wp-content\/uploads\/2016\/02\/Navarrete-SecretarioObrasPublicas.jpg?resize=350%2C200&ssl=1 1x, https:\/\/i0.wp.com\/www.hoymercedes.com.ar\/principal\/wp-content\/uploads\/2016\/02\/Navarrete-SecretarioObrasPublicas.jpg?resize=525%2C300&ssl=1 1.5x"},"classes":[]},{"id":61491,"url":"https:\/\/www.hoymercedes.com.ar\/principal\/2017\/04\/07\/limpieza-y-poda-en-calle-27\/","url_meta":{"origin":130479,"position":1},"title":"Limpieza y poda en calle 27","author":"hoymercedes","date":"7 abril, 2017","format":false,"excerpt":"Sabido es por todos los vecinos que circular caminando o estacionar el auto en calle 27 entre 24 y 22 es ideal para que de las plantas las aves arrojen sus \"regalos\" por no decir que \"que te cague un p\u00e1jaro\". Por estos d\u00edas se vio el trabajo de limpieza\u2026","rel":"","context":"En \u00abMunicipio\u00bb","block_context":{"text":"Municipio","link":"https:\/\/www.hoymercedes.com.ar\/principal\/category\/municipio\/"},"img":{"alt_text":"","src":"https:\/\/i0.wp.com\/www.hoymercedes.com.ar\/principal\/wp-content\/uploads\/2017\/04\/07-poda.jpg?resize=350%2C200&ssl=1","width":350,"height":200,"srcset":"https:\/\/i0.wp.com\/www.hoymercedes.com.ar\/principal\/wp-content\/uploads\/2017\/04\/07-poda.jpg?resize=350%2C200&ssl=1 1x, https:\/\/i0.wp.com\/www.hoymercedes.com.ar\/principal\/wp-content\/uploads\/2017\/04\/07-poda.jpg?resize=525%2C300&ssl=1 1.5x"},"classes":[]},{"id":157440,"url":"https:\/\/www.hoymercedes.com.ar\/principal\/2023\/01\/19\/municipio-suma-otros-100-contenedores-de-residuos\/","url_meta":{"origin":130479,"position":2},"title":"Municipio suma otros 100 contenedores de residuos","author":"hoymercedes","date":"19 enero, 2023","format":false,"excerpt":"El Municipio de Mercedes contin\u00faa con el compromiso de mejorar las condiciones de higiene urbana y ambiental, por lo que adquiri\u00f3, en lo que es una primera tanda, 100 nuevos contenedores destinados para la recolecci\u00f3n de los residuos s\u00f3lidos urbanos de la ciudad. Luis Ponce, subsecretario de Servicios P\u00fablicos manifest\u00f3\u2026","rel":"","context":"En \u00abMunicipio\u00bb","block_context":{"text":"Municipio","link":"https:\/\/www.hoymercedes.com.ar\/principal\/category\/municipio\/"},"img":{"alt_text":"","src":"https:\/\/i0.wp.com\/www.hoymercedes.com.ar\/principal\/wp-content\/uploads\/2023\/01\/contenedores.2.jpg?resize=350%2C200&ssl=1","width":350,"height":200,"srcset":"https:\/\/i0.wp.com\/www.hoymercedes.com.ar\/principal\/wp-content\/uploads\/2023\/01\/contenedores.2.jpg?resize=350%2C200&ssl=1 1x, https:\/\/i0.wp.com\/www.hoymercedes.com.ar\/principal\/wp-content\/uploads\/2023\/01\/contenedores.2.jpg?resize=525%2C300&ssl=1 1.5x, https:\/\/i0.wp.com\/www.hoymercedes.com.ar\/principal\/wp-content\/uploads\/2023\/01\/contenedores.2.jpg?resize=700%2C400&ssl=1 2x"},"classes":[]},{"id":111786,"url":"https:\/\/www.hoymercedes.com.ar\/principal\/2020\/06\/07\/eliminacion-de-mini-basurales-y-limpieza-urbana\/","url_meta":{"origin":130479,"position":3},"title":"Eliminaci\u00f3n de mini basurales y limpieza urbana","author":"hoymercedes","date":"7 junio, 2020","format":false,"excerpt":"Debido a la cuarentena, las actividades de limpieza se han visto afectadas y por lo tanto, se ha incrementado el volumen de basura. Desde el Municipio de Mercedes comenzaron con una campa\u00f1a de limpieza por los diferentes barrios de la ciudad.\u00a0 Luis Ponce, subsecretario de servicios p\u00fablicos remarc\u00f3 que, dentro\u2026","rel":"","context":"En \u00abMunicipio\u00bb","block_context":{"text":"Municipio","link":"https:\/\/www.hoymercedes.com.ar\/principal\/category\/municipio\/"},"img":{"alt_text":"","src":"https:\/\/i0.wp.com\/www.hoymercedes.com.ar\/principal\/wp-content\/uploads\/2020\/06\/07-limpieza-1.jpeg?resize=350%2C200&ssl=1","width":350,"height":200,"srcset":"https:\/\/i0.wp.com\/www.hoymercedes.com.ar\/principal\/wp-content\/uploads\/2020\/06\/07-limpieza-1.jpeg?resize=350%2C200&ssl=1 1x, https:\/\/i0.wp.com\/www.hoymercedes.com.ar\/principal\/wp-content\/uploads\/2020\/06\/07-limpieza-1.jpeg?resize=525%2C300&ssl=1 1.5x, https:\/\/i0.wp.com\/www.hoymercedes.com.ar\/principal\/wp-content\/uploads\/2020\/06\/07-limpieza-1.jpeg?resize=700%2C400&ssl=1 2x"},"classes":[]},{"id":39335,"url":"https:\/\/www.hoymercedes.com.ar\/principal\/2015\/02\/05\/nueva-propuesta-para-procesar-la-basura-en-mercedes-via-contenedores\/","url_meta":{"origin":130479,"position":4},"title":"Nueva propuesta para procesar la basura en Mercedes v\u00eda contenedores","author":"hoymercedes","date":"5 febrero, 2015","format":false,"excerpt":"Una nueva propuesta surge de la Municipalidad de Mercedes para que los mercedinos procesemos los residuos. A la habitual recolecci\u00f3n se le est\u00e1 sumando una experiencia con contenedores en cada vez m\u00e1s calles de la ciudad. Se busca una mayor participaci\u00f3n ciudadana. A los existentes se supo que se le\u2026","rel":"","context":"En \u00abMunicipio\u00bb","block_context":{"text":"Municipio","link":"https:\/\/www.hoymercedes.com.ar\/principal\/category\/municipio\/"},"img":{"alt_text":"CAM03586","src":"https:\/\/i0.wp.com\/www.hoymercedes.com.ar\/principal\/wp-content\/uploads\/2015\/02\/CAM03586.jpg?resize=350%2C200","width":350,"height":200,"srcset":"https:\/\/i0.wp.com\/www.hoymercedes.com.ar\/principal\/wp-content\/uploads\/2015\/02\/CAM03586.jpg?resize=350%2C200 1x, https:\/\/i0.wp.com\/www.hoymercedes.com.ar\/principal\/wp-content\/uploads\/2015\/02\/CAM03586.jpg?resize=525%2C300 1.5x"},"classes":[]},{"id":81683,"url":"https:\/\/www.hoymercedes.com.ar\/principal\/2018\/09\/27\/programa-municipio-va-a-tu-barrio-co-limpieza-intensiva-llega-a-barrio-obrero\/","url_meta":{"origin":130479,"position":5},"title":"Programa \u00abMunicipio va a tu barrio\u00bb con limpieza intensiva llega a Barrio Obrero","author":"hoymercedes","date":"27 septiembre, 2018","format":false,"excerpt":"Con el prop\u00f3sito de mejorar los espacios comunes en los barrios de Mercedes y acercar los servicios municipales a los vecinos, desde la comuna se contin\u00faa con el programa de limpieza domiciliaria \u201cEl Municipio va a tu Barrio\u201d. Esta iniciativa que contribuye y est\u00e1 dirigida a tener una ciudad m\u00e1s\u2026","rel":"","context":"En \u00abMunicipio\u00bb","block_context":{"text":"Municipio","link":"https:\/\/www.hoymercedes.com.ar\/principal\/category\/municipio\/"},"img":{"alt_text":"","src":"https:\/\/i0.wp.com\/www.hoymercedes.com.ar\/principal\/wp-content\/uploads\/2018\/09\/limpieza-barrio.jpg?resize=350%2C200&ssl=1","width":350,"height":200,"srcset":"https:\/\/i0.wp.com\/www.hoymercedes.com.ar\/principal\/wp-content\/uploads\/2018\/09\/limpieza-barrio.jpg?resize=350%2C200&ssl=1 1x, https:\/\/i0.wp.com\/www.hoymercedes.com.ar\/principal\/wp-content\/uploads\/2018\/09\/limpieza-barrio.jpg?resize=525%2C300&ssl=1 1.5x, https:\/\/i0.wp.com\/www.hoymercedes.com.ar\/principal\/wp-content\/uploads\/2018\/09\/limpieza-barrio.jpg?resize=700%2C400&ssl=1 2x"},"classes":[]}],"_links":{"self":[{"href":"https:\/\/www.hoymercedes.com.ar\/principal\/wp-json\/wp\/v2\/posts\/130479","targetHints":{"allow":["GET"]}}],"collection":[{"href":"https:\/\/www.hoymercedes.com.ar\/principal\/wp-json\/wp\/v2\/posts"}],"about":[{"href":"https:\/\/www.hoymercedes.com.ar\/principal\/wp-json\/wp\/v2\/types\/post"}],"author":[{"embeddable":true,"href":"https:\/\/www.hoymercedes.com.ar\/principal\/wp-json\/wp\/v2\/users\/1"}],"replies":[{"embeddable":true,"href":"https:\/\/www.hoymercedes.com.ar\/principal\/wp-json\/wp\/v2\/comments?post=130479"}],"version-history":[{"count":0,"href":"https:\/\/www.hoymercedes.com.ar\/principal\/wp-json\/wp\/v2\/posts\/130479\/revisions"}],"wp:featuredmedia":[{"embeddable":true,"href":"https:\/\/www.hoymercedes.com.ar\/principal\/wp-json\/wp\/v2\/media\/130481"}],"wp:attachment":[{"href":"https:\/\/www.hoymercedes.com.ar\/principal\/wp-json\/wp\/v2\/media?parent=130479"}],"wp:term":[{"taxonomy":"category","embeddable":true,"href":"https:\/\/www.hoymercedes.com.ar\/principal\/wp-json\/wp\/v2\/categories?post=130479"},{"taxonomy":"post_tag","embeddable":true,"href":"https:\/\/www.hoymercedes.com.ar\/principal\/wp-json\/wp\/v2\/tags?post=130479"}],"curies":[{"name":"wp","href":"https:\/\/api.w.org\/{rel}","templated":true}]}}