{"id":130518,"date":"2021-05-21T19:26:50","date_gmt":"2021-05-21T22:26:50","guid":{"rendered":"https:\/\/www.hoymercedes.com.ar\/principal\/?p=130518"},"modified":"2021-05-21T19:26:57","modified_gmt":"2021-05-21T22:26:57","slug":"provincia-confirmo-que-126-municipios-cumpliran-con-el-dnu-nacional","status":"publish","type":"post","link":"https:\/\/www.hoymercedes.com.ar\/principal\/2021\/05\/21\/provincia-confirmo-que-126-municipios-cumpliran-con-el-dnu-nacional\/","title":{"rendered":"Provincia confirm\u00f3 que 126 municipios cumplir\u00e1n con el DNU Nacional"},"content":{"rendered":"\n<p>A trav\u00e9s de una conferencia de prensa emitida por los canales oficiales de la Gobernaci\u00f3n de la provincia de Buenos Aires, Axel Kicillof, Gobernador bonaerense, confirm\u00f3 que 126 municipios deber\u00e1n cumplir \u00aba rajatablas\u00bb las restricciones estipuladas y <a href=\"https:\/\/www.hoymercedes.com.ar\/principal\/2021\/05\/21\/el-peor-momento-de-la-pandemia-nuevas-medidas-para-reducir-los-contagios\/\" data-type=\"post\" data-id=\"130493\">anunciadas por el gobierno nacional. <\/a>En Mercedes, que est\u00e1 inclu\u00eddo entre los municipios confirmados por el gobernador, se espera la comunicaci\u00f3n oficial del Municipio. <\/p>\n\n\n\n<div class=\"wp-block-image\"><figure class=\"aligncenter size-large\"><img loading=\"lazy\" decoding=\"async\" width=\"800\" height=\"453\" data-attachment-id=\"130519\" data-permalink=\"https:\/\/www.hoymercedes.com.ar\/principal\/2021\/05\/21\/provincia-confirmo-que-126-municipios-cumpliran-con-el-dnu-nacional\/21-provincia-conferencia\/#main\" data-orig-file=\"https:\/\/www.hoymercedes.com.ar\/principal\/wp-content\/uploads\/2021\/05\/21-provincia-conferencia.png\" data-orig-size=\"800,453\" data-comments-opened=\"0\" data-image-meta=\"{&quot;aperture&quot;:&quot;0&quot;,&quot;credit&quot;:&quot;&quot;,&quot;camera&quot;:&quot;&quot;,&quot;caption&quot;:&quot;&quot;,&quot;created_timestamp&quot;:&quot;0&quot;,&quot;copyright&quot;:&quot;&quot;,&quot;focal_length&quot;:&quot;0&quot;,&quot;iso&quot;:&quot;0&quot;,&quot;shutter_speed&quot;:&quot;0&quot;,&quot;title&quot;:&quot;&quot;,&quot;orientation&quot;:&quot;0&quot;}\" data-image-title=\"21 provincia conferencia\" data-image-description=\"\" data-image-caption=\"\" data-large-file=\"https:\/\/www.hoymercedes.com.ar\/principal\/wp-content\/uploads\/2021\/05\/21-provincia-conferencia.png\" src=\"https:\/\/www.hoymercedes.com.ar\/principal\/wp-content\/uploads\/2021\/05\/21-provincia-conferencia.png\" alt=\"\" class=\"wp-image-130519\" srcset=\"https:\/\/www.hoymercedes.com.ar\/principal\/wp-content\/uploads\/2021\/05\/21-provincia-conferencia.png 800w, https:\/\/www.hoymercedes.com.ar\/principal\/wp-content\/uploads\/2021\/05\/21-provincia-conferencia-630x357.png 630w, https:\/\/www.hoymercedes.com.ar\/principal\/wp-content\/uploads\/2021\/05\/21-provincia-conferencia-150x85.png 150w\" sizes=\"auto, (max-width: 800px) 100vw, 800px\" \/><\/figure><\/div>\n\n\n\n<p>En su exposici\u00f3n, el Gobernador asegur\u00f3 que el sistema de fases que tiene la provincia ser\u00e1 \u00absuspendido\u00bb por estos d\u00edas \u00aby puesto en equivalencias con el DNU\u00bb. Esto significa que las 126 localidades (entre 135) que est\u00e1n calificadas como \u00abalerta\u00bb y \u00abalto\u00bb riesgo, o sea, en fase 2 y fase 3, est\u00e1n contempladas en las restricciones anunciadas. Entre estas localidades, entra Mercedes que desde hace varias semanas est\u00e1 en fase 3. <\/p>\n\n\n\n<p>Si bien los detalles del decreto provincial no est\u00e1n publicados a\u00fan, as\u00ed como se desconoce los detalles del DNU nacional que comenzar\u00e1 a regir a las 0 horas del s\u00e1bado 22 de mayo, Kicillof anunci\u00f3 que 126 distritos\u00a0de la provincia \u00abtendr\u00e1n restricciones a la circulaci\u00f3n y a ciertas actividades\u00bb para intentar frenar la suba de contagios de coronavirus. Incluyendo la presencialidad de clases en las escuelas en estos distritos. <\/p>\n\n\n\n<p>\u201cEstar\u00e1n habilitados solo los comercios esenciales, los comercios con env\u00edo y para llevar y solo se podr\u00e1 circular en las cercan\u00edas del domicilio entre las 6 de la ma\u00f1ana y las 18 horas o por razones especialmente autorizadas. Esto lo anunci\u00f3 el Presidente y la provincia respeta las leyes y las cumple, un DNU tiene un valor de ley, y se van a cumplir a rajatabla esta serie de medidas de cuidado\u201d, dijo, por lo que se infiere que los comercios no esenciales no recibir\u00e1n clientes dentro de su local, pero s\u00ed pueden entregar productos. (NdR: Insistimos, los detalles del decreto provincial, aun no se conocen)<\/p>\n\n\n\n<p>Luego, Kicillof acompa\u00f1ado del Ministro de Salud Daniel Goll\u00e1n y el Jefe de Gabinete de Ministros, Carlos Bianco, hizo referencia a la situaci\u00f3n edpidemiol\u00f3gica y a la vacunaci\u00f3n en la provincia. \u201cEn Argentina y en la regi\u00f3n del AMBA se encuentran las nuevas variantes. El virus original, el de 2020, es minoritario. Es una nueva pandemia porque es un virus modificado, m\u00e1s contagioso.\u00a0Los mismos cuidados que ten\u00edamos durante la primera ola no alcanzan, la explosi\u00f3n de contagios es producto de variantes m\u00e1s contagiosas\u201d, destac\u00f3.<\/p>\n\n\n\n<p>\u00abLa primera ola fue una cosa y esta segunda es distinta, no solo por las nuevas variantes o porque est\u00e1n viniendo las temperaturas invernales, que complican la ventilaci\u00f3n. Pero tambi\u00e9n es otra pandemia porque tenemos la vacuna. Comenzamos a traer vacunas mientras una parte importante de los comunicadores y pol\u00edticos dijeron que era veneno&#8230; Estamos avanzando sobre todos los mayores de 60, de los 700 mil inscriptos, tenemos casi al 80% vacunados. Nuestro pr\u00f3ximo paso es vacunar a todos los mayores de 60 o mayores de 40 con enfermedad preexistente. Necesitamos que todos est\u00e9n inscriptos\u201d, destac\u00f3 el gobernador instando a que los bonaerenses que no lo hicieron se inscriban para recibir la vacuna.<\/p>\n","protected":false},"excerpt":{"rendered":"<p>A trav\u00e9s de una conferencia de prensa emitida por los canales oficiales de la Gobernaci\u00f3n de la provincia de Buenos &#8230; <a title=\"Provincia confirm\u00f3 que 126 municipios cumplir\u00e1n con el DNU Nacional\" class=\"read-more\" href=\"https:\/\/www.hoymercedes.com.ar\/principal\/2021\/05\/21\/provincia-confirmo-que-126-municipios-cumpliran-con-el-dnu-nacional\/\" aria-label=\"Leer m\u00e1s sobre Provincia confirm\u00f3 que 126 municipios cumplir\u00e1n con el DNU Nacional\">Leer m\u00e1s<\/a><\/p>\n","protected":false},"author":1,"featured_media":130519,"comment_status":"closed","ping_status":"open","sticky":false,"template":"","format":"standard","meta":{"_monsterinsights_skip_tracking":false,"_monsterinsights_sitenote_active":false,"_monsterinsights_sitenote_note":"","_monsterinsights_sitenote_category":0,"jetpack_post_was_ever_published":false,"_jetpack_newsletter_access":"","_jetpack_dont_email_post_to_subs":false,"_jetpack_newsletter_tier_id":0,"_jetpack_memberships_contains_paywalled_content":false,"_jetpack_memberships_contains_paid_content":false,"footnotes":"","jetpack_publicize_message":"","jetpack_publicize_feature_enabled":true,"jetpack_social_post_already_shared":true,"jetpack_social_options":{"image_generator_settings":{"template":"highway","default_image_id":0,"font":"","enabled":false},"version":2},"_wpas_customize_per_network":false},"categories":[8881],"tags":[],"class_list":["post-130518","post","type-post","status-publish","format-standard","has-post-thumbnail","hentry","category-provincia","generate-columns","tablet-grid-50","mobile-grid-100","grid-parent","grid-50"],"jetpack_publicize_connections":[],"jetpack_featured_media_url":"https:\/\/www.hoymercedes.com.ar\/principal\/wp-content\/uploads\/2021\/05\/21-provincia-conferencia.png","wps_subtitle":"Anuncios en la provincia","jetpack_sharing_enabled":true,"jetpack-related-posts":[{"id":108046,"url":"https:\/\/www.hoymercedes.com.ar\/principal\/2020\/03\/20\/el-gobierno-de-la-provincia-otorga-300-millones-de-pesos-a-municipios-para-la-emergencia-sanitaria\/","url_meta":{"origin":130518,"position":0},"title":"Coronavirus: El Gobierno de la Provincia otorga 300 millones de pesos a municipios para la emergencia sanitaria","author":"hoymercedes","date":"20 marzo, 2020","format":false,"excerpt":"El gobernador de la provincia de Buenos Aires, Axel Kicillof, firm\u00f3 el decreto que asiste a los municipios bonaerenses con 300 millones de pesos para atender la emergencia sanitaria por coronavirus, decretada el 12 de marzo por 180 d\u00edas. Esta asistencia financiera tiene el objetivo de dotar a los municipios\u2026","rel":"","context":"En \u00abProvincia\u00bb","block_context":{"text":"Provincia","link":"https:\/\/www.hoymercedes.com.ar\/principal\/category\/provincia\/"},"img":{"alt_text":"","src":"https:\/\/i0.wp.com\/www.hoymercedes.com.ar\/principal\/wp-content\/uploads\/2020\/03\/covid-coronavirus.jpg?resize=350%2C200&ssl=1","width":350,"height":200,"srcset":"https:\/\/i0.wp.com\/www.hoymercedes.com.ar\/principal\/wp-content\/uploads\/2020\/03\/covid-coronavirus.jpg?resize=350%2C200&ssl=1 1x, https:\/\/i0.wp.com\/www.hoymercedes.com.ar\/principal\/wp-content\/uploads\/2020\/03\/covid-coronavirus.jpg?resize=525%2C300&ssl=1 1.5x, https:\/\/i0.wp.com\/www.hoymercedes.com.ar\/principal\/wp-content\/uploads\/2020\/03\/covid-coronavirus.jpg?resize=700%2C400&ssl=1 2x"},"classes":[]},{"id":193756,"url":"https:\/\/www.hoymercedes.com.ar\/principal\/2026\/03\/28\/ustarroz-presente-en-la-reunion-de-intendentes-con-kicillof\/","url_meta":{"origin":130518,"position":1},"title":"Ustarroz presente en la reuni\u00f3n de Intendentes con Kicillof","author":"hoymercedes","date":"28 marzo, 2026","format":false,"excerpt":"El intendente de Mercedes, Juan Ignacio Ustarroz, particip\u00f3 de una reuni\u00f3n de emergencia en La Plata junto al gobernador Axel Kicillof y jefes comunales de toda la provincia, en un contexto marcado por la preocupaci\u00f3n por la situaci\u00f3n econ\u00f3mica y financiera de los municipios. Durante el encuentro, se analiz\u00f3 el\u2026","rel":"","context":"En \u00abPol\u00edtica\u00bb","block_context":{"text":"Pol\u00edtica","link":"https:\/\/www.hoymercedes.com.ar\/principal\/category\/politica\/"},"img":{"alt_text":"","src":"https:\/\/i0.wp.com\/www.hoymercedes.com.ar\/principal\/wp-content\/uploads\/2026\/03\/image-96.png?resize=350%2C200&ssl=1","width":350,"height":200,"srcset":"https:\/\/i0.wp.com\/www.hoymercedes.com.ar\/principal\/wp-content\/uploads\/2026\/03\/image-96.png?resize=350%2C200&ssl=1 1x, https:\/\/i0.wp.com\/www.hoymercedes.com.ar\/principal\/wp-content\/uploads\/2026\/03\/image-96.png?resize=525%2C300&ssl=1 1.5x, https:\/\/i0.wp.com\/www.hoymercedes.com.ar\/principal\/wp-content\/uploads\/2026\/03\/image-96.png?resize=700%2C400&ssl=1 2x, https:\/\/i0.wp.com\/www.hoymercedes.com.ar\/principal\/wp-content\/uploads\/2026\/03\/image-96.png?resize=1050%2C600&ssl=1 3x, https:\/\/i0.wp.com\/www.hoymercedes.com.ar\/principal\/wp-content\/uploads\/2026\/03\/image-96.png?resize=1400%2C800&ssl=1 4x"},"classes":[]},{"id":20245,"url":"https:\/\/www.hoymercedes.com.ar\/principal\/2013\/03\/02\/carlos-selva-estuvo-en-la-legislatura-provincial\/","url_meta":{"origin":130518,"position":2},"title":"Carlos Selva estuvo en la legislatura provincial","author":"hoymercedes","date":"2 marzo, 2013","format":false,"excerpt":"El intendente Carlos Selva estuvo presente en el inicio del ciclo legislativo 2013 de la provincia de Buenos Aires que llev\u00f3 adelante el gobernador Daniel Scioli. Al mediod\u00eda el gobernador hab\u00eda estado junto a la presidenta por eso su presentaci\u00f3n fue por la tarde. El primer mandatario local fue parte\u2026","rel":"","context":"En \u00abPol\u00edtica\u00bb","block_context":{"text":"Pol\u00edtica","link":"https:\/\/www.hoymercedes.com.ar\/principal\/category\/politica\/"},"img":{"alt_text":"Carlos Selva junto a Karina Robolini","src":"https:\/\/i0.wp.com\/www.hoymercedes.com.ar\/principal\/wp-content\/uploads\/2013\/03\/Selva-Rabolini.jpg?resize=350%2C200","width":350,"height":200,"srcset":"https:\/\/i0.wp.com\/www.hoymercedes.com.ar\/principal\/wp-content\/uploads\/2013\/03\/Selva-Rabolini.jpg?resize=350%2C200 1x, https:\/\/i0.wp.com\/www.hoymercedes.com.ar\/principal\/wp-content\/uploads\/2013\/03\/Selva-Rabolini.jpg?resize=525%2C300 1.5x"},"classes":[]},{"id":128163,"url":"https:\/\/www.hoymercedes.com.ar\/principal\/2021\/04\/14\/nueva-linea-de-provincia-leasing-para-municipios-por-2-000-millones-de-pesos\/","url_meta":{"origin":130518,"position":3},"title":"Nueva l\u00ednea de Provincia Leasing para municipios por 2.000 millones de pesos","author":"hoymercedes","date":"14 abril, 2021","format":false,"excerpt":"Fuente Provincia PBA - El gobernador de la provincia de Buenos Aires, Axel Kicillof, present\u00f3 esta ma\u00f1ana junto al presidente del Banco Provincia, Juan Cuattromo, y al ministro de Hacienda y Finanzas, Pablo L\u00f3pez, la nueva l\u00ednea de leasing para la adquisici\u00f3n de bienes de capital. El anuncio se realiz\u00f3\u2026","rel":"","context":"En \u00abProvincia\u00bb","block_context":{"text":"Provincia","link":"https:\/\/www.hoymercedes.com.ar\/principal\/category\/provincia\/"},"img":{"alt_text":"","src":"https:\/\/i0.wp.com\/www.hoymercedes.com.ar\/principal\/wp-content\/uploads\/2021\/04\/2021_04_14_AK_Leasing-Banco-Provincia_032.jpg?resize=350%2C200&ssl=1","width":350,"height":200,"srcset":"https:\/\/i0.wp.com\/www.hoymercedes.com.ar\/principal\/wp-content\/uploads\/2021\/04\/2021_04_14_AK_Leasing-Banco-Provincia_032.jpg?resize=350%2C200&ssl=1 1x, https:\/\/i0.wp.com\/www.hoymercedes.com.ar\/principal\/wp-content\/uploads\/2021\/04\/2021_04_14_AK_Leasing-Banco-Provincia_032.jpg?resize=525%2C300&ssl=1 1.5x, https:\/\/i0.wp.com\/www.hoymercedes.com.ar\/principal\/wp-content\/uploads\/2021\/04\/2021_04_14_AK_Leasing-Banco-Provincia_032.jpg?resize=700%2C400&ssl=1 2x"},"classes":[]},{"id":111218,"url":"https:\/\/www.hoymercedes.com.ar\/principal\/2020\/05\/26\/anunciaron-plan-de-infraestructura-para-municipios-bonaerenses\/","url_meta":{"origin":130518,"position":4},"title":"Anunciaron plan de infraestructura para municipios bonaerenses","author":"hoymercedes","date":"26 mayo, 2020","format":false,"excerpt":"Las autoridades de la Naci\u00f3n y la Provincia anunciaron obras de infraestructura para los municipios bonaerenses. El Plan incluye la construcci\u00f3n de centros de aislamiento modulares para el Servicio Penitenciario; la realizaci\u00f3n de obras en el marco del programa \"Argentina Hace\" en cuarenta municipios; y obras de agua y saneamiento\u2026","rel":"","context":"En \u00abProvincia\u00bb","block_context":{"text":"Provincia","link":"https:\/\/www.hoymercedes.com.ar\/principal\/category\/provincia\/"},"img":{"alt_text":"","src":"https:\/\/i0.wp.com\/www.hoymercedes.com.ar\/principal\/wp-content\/uploads\/2020\/05\/26-convenio-provincia.jpg?resize=350%2C200&ssl=1","width":350,"height":200,"srcset":"https:\/\/i0.wp.com\/www.hoymercedes.com.ar\/principal\/wp-content\/uploads\/2020\/05\/26-convenio-provincia.jpg?resize=350%2C200&ssl=1 1x, https:\/\/i0.wp.com\/www.hoymercedes.com.ar\/principal\/wp-content\/uploads\/2020\/05\/26-convenio-provincia.jpg?resize=525%2C300&ssl=1 1.5x, https:\/\/i0.wp.com\/www.hoymercedes.com.ar\/principal\/wp-content\/uploads\/2020\/05\/26-convenio-provincia.jpg?resize=700%2C400&ssl=1 2x"},"classes":[]},{"id":13660,"url":"https:\/\/www.hoymercedes.com.ar\/principal\/2012\/06\/13\/selva-nuevamente-junto-a-scioli-2\/","url_meta":{"origin":130518,"position":5},"title":"Selva nuevamente junto a Scioli","author":"hoymercedes","date":"13 junio, 2012","format":false,"excerpt":"El gobernador Daniel Scioli entreg\u00f3 aportes financieros y firm\u00f3 contratos de financiamiento para la compra de maquinarias en presencia de intendentes, entre ellos Carlos Selva. En su discurso, destac\u00f3 la necesidad de \u201ccontinuar trabajando en una agenda de gesti\u00f3n com\u00fan con los municipios\u201d Acompa\u00f1ado por el diputado nacional Edgardo Depetri;\u2026","rel":"","context":"En \u00abOpini\u00f3n\u00bb","block_context":{"text":"Opini\u00f3n","link":"https:\/\/www.hoymercedes.com.ar\/principal\/category\/opinion\/"},"img":{"alt_text":"","src":"","width":0,"height":0},"classes":[]}],"_links":{"self":[{"href":"https:\/\/www.hoymercedes.com.ar\/principal\/wp-json\/wp\/v2\/posts\/130518","targetHints":{"allow":["GET"]}}],"collection":[{"href":"https:\/\/www.hoymercedes.com.ar\/principal\/wp-json\/wp\/v2\/posts"}],"about":[{"href":"https:\/\/www.hoymercedes.com.ar\/principal\/wp-json\/wp\/v2\/types\/post"}],"author":[{"embeddable":true,"href":"https:\/\/www.hoymercedes.com.ar\/principal\/wp-json\/wp\/v2\/users\/1"}],"replies":[{"embeddable":true,"href":"https:\/\/www.hoymercedes.com.ar\/principal\/wp-json\/wp\/v2\/comments?post=130518"}],"version-history":[{"count":0,"href":"https:\/\/www.hoymercedes.com.ar\/principal\/wp-json\/wp\/v2\/posts\/130518\/revisions"}],"wp:featuredmedia":[{"embeddable":true,"href":"https:\/\/www.hoymercedes.com.ar\/principal\/wp-json\/wp\/v2\/media\/130519"}],"wp:attachment":[{"href":"https:\/\/www.hoymercedes.com.ar\/principal\/wp-json\/wp\/v2\/media?parent=130518"}],"wp:term":[{"taxonomy":"category","embeddable":true,"href":"https:\/\/www.hoymercedes.com.ar\/principal\/wp-json\/wp\/v2\/categories?post=130518"},{"taxonomy":"post_tag","embeddable":true,"href":"https:\/\/www.hoymercedes.com.ar\/principal\/wp-json\/wp\/v2\/tags?post=130518"}],"curies":[{"name":"wp","href":"https:\/\/api.w.org\/{rel}","templated":true}]}}