{"id":130592,"date":"2021-05-23T12:17:55","date_gmt":"2021-05-23T15:17:55","guid":{"rendered":"http:\/\/www.hoymercedes.com.ar\/principal\/?p=130592"},"modified":"2021-05-23T12:18:03","modified_gmt":"2021-05-23T15:18:03","slug":"campana-para-que-embarazadas-se-vacunen-contra-el-covid","status":"publish","type":"post","link":"https:\/\/www.hoymercedes.com.ar\/principal\/2021\/05\/23\/campana-para-que-embarazadas-se-vacunen-contra-el-covid\/","title":{"rendered":"Campa\u00f1a para que embarazadas se vacunen contra el covid"},"content":{"rendered":"\n<p>Advierten que las nuevas cepas del covid-19 est\u00e1 afectando fuertemente a las mujeres embarazadas y a sus beb\u00e9s en gestaci\u00f3n. Es as\u00ed que desde el Programa Municipal Mil D\u00edas invitan a las mujeres que est\u00e1n transitando su embarazo se anoten en el programa VacunatePBA para luego ser vacunadas en uno de los centros de vacunaci\u00f3n de Mercedes. <\/p>\n\n\n\n<p>Desde el Programa Mil D\u00edas informaron que en los \u00faltimos d\u00edas, al menos tres mujeres embarazadas presentaron complicaciones graves a causa del virus que produce covid_19. \u00abEs muy necesario extremar los cuidados para evitar los contagios. Es la manera m\u00e1s eficaz de cuidar la salud de la madre y el beb\u00e9. Procura quedarte en tu casa, saliendo solo para continuar con tus controles de salud y estudios, d\u00f3nde estar\u00e1n garantizadas las medidas socio-sanitarias\u00bb, expresaron. <\/p>\n\n\n\n<p>E invitaron a las embarazadas a inscribirse en el programa de vacunaci\u00f3n Vacunate PBA (<a href=\"https:\/\/vacunatepba.gba.gob.ar\/\" target=\"_blank\" rel=\"noopener\">https:\/\/vacunatepba.gba.gob.ar\/<\/a>) o consultar en los centros de vacunaci\u00f3n de Mercedes (MAMM y CEF N\u00b0 40) as\u00ed como con los m\u00e9dicos tratantes. <\/p>\n","protected":false},"excerpt":{"rendered":"<p>Advierten que las nuevas cepas del covid-19 est\u00e1 afectando fuertemente a las mujeres embarazadas y a sus beb\u00e9s en gestaci\u00f3n. &#8230; <a title=\"Campa\u00f1a para que embarazadas se vacunen contra el covid\" class=\"read-more\" href=\"https:\/\/www.hoymercedes.com.ar\/principal\/2021\/05\/23\/campana-para-que-embarazadas-se-vacunen-contra-el-covid\/\" aria-label=\"Leer m\u00e1s sobre Campa\u00f1a para que embarazadas se vacunen contra el covid\">Leer m\u00e1s<\/a><\/p>\n","protected":false},"author":1,"featured_media":130593,"comment_status":"closed","ping_status":"open","sticky":false,"template":"","format":"standard","meta":{"_monsterinsights_skip_tracking":false,"_monsterinsights_sitenote_active":false,"_monsterinsights_sitenote_note":"","_monsterinsights_sitenote_category":0,"jetpack_post_was_ever_published":false,"_jetpack_newsletter_access":"","_jetpack_dont_email_post_to_subs":false,"_jetpack_newsletter_tier_id":0,"_jetpack_memberships_contains_paywalled_content":false,"_jetpack_memberships_contains_paid_content":false,"footnotes":"","jetpack_publicize_message":"","jetpack_publicize_feature_enabled":true,"jetpack_social_post_already_shared":true,"jetpack_social_options":{"image_generator_settings":{"template":"highway","default_image_id":0,"font":"","enabled":false},"version":2},"_wpas_customize_per_network":false},"categories":[9791],"tags":[],"class_list":["post-130592","post","type-post","status-publish","format-standard","has-post-thumbnail","hentry","category-salud","generate-columns","tablet-grid-50","mobile-grid-100","grid-parent","grid-50"],"jetpack_publicize_connections":[],"jetpack_featured_media_url":"https:\/\/www.hoymercedes.com.ar\/principal\/wp-content\/uploads\/2021\/05\/WhatsApp-Image-2021-05-21-at-19.20.54.jpeg","wps_subtitle":"","jetpack_sharing_enabled":true,"jetpack-related-posts":[{"id":80809,"url":"https:\/\/www.hoymercedes.com.ar\/principal\/2018\/09\/08\/termino-curso-de-pre-parto-y-entregaron-kits-a-las-embarazadas-beneficiarias\/","url_meta":{"origin":130592,"position":0},"title":"Termin\u00f3 curso de pre parto y entregaron kits a las embarazadas beneficiarias","author":"hoymercedes","date":"8 septiembre, 2018","format":false,"excerpt":"D\u00edas atr\u00e1s termin\u00f3 un nuevo curso de pre parto para las beneficiarios del Programa Primeros Mil D\u00edas. Las mujeres embarazadas recibieron capacitaci\u00f3n, informaci\u00f3n, y contenci\u00f3n los d\u00edas antes del nacimiento de sus hijos. Adem\u00e1s tienen\u00a0seguimiento m\u00e9dico, nutricional, ecograf\u00edas, aquagym, entre las acciones globales de cuidado de los mil d\u00edas previos\u2026","rel":"","context":"En \u00abMunicipio\u00bb","block_context":{"text":"Municipio","link":"https:\/\/www.hoymercedes.com.ar\/principal\/category\/municipio\/"},"img":{"alt_text":"","src":"https:\/\/i0.wp.com\/www.hoymercedes.com.ar\/principal\/wp-content\/uploads\/2018\/09\/08-MIlDias-1.jpg?resize=350%2C200&ssl=1","width":350,"height":200,"srcset":"https:\/\/i0.wp.com\/www.hoymercedes.com.ar\/principal\/wp-content\/uploads\/2018\/09\/08-MIlDias-1.jpg?resize=350%2C200&ssl=1 1x, https:\/\/i0.wp.com\/www.hoymercedes.com.ar\/principal\/wp-content\/uploads\/2018\/09\/08-MIlDias-1.jpg?resize=525%2C300&ssl=1 1.5x, https:\/\/i0.wp.com\/www.hoymercedes.com.ar\/principal\/wp-content\/uploads\/2018\/09\/08-MIlDias-1.jpg?resize=700%2C400&ssl=1 2x"},"classes":[]},{"id":133488,"url":"https:\/\/www.hoymercedes.com.ar\/principal\/2021\/07\/17\/mil-dias-termino-curso-de-preparto-y-entregaron-ajuares-para-bebes\/","url_meta":{"origin":130592,"position":1},"title":"Mil d\u00edas: Termin\u00f3 curso de preparto y entregaron ajuares para beb\u00e9s","author":"hoymercedes","date":"17 julio, 2021","format":false,"excerpt":"El Programa Mil D\u00edas que lleva adelante el municipio de Mercedes termin\u00f3 una nueva etapa de formaci\u00f3n y capacitaci\u00f3n para las mujeres embarazadas que est\u00e1n a pocas semanas del nacimiento de sus beb\u00e9s. Termin\u00f3 el curso preparto virtual y comenz\u00f3 la entrega de los kits para los beb\u00e9s que nacer\u00e1n\u2026","rel":"","context":"En \u00abMunicipio\u00bb","block_context":{"text":"Municipio","link":"https:\/\/www.hoymercedes.com.ar\/principal\/category\/municipio\/"},"img":{"alt_text":"","src":"https:\/\/i0.wp.com\/www.hoymercedes.com.ar\/principal\/wp-content\/uploads\/2021\/07\/17-programa-mil-dias-1.jpg?resize=350%2C200&ssl=1","width":350,"height":200,"srcset":"https:\/\/i0.wp.com\/www.hoymercedes.com.ar\/principal\/wp-content\/uploads\/2021\/07\/17-programa-mil-dias-1.jpg?resize=350%2C200&ssl=1 1x, https:\/\/i0.wp.com\/www.hoymercedes.com.ar\/principal\/wp-content\/uploads\/2021\/07\/17-programa-mil-dias-1.jpg?resize=525%2C300&ssl=1 1.5x, https:\/\/i0.wp.com\/www.hoymercedes.com.ar\/principal\/wp-content\/uploads\/2021\/07\/17-programa-mil-dias-1.jpg?resize=700%2C400&ssl=1 2x"},"classes":[]},{"id":91220,"url":"https:\/\/www.hoymercedes.com.ar\/principal\/2019\/04\/11\/nuevo-curso-para-futuras-mamas-en-barrio-san-martin\/","url_meta":{"origin":130592,"position":2},"title":"Nuevo curso para futuras mam\u00e1s en barrio San Mart\u00edn","author":"hoymercedes","date":"11 abril, 2019","format":false,"excerpt":"Desde el programa Primeros Mil D\u00edas iniciaron un nuevo curso de preparaci\u00f3n para el parto lactancia y crianza para las beneficiarias del programa municipal que est\u00e9n transitando los \u00faltimos meses de embarazo. M\u00e1s de 20 mujeres embarazadas fueron parte de las jornadas en el Espacio Primera Infancia del barrio San\u2026","rel":"","context":"En \u00abMunicipio\u00bb","block_context":{"text":"Municipio","link":"https:\/\/www.hoymercedes.com.ar\/principal\/category\/municipio\/"},"img":{"alt_text":"","src":"https:\/\/i0.wp.com\/www.hoymercedes.com.ar\/principal\/wp-content\/uploads\/2019\/04\/11-Preparto.jpeg?resize=350%2C200&ssl=1","width":350,"height":200,"srcset":"https:\/\/i0.wp.com\/www.hoymercedes.com.ar\/principal\/wp-content\/uploads\/2019\/04\/11-Preparto.jpeg?resize=350%2C200&ssl=1 1x, https:\/\/i0.wp.com\/www.hoymercedes.com.ar\/principal\/wp-content\/uploads\/2019\/04\/11-Preparto.jpeg?resize=525%2C300&ssl=1 1.5x, https:\/\/i0.wp.com\/www.hoymercedes.com.ar\/principal\/wp-content\/uploads\/2019\/04\/11-Preparto.jpeg?resize=700%2C400&ssl=1 2x"},"classes":[]},{"id":83796,"url":"https:\/\/www.hoymercedes.com.ar\/principal\/2018\/11\/10\/finalizo-nuevo-curso-de-preparto-para-beneficiarios-del-mil-dias\/","url_meta":{"origin":130592,"position":3},"title":"Finaliz\u00f3 nuevo curso de preparto para beneficiarios del Mil D\u00edas","author":"hoymercedes","date":"10 noviembre, 2018","format":false,"excerpt":"D\u00edas atr\u00e1s, en el C.I.C, finaliz\u00f3 un nuevo curso de pre parto y ense\u00f1anza para las futuras mam\u00e1s. Se desarrolla en el marco del programa Primeros Mil D\u00edas que brinda beneficios a mujeres embarazadas y sus beb\u00e9s hasta los dos a\u00f1os con capacitaci\u00f3n, informaci\u00f3n y talleres para las familias en\u2026","rel":"","context":"En \u00abMunicipio\u00bb","block_context":{"text":"Municipio","link":"https:\/\/www.hoymercedes.com.ar\/principal\/category\/municipio\/"},"img":{"alt_text":"","src":"https:\/\/i0.wp.com\/www.hoymercedes.com.ar\/principal\/wp-content\/uploads\/2018\/11\/09-MilDias-1-1.jpg?resize=350%2C200&ssl=1","width":350,"height":200,"srcset":"https:\/\/i0.wp.com\/www.hoymercedes.com.ar\/principal\/wp-content\/uploads\/2018\/11\/09-MilDias-1-1.jpg?resize=350%2C200&ssl=1 1x, https:\/\/i0.wp.com\/www.hoymercedes.com.ar\/principal\/wp-content\/uploads\/2018\/11\/09-MilDias-1-1.jpg?resize=525%2C300&ssl=1 1.5x, https:\/\/i0.wp.com\/www.hoymercedes.com.ar\/principal\/wp-content\/uploads\/2018\/11\/09-MilDias-1-1.jpg?resize=700%2C400&ssl=1 2x"},"classes":[]},{"id":87281,"url":"https:\/\/www.hoymercedes.com.ar\/principal\/2019\/01\/24\/inicio-curso-de-pre-parto-y-lactancia-en-bo-san-jose\/","url_meta":{"origin":130592,"position":4},"title":"Inici\u00f3 curso de pre parto y lactancia en Bo. San Jos\u00e9","author":"hoymercedes","date":"24 enero, 2019","format":false,"excerpt":"En el marco del programa Mil D\u00edas, comenzaron los seis encuentros de preparaci\u00f3n para el parto en la Sociedad de Fomento del barrio San Jos\u00e9. Est\u00e1 destinado a mujeres embarazadas a partir de la semana 24 de gestaci\u00f3n. Los cursos pre parto son varios encuentros en los que se dan\u2026","rel":"","context":"En \u00abSalud\u00bb","block_context":{"text":"Salud","link":"https:\/\/www.hoymercedes.com.ar\/principal\/category\/salud\/"},"img":{"alt_text":"","src":"https:\/\/i0.wp.com\/www.hoymercedes.com.ar\/principal\/wp-content\/uploads\/2019\/01\/23-muni-mil-dias.jpg?resize=350%2C200&ssl=1","width":350,"height":200,"srcset":"https:\/\/i0.wp.com\/www.hoymercedes.com.ar\/principal\/wp-content\/uploads\/2019\/01\/23-muni-mil-dias.jpg?resize=350%2C200&ssl=1 1x, https:\/\/i0.wp.com\/www.hoymercedes.com.ar\/principal\/wp-content\/uploads\/2019\/01\/23-muni-mil-dias.jpg?resize=525%2C300&ssl=1 1.5x, https:\/\/i0.wp.com\/www.hoymercedes.com.ar\/principal\/wp-content\/uploads\/2019\/01\/23-muni-mil-dias.jpg?resize=700%2C400&ssl=1 2x"},"classes":[]},{"id":66174,"url":"https:\/\/www.hoymercedes.com.ar\/principal\/2017\/08\/18\/primeros-mil-dias-tambien-da-turnos-para-atencion-en-caps-y-apoyo-en-el-hospital\/","url_meta":{"origin":130592,"position":5},"title":"Primeros Mil D\u00edas tambi\u00e9n da turnos para atenci\u00f3n en CAPS y apoyo, en el Hospital","author":"hoymercedes","date":"18 agosto, 2017","format":false,"excerpt":"El Programa Socio Sanitario que lanz\u00f3 tiempo atr\u00e1s la Municipalidad de Mercedes y que tanto hace por los vecinos de nuestra ciudad pensando y construyendo un futuro mejor, como antes nunca se vio, empez\u00f3 a dar turnos para nuestras embarazadas para que reciban las mejores atenciones que brinda en distintos\u2026","rel":"","context":"En \u00abMunicipio\u00bb","block_context":{"text":"Municipio","link":"https:\/\/www.hoymercedes.com.ar\/principal\/category\/municipio\/"},"img":{"alt_text":"","src":"https:\/\/i0.wp.com\/www.hoymercedes.com.ar\/principal\/wp-content\/uploads\/2017\/08\/18-mil-dias.jpeg?resize=350%2C200&ssl=1","width":350,"height":200,"srcset":"https:\/\/i0.wp.com\/www.hoymercedes.com.ar\/principal\/wp-content\/uploads\/2017\/08\/18-mil-dias.jpeg?resize=350%2C200&ssl=1 1x, https:\/\/i0.wp.com\/www.hoymercedes.com.ar\/principal\/wp-content\/uploads\/2017\/08\/18-mil-dias.jpeg?resize=525%2C300&ssl=1 1.5x"},"classes":[]}],"_links":{"self":[{"href":"https:\/\/www.hoymercedes.com.ar\/principal\/wp-json\/wp\/v2\/posts\/130592","targetHints":{"allow":["GET"]}}],"collection":[{"href":"https:\/\/www.hoymercedes.com.ar\/principal\/wp-json\/wp\/v2\/posts"}],"about":[{"href":"https:\/\/www.hoymercedes.com.ar\/principal\/wp-json\/wp\/v2\/types\/post"}],"author":[{"embeddable":true,"href":"https:\/\/www.hoymercedes.com.ar\/principal\/wp-json\/wp\/v2\/users\/1"}],"replies":[{"embeddable":true,"href":"https:\/\/www.hoymercedes.com.ar\/principal\/wp-json\/wp\/v2\/comments?post=130592"}],"version-history":[{"count":0,"href":"https:\/\/www.hoymercedes.com.ar\/principal\/wp-json\/wp\/v2\/posts\/130592\/revisions"}],"wp:featuredmedia":[{"embeddable":true,"href":"https:\/\/www.hoymercedes.com.ar\/principal\/wp-json\/wp\/v2\/media\/130593"}],"wp:attachment":[{"href":"https:\/\/www.hoymercedes.com.ar\/principal\/wp-json\/wp\/v2\/media?parent=130592"}],"wp:term":[{"taxonomy":"category","embeddable":true,"href":"https:\/\/www.hoymercedes.com.ar\/principal\/wp-json\/wp\/v2\/categories?post=130592"},{"taxonomy":"post_tag","embeddable":true,"href":"https:\/\/www.hoymercedes.com.ar\/principal\/wp-json\/wp\/v2\/tags?post=130592"}],"curies":[{"name":"wp","href":"https:\/\/api.w.org\/{rel}","templated":true}]}}