{"id":13062,"date":"2012-05-24T03:44:16","date_gmt":"2012-05-24T03:44:16","guid":{"rendered":"http:\/\/www.hoymercedes.com.ar\/principal\/?p=13062"},"modified":"2012-05-24T03:44:16","modified_gmt":"2012-05-24T03:44:16","slug":"incendio-y-sospecha-de-intento-de-robo-en-29-y-50","status":"publish","type":"post","link":"https:\/\/www.hoymercedes.com.ar\/principal\/2012\/05\/24\/incendio-y-sospecha-de-intento-de-robo-en-29-y-50\/","title":{"rendered":"Incendio y sospecha de intento de robo en 29 y 50"},"content":{"rendered":"<p><a href=\"https:\/\/www.hoymercedes.com.ar\/principal\/wp-content\/uploads\/2012\/05\/Polirubros-Diego-I.jpg\"><img loading=\"lazy\" decoding=\"async\" data-attachment-id=\"13064\" data-permalink=\"https:\/\/www.hoymercedes.com.ar\/principal\/2012\/05\/24\/incendio-y-sospecha-de-intento-de-robo-en-29-y-50\/polirubros-diego-i\/#main\" data-orig-file=\"https:\/\/www.hoymercedes.com.ar\/principal\/wp-content\/uploads\/2012\/05\/Polirubros-Diego-I.jpg\" data-orig-size=\"612,459\" data-comments-opened=\"1\" data-image-meta=\"{&quot;aperture&quot;:&quot;2.8&quot;,&quot;credit&quot;:&quot;&quot;,&quot;camera&quot;:&quot;COOLPIX L10&quot;,&quot;caption&quot;:&quot;&quot;,&quot;created_timestamp&quot;:&quot;1337492652&quot;,&quot;copyright&quot;:&quot;Copyright 2006&quot;,&quot;focal_length&quot;:&quot;6.2&quot;,&quot;iso&quot;:&quot;800&quot;,&quot;shutter_speed&quot;:&quot;0.016666666666667&quot;,&quot;title&quot;:&quot;&quot;}\" data-image-title=\"Polirubros-Diego-I\" data-image-description=\"\" data-image-caption=\"\" data-large-file=\"https:\/\/www.hoymercedes.com.ar\/principal\/wp-content\/uploads\/2012\/05\/Polirubros-Diego-I.jpg\" class=\"aligncenter size-full wp-image-13064\" title=\"Polirubros-Diego-I\" src=\"https:\/\/www.hoymercedes.com.ar\/principal\/wp-content\/uploads\/2012\/05\/Polirubros-Diego-I.jpg\" alt=\"\" width=\"612\" height=\"459\" \/><\/a><\/p>\n<p>De acuerdo a los primeros informes proporcionados por autoridades policiales el hecho ocurri\u00f3 alrededor de las 5.30 de la madrugada del mi\u00e9rcoles. No se descarta que haya sido intencional<\/p>\n<p>La tranquilidad de los vecinos de parte del barrio San Jos\u00e9 se vio alterada durante la madrugada del mi\u00e9rcoles cuando por causas que se est\u00e1n investigando tom\u00f3 fuego el interior de un local de Polirubros propiedad de Diego Pollero ubicado sobre calle 50 entre 27 y 29.<\/p>\n<p>De acuerdo a los pocos informes oficiales que hasta el momento se pudieron conocer, pasado el mediod\u00eda \u00a0los peritos de bomberos y de Polic\u00eda Cient\u00edfica continuaban trabajando en el lugar tratando de encontrar alg\u00fan tipo de pista orientativa para poder determinar el origen del siniestro, todo indica que el incendio pudo haber sido intencional, as\u00ed por lo menos lo expres\u00f3 el Comisario V\u00e1zquez al dialogar con nuestro medios expresando \u201crealmente se trata de un episodio muy lamentable que si se comprueba las primeras conclusiones que tenemos directamente debemos decir que se trata de un hecho de verdadero vandalismo por parte de la o las personas que lo hicieron porque m\u00e1s all\u00e1 de poder ingresar al local del polirubro con fines e robo no se entiende la actitud de encender fuego en el interior.<\/p>\n<p>Como podr\u00e1 ver a pesar que s\u00f3lo pueden acercarse hasta determinados lugares la destrucci\u00f3n ha sido casi total, ocurre que un comercio de esta naturaleza cuenta con muchos productos que entran r\u00e1pidamente en combusti\u00f3n, as\u00ed que en estos momento tenemos personal propio del \u00e1rea cient\u00edfica revisando cent\u00edmetro por cent\u00edmetros y tambi\u00e9n vamos a contar porque ya se solicitaron sus servicios personal de bomberos de la ciudad de Luj\u00e1n\u201d.<\/p>\n<p>Cabe acotar que dicho comercio no s\u00f3lo cumpl\u00eda la tradicional tarea de todo negocio, sino que trabajaba mucho con las personas que desde otras ciudades concurren a Mercedes, especialmente a la Unidad 5 a visitar a los familiares alli internados, recordamos que el comercio se encuentra a menos de cien metros de distancia del penal.<a href=\"https:\/\/www.hoymercedes.com.ar\/principal\/wp-content\/uploads\/2012\/05\/Polirubros-Diego-II.jpg\"><img loading=\"lazy\" decoding=\"async\" data-attachment-id=\"13065\" data-permalink=\"https:\/\/www.hoymercedes.com.ar\/principal\/2012\/05\/24\/incendio-y-sospecha-de-intento-de-robo-en-29-y-50\/polirubros-diego-ii\/#main\" data-orig-file=\"https:\/\/www.hoymercedes.com.ar\/principal\/wp-content\/uploads\/2012\/05\/Polirubros-Diego-II.jpg\" data-orig-size=\"612,459\" data-comments-opened=\"1\" data-image-meta=\"{&quot;aperture&quot;:&quot;2.8&quot;,&quot;credit&quot;:&quot;&quot;,&quot;camera&quot;:&quot;COOLPIX L10&quot;,&quot;caption&quot;:&quot;&quot;,&quot;created_timestamp&quot;:&quot;1337492547&quot;,&quot;copyright&quot;:&quot;Copyright 2006&quot;,&quot;focal_length&quot;:&quot;6.2&quot;,&quot;iso&quot;:&quot;64&quot;,&quot;shutter_speed&quot;:&quot;0.018975332068311&quot;,&quot;title&quot;:&quot;&quot;}\" data-image-title=\"Polirubros-Diego-II\" data-image-description=\"\" data-image-caption=\"\" data-large-file=\"https:\/\/www.hoymercedes.com.ar\/principal\/wp-content\/uploads\/2012\/05\/Polirubros-Diego-II.jpg\" class=\"aligncenter size-full wp-image-13065\" title=\"Polirubros-Diego-II\" src=\"https:\/\/www.hoymercedes.com.ar\/principal\/wp-content\/uploads\/2012\/05\/Polirubros-Diego-II.jpg\" alt=\"\" width=\"612\" height=\"459\" srcset=\"https:\/\/www.hoymercedes.com.ar\/principal\/wp-content\/uploads\/2012\/05\/Polirubros-Diego-II.jpg 612w, https:\/\/www.hoymercedes.com.ar\/principal\/wp-content\/uploads\/2012\/05\/Polirubros-Diego-II-300x225.jpg 300w\" sizes=\"auto, (max-width: 612px) 100vw, 612px\" \/><\/a><\/p>\n<p>Por suerte la tarea de bomberos evit\u00f3 que las lamas se propagaran hacia los edificios contiguos, el de la esquina es una conocida farmacia que desde hace tiempo opera en dicho lugar y el otro local el que da a la calle 27 es un taller en principio de herrer\u00eda.<\/p>\n<p>Cerca de las 11.00 pm los responsables del comercio ya hab\u00edan finalizado la tarea de sacar a la vereda los pocos elementos que a primera vista, si bien con las consecuencias del intenso humo, no habr\u00edan sufrido inconveniente pudi\u00e9ndose apreciar el calamitoso estadio en que qued\u00f3 el interior del local al tiempo que personal de la empresa EDEN SA proced\u00eda a colocar una luz de emergencia para permitir que los propietarios puedan seguir trabajando en el lugar.<\/p>\n<p>Consultado el Director de Seguridad de la Municipalidad Esteban Rossi, sostuvo \u201c<em>faltan concluir algunas pericias que son fundamentales pero en principio los autores del hecho habr\u00edan ingresado al interior, se calcula entre las 5.00 y las 5.30 por una claraboya que hab\u00eda quedado abierta.<\/em><\/p>\n<p><em>Pero falta lo m\u00e1s importante y es por tal motivo que ya parto hacia el edificio de las Fiscal\u00edas para poder ver junto al fiscal que pudo haber quedado registrado en la c\u00e1mara de seguridad de el propietario del comercio ten\u00eda instalada en el interior, si hay im\u00e1genes realmente nos van a servir mucho para tratar de dar con los responsables de lo ocurrido\u201d.<\/em><\/p>\n","protected":false},"excerpt":{"rendered":"<p>De acuerdo a los primeros informes proporcionados por autoridades policiales el hecho ocurri\u00f3 alrededor de las 5.30 de la madrugada &#8230; <a title=\"Incendio y sospecha de intento de robo en 29 y 50\" class=\"read-more\" href=\"https:\/\/www.hoymercedes.com.ar\/principal\/2012\/05\/24\/incendio-y-sospecha-de-intento-de-robo-en-29-y-50\/\" aria-label=\"Leer m\u00e1s sobre Incendio y sospecha de intento de robo en 29 y 50\">Leer m\u00e1s<\/a><\/p>\n","protected":false},"author":1,"featured_media":0,"comment_status":"open","ping_status":"open","sticky":false,"template":"","format":"standard","meta":{"_monsterinsights_skip_tracking":false,"_monsterinsights_sitenote_active":false,"_monsterinsights_sitenote_note":"","_monsterinsights_sitenote_category":0,"jetpack_post_was_ever_published":false,"_jetpack_newsletter_access":"","_jetpack_dont_email_post_to_subs":false,"_jetpack_newsletter_tier_id":0,"_jetpack_memberships_contains_paywalled_content":false,"_jetpack_memberships_contains_paid_content":false,"footnotes":"","jetpack_publicize_message":"","jetpack_publicize_feature_enabled":true,"jetpack_social_post_already_shared":false,"jetpack_social_options":{"image_generator_settings":{"template":"highway","default_image_id":0,"font":"","enabled":false},"version":2},"_wpas_customize_per_network":false},"categories":[85],"tags":[2225,2224,2223],"class_list":["post-13062","post","type-post","status-publish","format-standard","hentry","category-policial","tag-diego-polleros","tag-polirubros-diego","tag-robo-e-incendio","generate-columns","tablet-grid-50","mobile-grid-100","grid-parent","grid-50"],"jetpack_publicize_connections":[],"jetpack_featured_media_url":"","wps_subtitle":"","jetpack_sharing_enabled":true,"_links":{"self":[{"href":"https:\/\/www.hoymercedes.com.ar\/principal\/wp-json\/wp\/v2\/posts\/13062","targetHints":{"allow":["GET"]}}],"collection":[{"href":"https:\/\/www.hoymercedes.com.ar\/principal\/wp-json\/wp\/v2\/posts"}],"about":[{"href":"https:\/\/www.hoymercedes.com.ar\/principal\/wp-json\/wp\/v2\/types\/post"}],"author":[{"embeddable":true,"href":"https:\/\/www.hoymercedes.com.ar\/principal\/wp-json\/wp\/v2\/users\/1"}],"replies":[{"embeddable":true,"href":"https:\/\/www.hoymercedes.com.ar\/principal\/wp-json\/wp\/v2\/comments?post=13062"}],"version-history":[{"count":0,"href":"https:\/\/www.hoymercedes.com.ar\/principal\/wp-json\/wp\/v2\/posts\/13062\/revisions"}],"wp:attachment":[{"href":"https:\/\/www.hoymercedes.com.ar\/principal\/wp-json\/wp\/v2\/media?parent=13062"}],"wp:term":[{"taxonomy":"category","embeddable":true,"href":"https:\/\/www.hoymercedes.com.ar\/principal\/wp-json\/wp\/v2\/categories?post=13062"},{"taxonomy":"post_tag","embeddable":true,"href":"https:\/\/www.hoymercedes.com.ar\/principal\/wp-json\/wp\/v2\/tags?post=13062"}],"curies":[{"name":"wp","href":"https:\/\/api.w.org\/{rel}","templated":true}]}}