{"id":130681,"date":"2021-05-25T10:05:32","date_gmt":"2021-05-25T13:05:32","guid":{"rendered":"http:\/\/www.hoymercedes.com.ar\/principal\/?p=130681"},"modified":"2021-05-25T10:05:38","modified_gmt":"2021-05-25T13:05:38","slug":"conformaron-mesa-de-trabajo-interdisciplinaria-para-viviendas-y-acceso-a-la-tierra","status":"publish","type":"post","link":"https:\/\/www.hoymercedes.com.ar\/principal\/2021\/05\/25\/conformaron-mesa-de-trabajo-interdisciplinaria-para-viviendas-y-acceso-a-la-tierra\/","title":{"rendered":"Conformaron mesa de trabajo interdisciplinaria para viviendas y acceso a la tierra"},"content":{"rendered":"\n<p>El Municipio de Mercedes se cre\u00f3 un dispositivo de trabajo que apunta a la planificaci\u00f3n, organizaci\u00f3n y proyecci\u00f3n de la ciudad. Est\u00e1 integrado por arquitectos, docentes universitarios, profesionales en pol\u00edticas habitacionales y en planificaci\u00f3n urbana regional. <\/p>\n\n\n\n<div class=\"wp-block-image\"><figure class=\"aligncenter size-large\"><img loading=\"lazy\" decoding=\"async\" width=\"939\" height=\"626\" data-attachment-id=\"130682\" data-permalink=\"https:\/\/www.hoymercedes.com.ar\/principal\/2021\/05\/25\/conformaron-mesa-de-trabajo-interdisciplinaria-para-viviendas-y-acceso-a-la-tierra\/dsc07210\/#main\" data-orig-file=\"https:\/\/www.hoymercedes.com.ar\/principal\/wp-content\/uploads\/2021\/05\/DSC07210.jpg\" data-orig-size=\"939,626\" data-comments-opened=\"0\" data-image-meta=\"{&quot;aperture&quot;:&quot;0&quot;,&quot;credit&quot;:&quot;&quot;,&quot;camera&quot;:&quot;&quot;,&quot;caption&quot;:&quot;&quot;,&quot;created_timestamp&quot;:&quot;0&quot;,&quot;copyright&quot;:&quot;&quot;,&quot;focal_length&quot;:&quot;0&quot;,&quot;iso&quot;:&quot;0&quot;,&quot;shutter_speed&quot;:&quot;0&quot;,&quot;title&quot;:&quot;&quot;,&quot;orientation&quot;:&quot;0&quot;}\" data-image-title=\"DSC07210\" data-image-description=\"\" data-image-caption=\"\" data-large-file=\"https:\/\/www.hoymercedes.com.ar\/principal\/wp-content\/uploads\/2021\/05\/DSC07210.jpg\" src=\"https:\/\/www.hoymercedes.com.ar\/principal\/wp-content\/uploads\/2021\/05\/DSC07210.jpg\" alt=\"\" class=\"wp-image-130682\" srcset=\"https:\/\/www.hoymercedes.com.ar\/principal\/wp-content\/uploads\/2021\/05\/DSC07210.jpg 939w, https:\/\/www.hoymercedes.com.ar\/principal\/wp-content\/uploads\/2021\/05\/DSC07210-630x420.jpg 630w, https:\/\/www.hoymercedes.com.ar\/principal\/wp-content\/uploads\/2021\/05\/DSC07210-150x100.jpg 150w\" sizes=\"auto, (max-width: 939px) 100vw, 939px\" \/><\/figure><\/div>\n\n\n\n<p>El espacio de trabajo est\u00e1 conformado de manera heterog\u00e9nea y diversa, donde cada integrante dar\u00e1 su visi\u00f3n con el objetivo de proyectar una ciudad que \u00abcontenga las demandas de todos los vecinos\u00bb. Estos est\u00e1n compuestos por arquitectos, docentes universitarios, profesionales en pol\u00edticas habitacionales y en planificaci\u00f3n urbana regional, quienes \u00abdesarrollar\u00e1n apoyos t\u00e9cnicos en lo que refiere la mejora del h\u00e1bitat; acceso a la tierra, cuestiones urbanas, infraestructura, servicios y dem\u00e1s\u00bb.<\/p>\n\n\n\n<p>Los profesionales convocados ven\u00edan desarrollando reuniones virtuales, pero este viernes por primera vez, se abocaron de manera presencial para ultimar detalles. All\u00ed, estuvo el intendente Juan Ignacio Ustarroz, quien en primer lugar felicit\u00f3 \u201ca la nueva direcci\u00f3n de vivienda de la Municipalidad porque se logr\u00f3 incorporar una cantidad significativa de profesionales, fundamentalmente de arquitectos para colaborar y contribuir en un plan de vivienda que es muy ambicioso que tiene l\u00edneas de trabajo muy concretas\u201d.<\/p>\n\n\n\n<p>\u201cEste plan \u2013destac\u00f3 Ustarroz- se puede llevar adelante gracias a la decisi\u00f3n y el trabajo que hace la subsecretar\u00eda de Viviendas y H\u00e1bitat, fundamentalmente en lo que refiere el acceso a la tierra, donde en Mercedes se ha aplicado la ley de h\u00e1bitat, firma de consorcios urban\u00edsticos, se han gestionado tierras, tanto al Estado Nacional como Provincial, donde adem\u00e1s, se han comprado y se compraran cada vez m\u00e1s terrenos para poder desarrollar lotes con servicio\u201d y agreg\u00f3 \u201cteniendo una cantidad significativa de tierras uno puede gestionar planes de vivienda, donde, en este momento, han retornado los mismos a nivel Nacional y Provincial, por ello, en concreto Mercedes tiene gestionado para desarrollar muchas l\u00edneas de viviendas\u201d.<\/p>\n\n\n\n<p>\u201cRealmente se est\u00e1 trabajando much\u00edsimo en lo que es el acceso a la tierra y la vivienda\u201d destac\u00f3 el intendente Ustarroz y apunt\u00f3 \u201ccuando uno analiza la cantidad de programas y proyectos que nosotros estamos trabajando, evidentemente se van a encontrar r\u00e1pidamente con que esto va a generar una transformaci\u00f3n muy significativa en la realidad habitacional de la ciudad\u201d.<\/p>\n\n\n\n<p>El doctor Javier Guevara, subsecretario de vivienda y h\u00e1bitat de la municipalidad explic\u00f3 \u201cvamos a avanzar en la concreci\u00f3n de los muchos planes de vivienda que se han gestionado no s\u00f3lo a nivel Nacional, sino tambi\u00e9n Provincial y Municipales\u201d y a\u00f1adi\u00f3 \u201csi bien ya se ven\u00eda trabajando mediante zoom, realizamos este encuentro de manera presencial, donde comenzamos a definir una mec\u00e1nica de trabajo\u201d.<\/p>\n\n\n\n<p>Por su parte la directora de vivienda, Marina Amarillo coment\u00f3 \u201cse est\u00e1 trabajando en varios proyectos para construcci\u00f3n de viviendas conjuntamente con el Ministerio de Desarrollo Territorial y H\u00e1bitat y el Instituto Provincial de Vivienda que ya est\u00e1 por lanzar la licitaci\u00f3n para la construcci\u00f3n de 40 viviendas en el barrio Favaloro 2 y el consorcio urban\u00edstico Oliva, como s\u00ed tambi\u00e9n, estamos en ejecuci\u00f3n de 20 viviendas del programa \u201cMi Casa\u201d y \u201cMi Casa Refacci\u00f3n\u201d.<\/p>\n\n\n\n<p>En tanto el arquitecto Santiago Puliti -integrante del equipo t\u00e9cnico municipal que llevar\u00e1 adelante las diferentes propuestas habitacionales en la ciudad- dijo agradeci\u00f3 \u201cla decisi\u00f3n del intendente Ustarroz de conformar este equipo t\u00e9cnico y dar un salto de calidad para poder resolver las cuestiones que tiene que ver con el d\u00e9ficit urbano habitacional en la ciudad y seguir resolviendo el acceso a la tierra y la vivienda.\u201d<\/p>\n\n\n\n<p>Fuente; Prensa Municipal<\/p>\n","protected":false},"excerpt":{"rendered":"<p>El Municipio de Mercedes se cre\u00f3 un dispositivo de trabajo que apunta a la planificaci\u00f3n, organizaci\u00f3n y proyecci\u00f3n de la &#8230; <a title=\"Conformaron mesa de trabajo interdisciplinaria para viviendas y acceso a la tierra\" class=\"read-more\" href=\"https:\/\/www.hoymercedes.com.ar\/principal\/2021\/05\/25\/conformaron-mesa-de-trabajo-interdisciplinaria-para-viviendas-y-acceso-a-la-tierra\/\" aria-label=\"Leer m\u00e1s sobre Conformaron mesa de trabajo interdisciplinaria para viviendas y acceso a la tierra\">Leer m\u00e1s<\/a><\/p>\n","protected":false},"author":1,"featured_media":130682,"comment_status":"closed","ping_status":"open","sticky":false,"template":"","format":"standard","meta":{"_monsterinsights_skip_tracking":false,"_monsterinsights_sitenote_active":false,"_monsterinsights_sitenote_note":"","_monsterinsights_sitenote_category":0,"jetpack_post_was_ever_published":false,"_jetpack_newsletter_access":"","_jetpack_dont_email_post_to_subs":false,"_jetpack_newsletter_tier_id":0,"_jetpack_memberships_contains_paywalled_content":false,"_jetpack_memberships_contains_paid_content":false,"footnotes":"","jetpack_publicize_message":"","jetpack_publicize_feature_enabled":true,"jetpack_social_post_already_shared":true,"jetpack_social_options":{"image_generator_settings":{"template":"highway","default_image_id":0,"font":"","enabled":false},"version":2},"_wpas_customize_per_network":false},"categories":[30],"tags":[],"class_list":["post-130681","post","type-post","status-publish","format-standard","has-post-thumbnail","hentry","category-municipio","generate-columns","tablet-grid-50","mobile-grid-100","grid-parent","grid-50"],"jetpack_publicize_connections":[],"jetpack_featured_media_url":"https:\/\/www.hoymercedes.com.ar\/principal\/wp-content\/uploads\/2021\/05\/DSC07210.jpg","wps_subtitle":"","jetpack_sharing_enabled":true,"jetpack-related-posts":[{"id":134151,"url":"https:\/\/www.hoymercedes.com.ar\/principal\/2021\/07\/26\/municipio-pone-en-marcha-unidad-de-gestion-multidisciplinaria-con-profesionales-mercedinos\/","url_meta":{"origin":130681,"position":0},"title":"Municipio pone en marcha \u00abUnidad de Gesti\u00f3n\u00bb multidisciplinaria con profesionales mercedinos","author":"hoymercedes","date":"26 julio, 2021","format":false,"excerpt":"El jefe comunal Ustarroz encabez\u00f3 una hist\u00f3rica presentaci\u00f3n de la generaci\u00f3n de la primera \u201cUnidad de Gesti\u00f3n Estrat\u00e9gica, Multidisciplinaria y Profesional\u201d de Mercedes. Son 34 profesionales, 160 proyectos con Naci\u00f3n y 73 con Provincia que representan una inversi\u00f3n \u00fanica equivalente al 67% del presupuesto anual municipal que se destinar\u00e1n a\u2026","rel":"","context":"En \u00abMunicipio\u00bb","block_context":{"text":"Municipio","link":"https:\/\/www.hoymercedes.com.ar\/principal\/category\/municipio\/"},"img":{"alt_text":"","src":"https:\/\/i0.wp.com\/www.hoymercedes.com.ar\/principal\/wp-content\/uploads\/2021\/07\/SJA_0051.jpg?resize=350%2C200&ssl=1","width":350,"height":200,"srcset":"https:\/\/i0.wp.com\/www.hoymercedes.com.ar\/principal\/wp-content\/uploads\/2021\/07\/SJA_0051.jpg?resize=350%2C200&ssl=1 1x, https:\/\/i0.wp.com\/www.hoymercedes.com.ar\/principal\/wp-content\/uploads\/2021\/07\/SJA_0051.jpg?resize=525%2C300&ssl=1 1.5x, https:\/\/i0.wp.com\/www.hoymercedes.com.ar\/principal\/wp-content\/uploads\/2021\/07\/SJA_0051.jpg?resize=700%2C400&ssl=1 2x"},"classes":[]},{"id":42174,"url":"https:\/\/www.hoymercedes.com.ar\/principal\/2015\/06\/03\/ustarroz-la-participacion-de-los-vecinos-es-fundamental-para-planificar-la-ciudad-que-queremos\/","url_meta":{"origin":130681,"position":1},"title":"Ustarroz: \u201cla participaci\u00f3n de los vecinos es fundamental para planificar la ciudad que queremos\u201d","author":"hoymercedes","date":"3 junio, 2015","format":false,"excerpt":"El presidente del bloque de concejales del Frente Mercedino para la Victoria, Juan Ignacio Ustarroz, junto con sus equipos t\u00e9cnicos y distintos especialistas, le dieron inicio este martes al Foro de Participaci\u00f3n Ciudadana de Planificaci\u00f3n y Servicios P\u00fablicos, en el que presentaron distintas herramientas para la proyecci\u00f3n de la ciudad\u2026","rel":"","context":"En \u00abPol\u00edtica\u00bb","block_context":{"text":"Pol\u00edtica","link":"https:\/\/www.hoymercedes.com.ar\/principal\/category\/politica\/"},"img":{"alt_text":"","src":"https:\/\/i0.wp.com\/www.hoymercedes.com.ar\/principal\/wp-content\/uploads\/2015\/06\/planificaci%C3%B3n-foro-ustarroz.jpg?resize=350%2C200&ssl=1","width":350,"height":200,"srcset":"https:\/\/i0.wp.com\/www.hoymercedes.com.ar\/principal\/wp-content\/uploads\/2015\/06\/planificaci%C3%B3n-foro-ustarroz.jpg?resize=350%2C200&ssl=1 1x, https:\/\/i0.wp.com\/www.hoymercedes.com.ar\/principal\/wp-content\/uploads\/2015\/06\/planificaci%C3%B3n-foro-ustarroz.jpg?resize=525%2C300&ssl=1 1.5x"},"classes":[]},{"id":61534,"url":"https:\/\/www.hoymercedes.com.ar\/principal\/2017\/04\/10\/arquitectos-firmaron-acuerdo-con-municipio-de-lujan\/","url_meta":{"origin":130681,"position":2},"title":"Arquitectos firmaron acuerdo con Municipio de Luj\u00e1n","author":"hoymercedes","date":"10 abril, 2017","format":false,"excerpt":"En la ciudad de Luj\u00e1n, d\u00edas atr\u00e1s, el Jefe Comunal de dicha cuidad, Oscar Luciani, y los representantes del Colegio de Arquitectos del Distrito 5, los Arq. Jorge Alberto Garc\u00eda y Jos\u00e9 Maria Serpi, Presidente y Delegado al Consejo Superior, firmaron un convenio de colaboraci\u00f3n rec\u00edproca que tiene como objetivo\u2026","rel":"","context":"En \u00abRegi\u00f3n\u00bb","block_context":{"text":"Regi\u00f3n","link":"https:\/\/www.hoymercedes.com.ar\/principal\/category\/region\/"},"img":{"alt_text":"","src":"https:\/\/i0.wp.com\/www.hoymercedes.com.ar\/principal\/wp-content\/uploads\/2017\/04\/09-arquitectos.jpg?resize=350%2C200&ssl=1","width":350,"height":200,"srcset":"https:\/\/i0.wp.com\/www.hoymercedes.com.ar\/principal\/wp-content\/uploads\/2017\/04\/09-arquitectos.jpg?resize=350%2C200&ssl=1 1x, https:\/\/i0.wp.com\/www.hoymercedes.com.ar\/principal\/wp-content\/uploads\/2017\/04\/09-arquitectos.jpg?resize=525%2C300&ssl=1 1.5x"},"classes":[]},{"id":126253,"url":"https:\/\/www.hoymercedes.com.ar\/principal\/2021\/03\/14\/se-realizara-el-tercer-del-foro-de-planificacion-estrategica-institucional\/","url_meta":{"origin":130681,"position":3},"title":"Se realizar\u00e1 el tercer del Foro de Planificaci\u00f3n Estrat\u00e9gica Institucional","author":"hoymercedes","date":"14 marzo, 2021","format":false,"excerpt":"Por Prensa Municipal - Se viene un nuevo Foro de Planificaci\u00f3n Estrat\u00e9gica. Durante el a\u00f1o pasado se relanz\u00f3 la modalidad de trabajo tem\u00e1tica, abierta, democr\u00e1tica y plural. El objetivo es\u00a0\u201cescuchar, planificar y hacer\u201d, para construir colectivamente diversas intervenciones en la ciudad, logrando organizaci\u00f3n y puesta en com\u00fan en las medidas\u2026","rel":"","context":"En \u00abMunicipio\u00bb","block_context":{"text":"Municipio","link":"https:\/\/www.hoymercedes.com.ar\/principal\/category\/municipio\/"},"img":{"alt_text":"","src":"https:\/\/i0.wp.com\/www.hoymercedes.com.ar\/principal\/wp-content\/uploads\/2021\/03\/photo_2021-03-11_09-17-14.jpg?resize=350%2C200&ssl=1","width":350,"height":200,"srcset":"https:\/\/i0.wp.com\/www.hoymercedes.com.ar\/principal\/wp-content\/uploads\/2021\/03\/photo_2021-03-11_09-17-14.jpg?resize=350%2C200&ssl=1 1x, https:\/\/i0.wp.com\/www.hoymercedes.com.ar\/principal\/wp-content\/uploads\/2021\/03\/photo_2021-03-11_09-17-14.jpg?resize=525%2C300&ssl=1 1.5x, https:\/\/i0.wp.com\/www.hoymercedes.com.ar\/principal\/wp-content\/uploads\/2021\/03\/photo_2021-03-11_09-17-14.jpg?resize=700%2C400&ssl=1 2x"},"classes":[]},{"id":143221,"url":"https:\/\/www.hoymercedes.com.ar\/principal\/2022\/01\/29\/avanzan-en-la-construccion-de-40-viviendas\/","url_meta":{"origin":130681,"position":4},"title":"Avanzan en la construcci\u00f3n de 40 viviendas","author":"hoymercedes","date":"29 enero, 2022","format":false,"excerpt":"Por Prensa Municipal - El Municipio de Mercedes, a trav\u00e9s del Instituto de la Vivienda de la provincia de Buenos Aires, llevar\u00e1 adelante el Programa Bonaerense II Solidaridad, por medio del cual ya se construyen 40 viviendas, donde 24 emplazar\u00e1n en el barrio Favaloro y 16 en el barrio Ravello.\u2026","rel":"","context":"En \u00abMunicipio\u00bb","block_context":{"text":"Municipio","link":"https:\/\/www.hoymercedes.com.ar\/principal\/category\/municipio\/"},"img":{"alt_text":"","src":"https:\/\/i0.wp.com\/www.hoymercedes.com.ar\/principal\/wp-content\/uploads\/2022\/01\/WhatsApp-Image-2022-01-28-at-14.59.56.jpeg?resize=350%2C200&ssl=1","width":350,"height":200,"srcset":"https:\/\/i0.wp.com\/www.hoymercedes.com.ar\/principal\/wp-content\/uploads\/2022\/01\/WhatsApp-Image-2022-01-28-at-14.59.56.jpeg?resize=350%2C200&ssl=1 1x, https:\/\/i0.wp.com\/www.hoymercedes.com.ar\/principal\/wp-content\/uploads\/2022\/01\/WhatsApp-Image-2022-01-28-at-14.59.56.jpeg?resize=525%2C300&ssl=1 1.5x, https:\/\/i0.wp.com\/www.hoymercedes.com.ar\/principal\/wp-content\/uploads\/2022\/01\/WhatsApp-Image-2022-01-28-at-14.59.56.jpeg?resize=700%2C400&ssl=1 2x"},"classes":[]},{"id":117786,"url":"https:\/\/www.hoymercedes.com.ar\/principal\/2020\/10\/01\/nueva-reunion-de-trabajo-del-intendente-con-concejales-de-juntos-por-el-cambio\/","url_meta":{"origin":130681,"position":5},"title":"Nueva reuni\u00f3n de trabajo del intendente con concejales de Juntos por el Cambio","author":"hoymercedes","date":"1 octubre, 2020","format":false,"excerpt":"El Intendente Ustarroz recibi\u00f3 a ediles de Juntos por el Cambio de la ciudad, para dialogar sobre la planificaci\u00f3n de pol\u00edticas p\u00fablicas, un plan de uso del suelo y la construcci\u00f3n de un futuro mejor para todos los mercedinos y mercedinas como ejes de trabajo. Estuvo presente la Secretaria de\u2026","rel":"","context":"En \u00abMunicipio\u00bb","block_context":{"text":"Municipio","link":"https:\/\/www.hoymercedes.com.ar\/principal\/category\/municipio\/"},"img":{"alt_text":"","src":"https:\/\/i0.wp.com\/www.hoymercedes.com.ar\/principal\/wp-content\/uploads\/2020\/09\/380.jpeg?resize=350%2C200&ssl=1","width":350,"height":200,"srcset":"https:\/\/i0.wp.com\/www.hoymercedes.com.ar\/principal\/wp-content\/uploads\/2020\/09\/380.jpeg?resize=350%2C200&ssl=1 1x, https:\/\/i0.wp.com\/www.hoymercedes.com.ar\/principal\/wp-content\/uploads\/2020\/09\/380.jpeg?resize=525%2C300&ssl=1 1.5x, https:\/\/i0.wp.com\/www.hoymercedes.com.ar\/principal\/wp-content\/uploads\/2020\/09\/380.jpeg?resize=700%2C400&ssl=1 2x, https:\/\/i0.wp.com\/www.hoymercedes.com.ar\/principal\/wp-content\/uploads\/2020\/09\/380.jpeg?resize=1050%2C600&ssl=1 3x"},"classes":[]}],"_links":{"self":[{"href":"https:\/\/www.hoymercedes.com.ar\/principal\/wp-json\/wp\/v2\/posts\/130681","targetHints":{"allow":["GET"]}}],"collection":[{"href":"https:\/\/www.hoymercedes.com.ar\/principal\/wp-json\/wp\/v2\/posts"}],"about":[{"href":"https:\/\/www.hoymercedes.com.ar\/principal\/wp-json\/wp\/v2\/types\/post"}],"author":[{"embeddable":true,"href":"https:\/\/www.hoymercedes.com.ar\/principal\/wp-json\/wp\/v2\/users\/1"}],"replies":[{"embeddable":true,"href":"https:\/\/www.hoymercedes.com.ar\/principal\/wp-json\/wp\/v2\/comments?post=130681"}],"version-history":[{"count":0,"href":"https:\/\/www.hoymercedes.com.ar\/principal\/wp-json\/wp\/v2\/posts\/130681\/revisions"}],"wp:featuredmedia":[{"embeddable":true,"href":"https:\/\/www.hoymercedes.com.ar\/principal\/wp-json\/wp\/v2\/media\/130682"}],"wp:attachment":[{"href":"https:\/\/www.hoymercedes.com.ar\/principal\/wp-json\/wp\/v2\/media?parent=130681"}],"wp:term":[{"taxonomy":"category","embeddable":true,"href":"https:\/\/www.hoymercedes.com.ar\/principal\/wp-json\/wp\/v2\/categories?post=130681"},{"taxonomy":"post_tag","embeddable":true,"href":"https:\/\/www.hoymercedes.com.ar\/principal\/wp-json\/wp\/v2\/tags?post=130681"}],"curies":[{"name":"wp","href":"https:\/\/api.w.org\/{rel}","templated":true}]}}