{"id":13073,"date":"2012-05-24T11:31:17","date_gmt":"2012-05-24T11:31:17","guid":{"rendered":"http:\/\/www.hoymercedes.com.ar\/principal\/?p=13073"},"modified":"2012-05-24T11:31:17","modified_gmt":"2012-05-24T11:31:17","slug":"confederacion-trabajadores-municipales-prov-bs-as-adhiere-al-moyanismo","status":"publish","type":"post","link":"https:\/\/www.hoymercedes.com.ar\/principal\/2012\/05\/24\/confederacion-trabajadores-municipales-prov-bs-as-adhiere-al-moyanismo\/","title":{"rendered":"Confederaci\u00f3n Trabajadores Municipales Prov. Bs As adhiere al moyanismo"},"content":{"rendered":"<p>La Confederaci\u00f3n de Trabajadores Municipales de la Rep\u00fablica Argentina (CTM), liderada por Rub\u00e9n \u2018Cholo\u2019 Garc\u00eda, ingres\u00f3 formalmente al seno de la Confederaci\u00f3n General del Trabajo (CGT) junto a otras 27 Organizaciones Sindicales. As\u00ed lo dispuso el Comit\u00e9 Central Confederal (CCC) de la central obrera, qui\u00e9n adem\u00e1s ratific\u00f3 el llamado a elecciones para julio pr\u00f3ximo donde los municipales aportaran sus delegados congresales.<\/p>\n<p>Rub\u00e9n Garc\u00eda y Hugo Moyano, diciembre de 2010 (foto de archivo)<\/p>\n<p>El Comit\u00e9 Central Confederal de la CGT encabezado por Hugo Moyano ratific\u00f3 el ingreso formal de la Confederaci\u00f3n de Trabajadores Municipales de la Rep\u00fablica Argentina (CTM) que lidera Rub\u00e9n \u2018Cholo\u2019 Garc\u00eda. De esta forma, hace su arribo a la central obrera uno de los cinco gremios m\u00e1s grandes del pa\u00eds en t\u00e9rmino de cantidad de afiliados y con un desarrollo en todo el \u00e1mbito de la Rep\u00fablica Argentina, a excepci\u00f3n de la Ciudad Aut\u00f3noma de Buenos Aires.<\/p>\n<p>El encuentro se realiz\u00f3 en la sede de la calle Azopardo 802, donde concurrieron dirigentes de todo el territorio nacional. Luego de aprobar el llamado a elecciones para el pr\u00f3ximo jueves 12 de julio en el estadio de Ferrocarril Oeste, se sell\u00f3 finalmente el ingreso a la CGT de 28 organizaciones gremiales, entre ellas la de los trabajadores municipales.<\/p>\n<p>Al t\u00e9rmino de la reuni\u00f3n desarrollada en el sal\u00f3n Felipe Vallese, el titular de la CTM, Rub\u00e9n \u2018Cholo\u2019 Garc\u00eda, manifest\u00f3 su satisfacci\u00f3n por el ingreso del los trabajadores municipales a la central obrera. \u201cFinalmente, despu\u00e9s de dos a\u00f1os de espera, y cumpliendo con todos y cada uno de los requisitos formales que demanda el estatuto de la CGT, los municipales podremos tener representaci\u00f3n, voz y voto, y compartir nuestras preocupaciones sectoriales\u201d.<\/p>\n","protected":false},"excerpt":{"rendered":"<p>La Confederaci\u00f3n de Trabajadores Municipales de la Rep\u00fablica Argentina (CTM), liderada por Rub\u00e9n \u2018Cholo\u2019 Garc\u00eda, ingres\u00f3 formalmente al seno de &#8230; <a title=\"Confederaci\u00f3n Trabajadores Municipales Prov. Bs As adhiere al moyanismo\" class=\"read-more\" href=\"https:\/\/www.hoymercedes.com.ar\/principal\/2012\/05\/24\/confederacion-trabajadores-municipales-prov-bs-as-adhiere-al-moyanismo\/\" aria-label=\"Leer m\u00e1s sobre Confederaci\u00f3n Trabajadores Municipales Prov. Bs As adhiere al moyanismo\">Leer m\u00e1s<\/a><\/p>\n","protected":false},"author":1,"featured_media":0,"comment_status":"open","ping_status":"open","sticky":false,"template":"","format":"standard","meta":{"_monsterinsights_skip_tracking":false,"_monsterinsights_sitenote_active":false,"_monsterinsights_sitenote_note":"","_monsterinsights_sitenote_category":0,"jetpack_post_was_ever_published":false,"_jetpack_newsletter_access":"","_jetpack_dont_email_post_to_subs":false,"_jetpack_newsletter_tier_id":0,"_jetpack_memberships_contains_paywalled_content":false,"_jetpack_memberships_contains_paid_content":false,"footnotes":"","jetpack_publicize_message":"","jetpack_publicize_feature_enabled":true,"jetpack_social_post_already_shared":false,"jetpack_social_options":{"image_generator_settings":{"template":"highway","default_image_id":0,"font":"","enabled":false},"version":2},"_wpas_customize_per_network":false},"categories":[5],"tags":[2229],"class_list":["post-13073","post","type-post","status-publish","format-standard","hentry","category-politica","tag-confederacion-trabajadores-municipales","generate-columns","tablet-grid-50","mobile-grid-100","grid-parent","grid-50"],"jetpack_publicize_connections":[],"jetpack_featured_media_url":"","wps_subtitle":"","jetpack_sharing_enabled":true,"_links":{"self":[{"href":"https:\/\/www.hoymercedes.com.ar\/principal\/wp-json\/wp\/v2\/posts\/13073","targetHints":{"allow":["GET"]}}],"collection":[{"href":"https:\/\/www.hoymercedes.com.ar\/principal\/wp-json\/wp\/v2\/posts"}],"about":[{"href":"https:\/\/www.hoymercedes.com.ar\/principal\/wp-json\/wp\/v2\/types\/post"}],"author":[{"embeddable":true,"href":"https:\/\/www.hoymercedes.com.ar\/principal\/wp-json\/wp\/v2\/users\/1"}],"replies":[{"embeddable":true,"href":"https:\/\/www.hoymercedes.com.ar\/principal\/wp-json\/wp\/v2\/comments?post=13073"}],"version-history":[{"count":0,"href":"https:\/\/www.hoymercedes.com.ar\/principal\/wp-json\/wp\/v2\/posts\/13073\/revisions"}],"wp:attachment":[{"href":"https:\/\/www.hoymercedes.com.ar\/principal\/wp-json\/wp\/v2\/media?parent=13073"}],"wp:term":[{"taxonomy":"category","embeddable":true,"href":"https:\/\/www.hoymercedes.com.ar\/principal\/wp-json\/wp\/v2\/categories?post=13073"},{"taxonomy":"post_tag","embeddable":true,"href":"https:\/\/www.hoymercedes.com.ar\/principal\/wp-json\/wp\/v2\/tags?post=13073"}],"curies":[{"name":"wp","href":"https:\/\/api.w.org\/{rel}","templated":true}]}}