{"id":130794,"date":"2021-05-27T11:35:00","date_gmt":"2021-05-27T14:35:00","guid":{"rendered":"https:\/\/www.hoymercedes.com.ar\/principal\/?p=130794"},"modified":"2021-05-27T16:40:31","modified_gmt":"2021-05-27T19:40:31","slug":"san-antonio-de-areco-iniciara-el-tratamiento-contra-el-covid-con-ivermectina","status":"publish","type":"post","link":"https:\/\/www.hoymercedes.com.ar\/principal\/2021\/05\/27\/san-antonio-de-areco-iniciara-el-tratamiento-contra-el-covid-con-ivermectina\/","title":{"rendered":"San Antonio de Areco: iniciar\u00e1 el tratamiento contra el covid con Ivermectina"},"content":{"rendered":"\n<p>En la jornada del mi\u00e9rcoles \u00faltimo, las autoridades de San Antonio de Areco confirmaron que su localidad ser\u00e1 pionero en la provincia de Buenos Aires de un estudio con\u00a0el medicamento\u00a0<strong>Ivermectina<\/strong>. Con la presencia del intendente de Areco Francisco Ratto, y el Dr. Alejandro Krolewiecki, investigador del CONICET, dieron a conocer que se empezar\u00e1 a aplicar este medicamento. <\/p>\n\n\n\n<div class=\"wp-block-image\"><figure class=\"aligncenter size-large\"><img loading=\"lazy\" decoding=\"async\" width=\"853\" height=\"568\" data-attachment-id=\"130795\" data-permalink=\"https:\/\/www.hoymercedes.com.ar\/principal\/2021\/05\/27\/san-antonio-de-areco-iniciara-el-tratamiento-contra-el-covid-con-ivermectina\/26-5-ivermec-1\/#main\" data-orig-file=\"https:\/\/www.hoymercedes.com.ar\/principal\/wp-content\/uploads\/2021\/05\/26.5-ivermec-1.jpg\" data-orig-size=\"853,568\" data-comments-opened=\"0\" data-image-meta=\"{&quot;aperture&quot;:&quot;0&quot;,&quot;credit&quot;:&quot;&quot;,&quot;camera&quot;:&quot;&quot;,&quot;caption&quot;:&quot;&quot;,&quot;created_timestamp&quot;:&quot;0&quot;,&quot;copyright&quot;:&quot;&quot;,&quot;focal_length&quot;:&quot;0&quot;,&quot;iso&quot;:&quot;0&quot;,&quot;shutter_speed&quot;:&quot;0&quot;,&quot;title&quot;:&quot;&quot;,&quot;orientation&quot;:&quot;0&quot;}\" data-image-title=\"26.5-ivermec-1\" data-image-description=\"\" data-image-caption=\"\" data-large-file=\"https:\/\/www.hoymercedes.com.ar\/principal\/wp-content\/uploads\/2021\/05\/26.5-ivermec-1.jpg\" src=\"https:\/\/www.hoymercedes.com.ar\/principal\/wp-content\/uploads\/2021\/05\/26.5-ivermec-1.jpg\" alt=\"\" class=\"wp-image-130795\" srcset=\"https:\/\/www.hoymercedes.com.ar\/principal\/wp-content\/uploads\/2021\/05\/26.5-ivermec-1.jpg 853w, https:\/\/www.hoymercedes.com.ar\/principal\/wp-content\/uploads\/2021\/05\/26.5-ivermec-1-630x420.jpg 630w, https:\/\/www.hoymercedes.com.ar\/principal\/wp-content\/uploads\/2021\/05\/26.5-ivermec-1-150x100.jpg 150w, https:\/\/www.hoymercedes.com.ar\/principal\/wp-content\/uploads\/2021\/05\/26.5-ivermec-1-700x465.jpg 700w\" sizes=\"auto, (max-width: 853px) 100vw, 853px\" \/><\/figure><\/div>\n\n\n\n<p>El municipio en su cuenta oficial de Facebook anunci\u00f3 con orgullo: \u201ccomenzamos el protocolo de aplicaci\u00f3n de Ivermectina en Areco. Somos el primer municipio de la Provincia aprobado para aplicar este tratamiento y seleccionados para capacitar a otros distritos, en la administraci\u00f3n y distribuci\u00f3n de Suero Equino Hiperinmune por el Ministerio de Salud. \u00a1Agradecemos a nuestro Equipo de Salud!\u201d.<\/p>\n\n\n\n<p>Por su parte, el investigador Dr. Krolewiecki explic\u00f3 que no es un medicamente generalizado, sino que es parte de una investigaci\u00f3n que cont\u00f3 con la aprobaci\u00f3n de al menos dos comit\u00e9s de \u00e9tica. \u201cNos apoyamos sobre la seguridad, la eficacia y la ausencia de alternativas de tratamientos mejores, si existiesen tratamientos claros que ayuden a los pacientes, estar\u00edamos pensando en agregarle tratamientos, no de contar con uno de manera \u00fanica\u201d, sostuvo.<\/p>\n\n\n\n<p>La implementaci\u00f3n ser\u00e1 con un consentimiento por escrito de cada paciente quien deber\u00e1 conocer \u201cpotenciales beneficios y riesgos\u201d. \u201cSe podr\u00eda aplicar a pacientes dentro de los primeros 3 d\u00edas de aparici\u00f3n de los s\u00edntomas. Aquellas personas que tengan inicio de s\u00edntomas, que lleguen al sistema de salud y tenga la posibilidad de acceder a este medicamento\u201d, indic\u00f3.<\/p>\n\n\n\n<p>Est\u00e1 enmarcado en el dise\u00f1o de la Organizaci\u00f3n Mundial de la Salud para el contexto de pandemia de procedimientos de esta clase, \u201ccuando los resultados de las investigaciones son prometedores pero todav\u00eda no ha completado su conclusi\u00f3n y todos los estudios necesarios\u201d, explic\u00f3 el el intendente Francisco Ratto. <\/p>\n\n\n\n<p>Qu\u00e9 es la ivermectina<br>\u2013 Es un f\u00e1rmaco antiparasitario, tiene un uso tanto en humano como animales.<br>\u2013 Se ha demostrado que inhibe la replicaci\u00f3n de varios virus de ARN como el coronavirus Sars-Cov-2.<br>\u2013 Krolewiecki lider\u00f3 un estudio p\u00fablico \u2013 privado en pacientes y demostr\u00f3 que reduce la carga viral en una dosis acorde al peso del paciente<br>\u2013 Hasta hace unos meses no se recomendaba su uso por ello sigue en estudio: No hay que automedicarse.<\/p>\n\n\n\n<p>Fuente: BoscoProducciones<br>InfoCiudad<\/p>\n","protected":false},"excerpt":{"rendered":"<p>En la jornada del mi\u00e9rcoles \u00faltimo, las autoridades de San Antonio de Areco confirmaron que su localidad ser\u00e1 pionero en &#8230; <a title=\"San Antonio de Areco: iniciar\u00e1 el tratamiento contra el covid con Ivermectina\" class=\"read-more\" href=\"https:\/\/www.hoymercedes.com.ar\/principal\/2021\/05\/27\/san-antonio-de-areco-iniciara-el-tratamiento-contra-el-covid-con-ivermectina\/\" aria-label=\"Leer m\u00e1s sobre San Antonio de Areco: iniciar\u00e1 el tratamiento contra el covid con Ivermectina\">Leer m\u00e1s<\/a><\/p>\n","protected":false},"author":1,"featured_media":130795,"comment_status":"closed","ping_status":"open","sticky":false,"template":"","format":"standard","meta":{"_monsterinsights_skip_tracking":false,"_monsterinsights_sitenote_active":false,"_monsterinsights_sitenote_note":"","_monsterinsights_sitenote_category":0,"jetpack_post_was_ever_published":false,"_jetpack_newsletter_access":"","_jetpack_dont_email_post_to_subs":false,"_jetpack_newsletter_tier_id":0,"_jetpack_memberships_contains_paywalled_content":false,"_jetpack_memberships_contains_paid_content":false,"footnotes":"","jetpack_publicize_message":"","jetpack_publicize_feature_enabled":true,"jetpack_social_post_already_shared":true,"jetpack_social_options":{"image_generator_settings":{"template":"highway","default_image_id":0,"font":"","enabled":false},"version":2},"_wpas_customize_per_network":false},"categories":[5501],"tags":[16175,9322,2427,17806],"class_list":["post-130794","post","type-post","status-publish","format-standard","has-post-thumbnail","hentry","category-region","tag-coronavirus","tag-region","tag-san-antonio-de-areco","tag-tratamiento","generate-columns","tablet-grid-50","mobile-grid-100","grid-parent","grid-50"],"jetpack_publicize_connections":[],"jetpack_featured_media_url":"https:\/\/www.hoymercedes.com.ar\/principal\/wp-content\/uploads\/2021\/05\/26.5-ivermec-1.jpg","wps_subtitle":"Investigaci\u00f3n regional","jetpack_sharing_enabled":true,"_links":{"self":[{"href":"https:\/\/www.hoymercedes.com.ar\/principal\/wp-json\/wp\/v2\/posts\/130794","targetHints":{"allow":["GET"]}}],"collection":[{"href":"https:\/\/www.hoymercedes.com.ar\/principal\/wp-json\/wp\/v2\/posts"}],"about":[{"href":"https:\/\/www.hoymercedes.com.ar\/principal\/wp-json\/wp\/v2\/types\/post"}],"author":[{"embeddable":true,"href":"https:\/\/www.hoymercedes.com.ar\/principal\/wp-json\/wp\/v2\/users\/1"}],"replies":[{"embeddable":true,"href":"https:\/\/www.hoymercedes.com.ar\/principal\/wp-json\/wp\/v2\/comments?post=130794"}],"version-history":[{"count":0,"href":"https:\/\/www.hoymercedes.com.ar\/principal\/wp-json\/wp\/v2\/posts\/130794\/revisions"}],"wp:featuredmedia":[{"embeddable":true,"href":"https:\/\/www.hoymercedes.com.ar\/principal\/wp-json\/wp\/v2\/media\/130795"}],"wp:attachment":[{"href":"https:\/\/www.hoymercedes.com.ar\/principal\/wp-json\/wp\/v2\/media?parent=130794"}],"wp:term":[{"taxonomy":"category","embeddable":true,"href":"https:\/\/www.hoymercedes.com.ar\/principal\/wp-json\/wp\/v2\/categories?post=130794"},{"taxonomy":"post_tag","embeddable":true,"href":"https:\/\/www.hoymercedes.com.ar\/principal\/wp-json\/wp\/v2\/tags?post=130794"}],"curies":[{"name":"wp","href":"https:\/\/api.w.org\/{rel}","templated":true}]}}