{"id":130801,"date":"2021-05-27T11:57:55","date_gmt":"2021-05-27T14:57:55","guid":{"rendered":"http:\/\/www.hoymercedes.com.ar\/principal\/?p=130801"},"modified":"2021-05-27T17:00:17","modified_gmt":"2021-05-27T20:00:17","slug":"mercedes-solicito-pasar-a-fase-2-desde-el-lunes-31-de-mayo","status":"publish","type":"post","link":"https:\/\/www.hoymercedes.com.ar\/principal\/2021\/05\/27\/mercedes-solicito-pasar-a-fase-2-desde-el-lunes-31-de-mayo\/","title":{"rendered":"Mercedes solicit\u00f3 pasar a fase 2 desde el lunes 31 de mayo"},"content":{"rendered":"\n<p>El Intendente Municipal Juan Ignacio Ustarroz confirm\u00f3 que solicit\u00f3 al gobierno provincial que la ciudad de Mercedes sea incluida en la n\u00f3mina de localidades que est\u00e1n en la fase 2. <\/p>\n\n\n\n<p>De todos modos, se espera hasta el fin del per\u00edodo vigente de aislamiento para tener precisiones sobre las nuevas determinaciones provinciales.<\/p>\n\n\n\n<p>El pedido se realiz\u00f3 ante la crecientes suba de casos positivos en los \u00faltimos d\u00edas y el alto porcentaje de las camas ocupadas en el sistema de salud. La medida comenzar\u00eda a regir el lunes 31 de mayo. Esta fase implica la suspensi\u00f3n de clases presenciales, entre otras medidas. <\/p>\n\n\n\n<p>Ustarroz, en declaraciones ante los micr\u00f3fonos de Radio Universo, explic\u00f3 que la solicitud se present\u00f3 por estas horas y que espera la confirmaci\u00f3n de la provincia.<\/p>\n","protected":false},"excerpt":{"rendered":"<p>El Intendente Municipal Juan Ignacio Ustarroz confirm\u00f3 que solicit\u00f3 al gobierno provincial que la ciudad de Mercedes sea incluida en &#8230; <a title=\"Mercedes solicit\u00f3 pasar a fase 2 desde el lunes 31 de mayo\" class=\"read-more\" href=\"https:\/\/www.hoymercedes.com.ar\/principal\/2021\/05\/27\/mercedes-solicito-pasar-a-fase-2-desde-el-lunes-31-de-mayo\/\" aria-label=\"Leer m\u00e1s sobre Mercedes solicit\u00f3 pasar a fase 2 desde el lunes 31 de mayo\">Leer m\u00e1s<\/a><\/p>\n","protected":false},"author":1,"featured_media":51628,"comment_status":"closed","ping_status":"open","sticky":false,"template":"","format":"standard","meta":{"_monsterinsights_skip_tracking":false,"_monsterinsights_sitenote_active":false,"_monsterinsights_sitenote_note":"","_monsterinsights_sitenote_category":0,"jetpack_post_was_ever_published":false,"_jetpack_newsletter_access":"","_jetpack_dont_email_post_to_subs":false,"_jetpack_newsletter_tier_id":0,"_jetpack_memberships_contains_paywalled_content":false,"_jetpack_memberships_contains_paid_content":false,"footnotes":"","jetpack_publicize_message":"","jetpack_publicize_feature_enabled":true,"jetpack_social_post_already_shared":true,"jetpack_social_options":{"image_generator_settings":{"template":"highway","default_image_id":0,"font":"","enabled":false},"version":2},"_wpas_customize_per_network":false},"categories":[11],"tags":[16175,16819,17696,16323],"class_list":["post-130801","post","type-post","status-publish","format-standard","has-post-thumbnail","hentry","category-ciudad","tag-coronavirus","tag-covid","tag-fase-2","tag-pandemia","generate-columns","tablet-grid-50","mobile-grid-100","grid-parent","grid-50"],"jetpack_publicize_connections":[],"jetpack_featured_media_url":"https:\/\/www.hoymercedes.com.ar\/principal\/wp-content\/uploads\/2016\/06\/municipio.jpg","wps_subtitle":"Ante la crecientes suba de casos positivos","jetpack_sharing_enabled":true,"jetpack-related-posts":[{"id":131773,"url":"https:\/\/www.hoymercedes.com.ar\/principal\/2021\/06\/14\/mercedes-en-fase-2-restricciones-en-la-ciudad\/","url_meta":{"origin":130801,"position":0},"title":"Mercedes en Fase 2: Restricciones en la ciudad","author":"hoymercedes","date":"14 junio, 2021","format":false,"excerpt":"Durante la ma\u00f1ana de este lunes se reuni\u00f3 el Comit\u00e9 de Crisis. La ciudad continuar\u00e1 en fase 2 dado su nivel de ocupaci\u00f3n de camas, casos positivos diarios y fallecidos. En un encuentro que se present\u00f3 con un largo debate, exposiciones detalladas sobre datos, evoluciones, an\u00e1lisis de determin\u00f3 reforzar los\u2026","rel":"","context":"En \u00abMunicipio\u00bb","block_context":{"text":"Municipio","link":"https:\/\/www.hoymercedes.com.ar\/principal\/category\/municipio\/"},"img":{"alt_text":"","src":"https:\/\/i0.wp.com\/www.hoymercedes.com.ar\/principal\/wp-content\/uploads\/2021\/06\/WhatsApp-Image-2021-06-14-at-13.23.18.jpeg?resize=350%2C200&ssl=1","width":350,"height":200,"srcset":"https:\/\/i0.wp.com\/www.hoymercedes.com.ar\/principal\/wp-content\/uploads\/2021\/06\/WhatsApp-Image-2021-06-14-at-13.23.18.jpeg?resize=350%2C200&ssl=1 1x, https:\/\/i0.wp.com\/www.hoymercedes.com.ar\/principal\/wp-content\/uploads\/2021\/06\/WhatsApp-Image-2021-06-14-at-13.23.18.jpeg?resize=525%2C300&ssl=1 1.5x, https:\/\/i0.wp.com\/www.hoymercedes.com.ar\/principal\/wp-content\/uploads\/2021\/06\/WhatsApp-Image-2021-06-14-at-13.23.18.jpeg?resize=700%2C400&ssl=1 2x, https:\/\/i0.wp.com\/www.hoymercedes.com.ar\/principal\/wp-content\/uploads\/2021\/06\/WhatsApp-Image-2021-06-14-at-13.23.18.jpeg?resize=1050%2C600&ssl=1 3x"},"classes":[]},{"id":130892,"url":"https:\/\/www.hoymercedes.com.ar\/principal\/2021\/05\/28\/130892\/","url_meta":{"origin":130801,"position":1},"title":"Municipio confirm\u00f3 cu\u00e1les ser\u00e1n las restricciones en fase 2","author":"hoymercedes","date":"28 mayo, 2021","format":false,"excerpt":"Tras las nuevas disposiciones de cuidado ante el avance del covid-19 y las determinaciones nacionales y provinciales, desde la Municipalidad de aclararon algunos aspectos del d\u00eda a d\u00eda y su impacto. La secretaria de gobierno Dr. Clara Zunino brind\u00f3 detalles al respecto y expres\u00f3 que \u201cnos encontramos ante un sistema\u2026","rel":"","context":"En \u00abMunicipio\u00bb","block_context":{"text":"Municipio","link":"https:\/\/www.hoymercedes.com.ar\/principal\/category\/municipio\/"},"img":{"alt_text":"","src":"https:\/\/i0.wp.com\/www.hoymercedes.com.ar\/principal\/wp-content\/uploads\/2021\/05\/WhatsApp-Image-2021-05-28-at-19.55.50.jpeg?resize=350%2C200&ssl=1","width":350,"height":200,"srcset":"https:\/\/i0.wp.com\/www.hoymercedes.com.ar\/principal\/wp-content\/uploads\/2021\/05\/WhatsApp-Image-2021-05-28-at-19.55.50.jpeg?resize=350%2C200&ssl=1 1x, https:\/\/i0.wp.com\/www.hoymercedes.com.ar\/principal\/wp-content\/uploads\/2021\/05\/WhatsApp-Image-2021-05-28-at-19.55.50.jpeg?resize=525%2C300&ssl=1 1.5x"},"classes":[]},{"id":131262,"url":"https:\/\/www.hoymercedes.com.ar\/principal\/2021\/06\/04\/durante-el-fin-de-semana-mercedes-regresa-a-fase-i\/","url_meta":{"origin":130801,"position":2},"title":"Durante el fin de semana Mercedes regresa a fase I","author":"hoymercedes","date":"4 junio, 2021","format":false,"excerpt":"Este s\u00e1bado 5 y domingo 6 de junio, luego de lo dispuesto por el Decreto de Necesidad y Urgencia a nivel nacional, Mercedes regresar\u00e1 a Fase 1 con el objetivo de evitar grandes flujos de circulaci\u00f3n de gente y as\u00ed minimizar el riesgo de contagio por coronavirus. Clara Zunino, secretaria\u2026","rel":"","context":"En \u00abSociedad\u00bb","block_context":{"text":"Sociedad","link":"https:\/\/www.hoymercedes.com.ar\/principal\/category\/sociedad\/"},"img":{"alt_text":"","src":"https:\/\/i0.wp.com\/www.hoymercedes.com.ar\/principal\/wp-content\/uploads\/2018\/07\/clara.jpeg?resize=350%2C200&ssl=1","width":350,"height":200,"srcset":"https:\/\/i0.wp.com\/www.hoymercedes.com.ar\/principal\/wp-content\/uploads\/2018\/07\/clara.jpeg?resize=350%2C200&ssl=1 1x, https:\/\/i0.wp.com\/www.hoymercedes.com.ar\/principal\/wp-content\/uploads\/2018\/07\/clara.jpeg?resize=525%2C300&ssl=1 1.5x, https:\/\/i0.wp.com\/www.hoymercedes.com.ar\/principal\/wp-content\/uploads\/2018\/07\/clara.jpeg?resize=700%2C400&ssl=1 2x"},"classes":[]},{"id":132531,"url":"https:\/\/www.hoymercedes.com.ar\/principal\/2021\/06\/28\/se-reune-el-comite-de-crisis-de-mercedes\/","url_meta":{"origin":130801,"position":3},"title":"\u00bfFase 3?: Se re\u00fane el comit\u00e9 de crisis de Mercedes","author":"hoymercedes","date":"28 junio, 2021","format":false,"excerpt":"#ahora Se desarolla un nuevo encuentro del Comit\u00e9 de Crisis. Representantes de Instituciones, partidos pol\u00edticos, \u00e1reas de gesti\u00f3n, actores sociales, profesionales, sistema de salud, entre otros, est\u00e1n en la sala grande del teatro analizando el sistema epidemiol\u00f3gico actual de la ciudad. Se espera la definici\u00f3n de la provincia en cuanto\u2026","rel":"","context":"En \u00abSociedad\u00bb","block_context":{"text":"Sociedad","link":"https:\/\/www.hoymercedes.com.ar\/principal\/category\/sociedad\/"},"img":{"alt_text":"","src":"https:\/\/i0.wp.com\/www.hoymercedes.com.ar\/principal\/wp-content\/uploads\/2021\/06\/IMG_20210628_090848.jpg?resize=350%2C200&ssl=1","width":350,"height":200,"srcset":"https:\/\/i0.wp.com\/www.hoymercedes.com.ar\/principal\/wp-content\/uploads\/2021\/06\/IMG_20210628_090848.jpg?resize=350%2C200&ssl=1 1x, https:\/\/i0.wp.com\/www.hoymercedes.com.ar\/principal\/wp-content\/uploads\/2021\/06\/IMG_20210628_090848.jpg?resize=525%2C300&ssl=1 1.5x, https:\/\/i0.wp.com\/www.hoymercedes.com.ar\/principal\/wp-content\/uploads\/2021\/06\/IMG_20210628_090848.jpg?resize=700%2C400&ssl=1 2x, https:\/\/i0.wp.com\/www.hoymercedes.com.ar\/principal\/wp-content\/uploads\/2021\/06\/IMG_20210628_090848.jpg?resize=1050%2C600&ssl=1 3x, https:\/\/i0.wp.com\/www.hoymercedes.com.ar\/principal\/wp-content\/uploads\/2021\/06\/IMG_20210628_090848.jpg?resize=1400%2C800&ssl=1 4x"},"classes":[]},{"id":134739,"url":"https:\/\/www.hoymercedes.com.ar\/principal\/2021\/08\/04\/mercedes-pasa-a-fase-4-gracias-a-la-unidad-de-toda-la-comunidad-pero-en-alerta-por-cepa-delta\/","url_meta":{"origin":130801,"position":4},"title":"Mercedes pasa a fase 4 gracias a la unidad de toda la comunidad, pero en alerta por Cepa Delta","author":"hoymercedes","date":"4 agosto, 2021","format":false,"excerpt":"https:\/\/youtu.be\/IC4t-TurTfY Se realiz\u00f3 un nuevo encuentro del Comit\u00e9 de Crisis de nuestra ciudad, donde se inform\u00f3 que debido a los cuidados que firmemente la comunidad unida viene efectuando y al desarrollo de vacunaci\u00f3n continuo los casos de Covid-19 en disminuci\u00f3n permitieron al cambio de fase. El intendente Juan Ignacio Ustarroz\u2026","rel":"","context":"En \u00abSociedad\u00bb","block_context":{"text":"Sociedad","link":"https:\/\/www.hoymercedes.com.ar\/principal\/category\/sociedad\/"},"img":{"alt_text":"","src":"https:\/\/i0.wp.com\/www.hoymercedes.com.ar\/principal\/wp-content\/uploads\/2021\/08\/ComiteDeCrisis-04.08.2021.jpg?resize=350%2C200&ssl=1","width":350,"height":200,"srcset":"https:\/\/i0.wp.com\/www.hoymercedes.com.ar\/principal\/wp-content\/uploads\/2021\/08\/ComiteDeCrisis-04.08.2021.jpg?resize=350%2C200&ssl=1 1x, https:\/\/i0.wp.com\/www.hoymercedes.com.ar\/principal\/wp-content\/uploads\/2021\/08\/ComiteDeCrisis-04.08.2021.jpg?resize=525%2C300&ssl=1 1.5x, https:\/\/i0.wp.com\/www.hoymercedes.com.ar\/principal\/wp-content\/uploads\/2021\/08\/ComiteDeCrisis-04.08.2021.jpg?resize=700%2C400&ssl=1 2x"},"classes":[]},{"id":132550,"url":"https:\/\/www.hoymercedes.com.ar\/principal\/2021\/06\/28\/confirman-el-pase-a-fase-3-de-mercedes\/","url_meta":{"origin":130801,"position":5},"title":"Confirman el pase a Fase 3 de Mercedes","author":"hoymercedes","date":"28 junio, 2021","format":false,"excerpt":"Promediando la ma\u00f1ana de este lunes, se conoci\u00f3 que la provincia de Buenos Aires determin\u00f3 que el partido de Mercedes pase a Fase 3 de acuerdo a la situaci\u00f3n epidemiol\u00f3gica. Cerca de la hora 14 habr\u00e1 una comunicaci\u00f3n oficial de parte del Municipio y el Comit\u00e9. De acuerdo a la\u2026","rel":"","context":"En \u00abMunicipio\u00bb","block_context":{"text":"Municipio","link":"https:\/\/www.hoymercedes.com.ar\/principal\/category\/municipio\/"},"img":{"alt_text":"","src":"https:\/\/i0.wp.com\/www.hoymercedes.com.ar\/principal\/wp-content\/uploads\/2017\/04\/10-palacio_municipal.jpg?resize=350%2C200&ssl=1","width":350,"height":200,"srcset":"https:\/\/i0.wp.com\/www.hoymercedes.com.ar\/principal\/wp-content\/uploads\/2017\/04\/10-palacio_municipal.jpg?resize=350%2C200&ssl=1 1x, https:\/\/i0.wp.com\/www.hoymercedes.com.ar\/principal\/wp-content\/uploads\/2017\/04\/10-palacio_municipal.jpg?resize=525%2C300&ssl=1 1.5x"},"classes":[]}],"_links":{"self":[{"href":"https:\/\/www.hoymercedes.com.ar\/principal\/wp-json\/wp\/v2\/posts\/130801","targetHints":{"allow":["GET"]}}],"collection":[{"href":"https:\/\/www.hoymercedes.com.ar\/principal\/wp-json\/wp\/v2\/posts"}],"about":[{"href":"https:\/\/www.hoymercedes.com.ar\/principal\/wp-json\/wp\/v2\/types\/post"}],"author":[{"embeddable":true,"href":"https:\/\/www.hoymercedes.com.ar\/principal\/wp-json\/wp\/v2\/users\/1"}],"replies":[{"embeddable":true,"href":"https:\/\/www.hoymercedes.com.ar\/principal\/wp-json\/wp\/v2\/comments?post=130801"}],"version-history":[{"count":0,"href":"https:\/\/www.hoymercedes.com.ar\/principal\/wp-json\/wp\/v2\/posts\/130801\/revisions"}],"wp:featuredmedia":[{"embeddable":true,"href":"https:\/\/www.hoymercedes.com.ar\/principal\/wp-json\/wp\/v2\/media\/51628"}],"wp:attachment":[{"href":"https:\/\/www.hoymercedes.com.ar\/principal\/wp-json\/wp\/v2\/media?parent=130801"}],"wp:term":[{"taxonomy":"category","embeddable":true,"href":"https:\/\/www.hoymercedes.com.ar\/principal\/wp-json\/wp\/v2\/categories?post=130801"},{"taxonomy":"post_tag","embeddable":true,"href":"https:\/\/www.hoymercedes.com.ar\/principal\/wp-json\/wp\/v2\/tags?post=130801"}],"curies":[{"name":"wp","href":"https:\/\/api.w.org\/{rel}","templated":true}]}}