{"id":130866,"date":"2021-05-28T12:36:17","date_gmt":"2021-05-28T15:36:17","guid":{"rendered":"http:\/\/www.hoymercedes.com.ar\/principal\/?p=130866"},"modified":"2021-06-01T18:44:04","modified_gmt":"2021-06-01T21:44:04","slug":"nuevos-estudios-aseguran-que-la-inmunidad-contra-el-coronavirus-podria-durar-anos","status":"publish","type":"post","link":"https:\/\/www.hoymercedes.com.ar\/principal\/2021\/05\/28\/nuevos-estudios-aseguran-que-la-inmunidad-contra-el-coronavirus-podria-durar-anos\/","title":{"rendered":"Nuevos estudios aseguran que la inmunidad contra el coronavirus podr\u00eda durar a\u00f1os"},"content":{"rendered":"\n<p><strong><em>Recientes estudios cient\u00edficos demuestran que, en los pacientes que ya fueron inoculados, o que se recuperaron de la enfermedad, en la m\u00e9dula osea sobreviven las c\u00e9lulas inmunitarias.<\/em><\/strong><\/p>\n\n\n\n<p>Dos estudios cient\u00edficos publicados recientemente en las revistas especializadas Nature y BioRxiv determinaron que la inmunidad contra el coronavirus podr\u00eda durar a\u00f1os o incluso toda la vida, debido a que las c\u00e9lulas que la generan sobreviven en la m\u00e9dula \u00f3sea.<\/p>\n\n\n\n<p>Es decir, en aquellas personas que transitaron por la enfermedad, y luego fueron vacunadas, no precisar\u00e1n de inoculaciones de refuerzo ya que la inmunidad durar\u00eda al menos un a\u00f1o o toda la vida, mejorando con el tiempo, seg\u00fan lo concluido por ambos estudios.<\/p>\n\n\n\n<p>Sin embargo, aquellos que se vacunaron, pero que no transitaron la enfermedad, posiblemente requieran de m\u00e1s vacunas para lograr la respuesta inmunol\u00f3gica lo suficientemente fuerte.<\/p>\n\n\n\n<p>Si bien hasta el momento no hab\u00eda certezas sobre la inmunidad, en la investigaci\u00f3n publicada en la revista Nature, se determin\u00f3 que las c\u00e9lulas con memoria del virus se almacenan en la m\u00e9dula \u00f3sea de manera inactiva, e inician la fabricaci\u00f3n de anticuerpos en el momento que detectan que el cuerpo lo cree necesario.<\/p>\n\n\n\n<p>En tanto, en la investigaci\u00f3n publicada en BioRxiv, se descubri\u00f3 que esas c\u00e9lulas, llamadas \u201cc\u00e9lulas B de memoria\u201d, contin\u00faan su proceso de maduraci\u00f3n y generando un fortalecimiento en su respuesta, incluso 12 meses despu\u00e9s de un primer contagio.<\/p>\n\n\n\n<p>Scott Hensley, inmun\u00f3logo de la Universidad de Pensilvania, indic\u00f3 que \u201cambos estudios son consistentes con el creciente n\u00famero de publicaciones que sugieren que la inmunidad generada por el contagio o por la vacunaci\u00f3n contra el SARS-CoV-2 parece ser duradera\u201d.<\/p>\n\n\n\n<p>Adem\u00e1s, agreg\u00f3 que se trata de una inmunidad diferente a la de la gripe, debido a que \u00e9ste \u00faltimo es virus que muta r\u00e1pidamente con el tiempo, sin embargo, que no es lo que sucede con el SARS-CoV-2.<\/p>\n\n\n\n<p>Por su parte, Michel Nussenzweig, inmun\u00f3logo de la Universidad Rockefeller, Nueva York, quien particip\u00f3 en el estudio publicado en BioRxiv, explic\u00f3 que las c\u00e9lulas B de memoria que se potencian con la vacunaci\u00f3n despu\u00e9s del contagio, cuentan con mucha potencia y no necesitan de un refuerzo.<\/p>\n\n\n\n<p>\u201cLos que se infectaron y se vacunaron realmente desarrollan una respuesta inmune incre\u00edble, porque sus anticuerpos siguen evolucionando\u201d, dijo el investigador. Adem\u00e1s, se\u00f1al\u00f3 que \u00abmuy pronto\u00bb se sabr\u00e1 si las personas que no transitaron la enfermedad, pero fueron inoculadas, necesitan una vacuna de refuerzo.<\/p>\n\n\n\n<p>Con el fin de estudiar el funcionamiento y la composici\u00f3n de las las c\u00e9lulas B espec\u00edficas del nuevo coronavirus, el equipo que encabezaba Ali Ellebedy, de la Universidad de Washington en St. Louis, estudi\u00f3 la sangre de 77 pacientes recuperados del covid, con intervalos de siete meses; seis de ellos hab\u00edan sido hospitalizados por su cuadro, mientras que los 71 restantes hab\u00edan tenido s\u00edntomas leves.<\/p>\n\n\n\n<p>All\u00ed se pudo detectar que los anticuerpos que les gener\u00f3 el paso por la enfermedad disminuyeron dr\u00e1sticamente en los cuatro meses siguientes luego de contagiarse, al igual que los resultados obtenidos en estudios previos.<\/p>\n\n\n\n<p>Pero en aquellas personas que tuvieron un cuadro agudo de infecci\u00f3n, si bien los anticuerpos caen tambi\u00e9n, gracias a las muestras de m\u00e9dula \u00f3sea de 19 personas que se hab\u00edan infectado con el virus siete meses antes, se demostr\u00f3 que all\u00ed residen las c\u00e9lulas B de memoria, que permanecen inactivas y se \u00abencienden\u00bb cuando detectan el virus.<\/p>\n\n\n\n<p>Sin embargo, hubo muestras de cuatro pacientes que no demostraron lo mismo. \u201cEso nos dice que quienes se contagiaron y recuperaron no necesariamente tienen una gran respuesta inmunitaria\u201d, sostuvo el cient\u00edfico Ellebedy. <\/p>\n\n\n\n<p>Fuente: Redacci\u00f3n GLP<\/p>\n","protected":false},"excerpt":{"rendered":"<p>Recientes estudios cient\u00edficos demuestran que, en los pacientes que ya fueron inoculados, o que se recuperaron de la enfermedad, en &#8230; <a title=\"Nuevos estudios aseguran que la inmunidad contra el coronavirus podr\u00eda durar a\u00f1os\" class=\"read-more\" href=\"https:\/\/www.hoymercedes.com.ar\/principal\/2021\/05\/28\/nuevos-estudios-aseguran-que-la-inmunidad-contra-el-coronavirus-podria-durar-anos\/\" aria-label=\"Leer m\u00e1s sobre Nuevos estudios aseguran que la inmunidad contra el coronavirus podr\u00eda durar a\u00f1os\">Leer m\u00e1s<\/a><\/p>\n","protected":false},"author":1,"featured_media":111591,"comment_status":"closed","ping_status":"open","sticky":false,"template":"","format":"standard","meta":{"_monsterinsights_skip_tracking":false,"_monsterinsights_sitenote_active":false,"_monsterinsights_sitenote_note":"","_monsterinsights_sitenote_category":0,"jetpack_post_was_ever_published":false,"_jetpack_newsletter_access":"","_jetpack_dont_email_post_to_subs":false,"_jetpack_newsletter_tier_id":0,"_jetpack_memberships_contains_paywalled_content":false,"_jetpack_memberships_contains_paid_content":false,"footnotes":"","jetpack_publicize_message":"","jetpack_publicize_feature_enabled":true,"jetpack_social_post_already_shared":true,"jetpack_social_options":{"image_generator_settings":{"template":"highway","default_image_id":0,"font":"","enabled":false},"version":2},"_wpas_customize_per_network":false},"categories":[9791],"tags":[16175,13690],"class_list":["post-130866","post","type-post","status-publish","format-standard","has-post-thumbnail","hentry","category-salud","tag-coronavirus","tag-investigacion-cientifica","generate-columns","tablet-grid-50","mobile-grid-100","grid-parent","grid-50"],"jetpack_publicize_connections":[],"jetpack_featured_media_url":"https:\/\/www.hoymercedes.com.ar\/principal\/wp-content\/uploads\/2020\/06\/03-coronavirus.jpg","wps_subtitle":"Investigaci\u00f3n cient\u00edfica","jetpack_sharing_enabled":true,"jetpack-related-posts":[{"id":41238,"url":"https:\/\/www.hoymercedes.com.ar\/principal\/2015\/04\/28\/solidaridad-joven-mercedina-requiere-trasplante-de-medula-osea\/","url_meta":{"origin":130866,"position":0},"title":"Pedido de Solidaridad: Joven mercedina requiere trasplante de m\u00e9dula \u00f3sea y se invita a colaborar para lograr su bienestar","author":"hoymercedes","date":"28 abril, 2015","format":false,"excerpt":"Amigos y familiares de F\u00e1tima Damiani, una joven mercedina, buscan que la solidaridad de toda la comunidad se enfoque en buscarle un donante para que su vida pueda continuar como corresponde. F\u00e1tima necesita un trasplante de m\u00e9dula \u00f3sea. Afecto y fuerzas para F\u00e1tima es el deseo de todos los que\u2026","rel":"","context":"En \u00abSociedad\u00bb","block_context":{"text":"Sociedad","link":"https:\/\/www.hoymercedes.com.ar\/principal\/category\/sociedad\/"},"img":{"alt_text":"","src":"https:\/\/i0.wp.com\/www.hoymercedes.com.ar\/principal\/wp-content\/uploads\/2015\/04\/fatimadamiani.jpg?resize=350%2C200&ssl=1","width":350,"height":200,"srcset":"https:\/\/i0.wp.com\/www.hoymercedes.com.ar\/principal\/wp-content\/uploads\/2015\/04\/fatimadamiani.jpg?resize=350%2C200&ssl=1 1x, https:\/\/i0.wp.com\/www.hoymercedes.com.ar\/principal\/wp-content\/uploads\/2015\/04\/fatimadamiani.jpg?resize=525%2C300&ssl=1 1.5x"},"classes":[]},{"id":139153,"url":"https:\/\/www.hoymercedes.com.ar\/principal\/2021\/10\/26\/aplicaran-tercer-dosis-de-vacuna-a-mayores-de-50-con-factores-de-riesgo\/","url_meta":{"origin":130866,"position":1},"title":"Aplicar\u00e1n tercer d\u00f3sis de vacuna a mayores de 50 con factores de riesgo","author":"hoymercedes","date":"26 octubre, 2021","format":false,"excerpt":"informaci\u00f3n oficial de PBA - En noviembre, empezar\u00e1 a aplicarse una tercera dosis a los mayores de 50 a\u00f1os que hayan recibido Sinopharm y a todas las personas inmunocomprometidas. En el marco de la campa\u00f1a de vacunaci\u00f3n se decidi\u00f3 comenzar con la aplicaci\u00f3n de terceras dosis a toda la poblaci\u00f3n\u2026","rel":"","context":"En \u00abProvincia\u00bb","block_context":{"text":"Provincia","link":"https:\/\/www.hoymercedes.com.ar\/principal\/category\/provincia\/"},"img":{"alt_text":"","src":"https:\/\/i0.wp.com\/www.hoymercedes.com.ar\/principal\/wp-content\/uploads\/2021\/03\/25-vacuna-aztracensa.jpg?resize=350%2C200&ssl=1","width":350,"height":200,"srcset":"https:\/\/i0.wp.com\/www.hoymercedes.com.ar\/principal\/wp-content\/uploads\/2021\/03\/25-vacuna-aztracensa.jpg?resize=350%2C200&ssl=1 1x, https:\/\/i0.wp.com\/www.hoymercedes.com.ar\/principal\/wp-content\/uploads\/2021\/03\/25-vacuna-aztracensa.jpg?resize=525%2C300&ssl=1 1.5x, https:\/\/i0.wp.com\/www.hoymercedes.com.ar\/principal\/wp-content\/uploads\/2021\/03\/25-vacuna-aztracensa.jpg?resize=700%2C400&ssl=1 2x"},"classes":[]},{"id":145144,"url":"https:\/\/www.hoymercedes.com.ar\/principal\/2022\/03\/10\/covid-detectan-un-nuevo-sintoma-que-afecta-a-pies-y-manos\/","url_meta":{"origin":130866,"position":2},"title":"COVID: Detectan un nuevo s\u00edntoma que afecta a pies y manos","author":"hoymercedes","date":"10 marzo, 2022","format":false,"excerpt":"A poco m\u00e1s de dos a\u00f1os de declarada la pandemia del coronavirus en el mundo, especialistas contin\u00faan descubriendo algunas secuelas en pacientes que transitaron la enfermedad. Coronavirus prolongado Especialistas contin\u00faan estudiando algunas secuelas en lo que se conoce como Long COVID o Covid prolongado: se trata de dolores en manos\u2026","rel":"","context":"En \u00abSalud\u00bb","block_context":{"text":"Salud","link":"https:\/\/www.hoymercedes.com.ar\/principal\/category\/salud\/"},"img":{"alt_text":"","src":"https:\/\/i0.wp.com\/www.hoymercedes.com.ar\/principal\/wp-content\/uploads\/2022\/03\/covid-resultado.png?resize=350%2C200&ssl=1","width":350,"height":200,"srcset":"https:\/\/i0.wp.com\/www.hoymercedes.com.ar\/principal\/wp-content\/uploads\/2022\/03\/covid-resultado.png?resize=350%2C200&ssl=1 1x, https:\/\/i0.wp.com\/www.hoymercedes.com.ar\/principal\/wp-content\/uploads\/2022\/03\/covid-resultado.png?resize=525%2C300&ssl=1 1.5x"},"classes":[]},{"id":144393,"url":"https:\/\/www.hoymercedes.com.ar\/principal\/2022\/02\/26\/omicron-la-subvariante-ba-2-circula-en-argentina\/","url_meta":{"origin":130866,"position":3},"title":"\u00d3micron: la subvariante BA.2 circula en Argentina","author":"hoymercedes","date":"26 febrero, 2022","format":false,"excerpt":"El sublinaje BA.2 posee mutaciones distintivas que est\u00e1n siendo estudiadas por vir\u00f3logos expertos, quienes alertaron a la poblaci\u00f3n. El 1 de febrero desde el Instituto Malbr\u00e1n, se confirm\u00f3 el primer paciente argentino que la contrajo. Una nueva versi\u00f3n de la variante \u00d3micron de coronavirus, que se propag\u00f3 durante febrero en\u2026","rel":"","context":"En \u00abSalud\u00bb","block_context":{"text":"Salud","link":"https:\/\/www.hoymercedes.com.ar\/principal\/category\/salud\/"},"img":{"alt_text":"","src":"https:\/\/i0.wp.com\/www.hoymercedes.com.ar\/principal\/wp-content\/uploads\/2022\/02\/2022-02-26-2.png?resize=350%2C200&ssl=1","width":350,"height":200,"srcset":"https:\/\/i0.wp.com\/www.hoymercedes.com.ar\/principal\/wp-content\/uploads\/2022\/02\/2022-02-26-2.png?resize=350%2C200&ssl=1 1x, https:\/\/i0.wp.com\/www.hoymercedes.com.ar\/principal\/wp-content\/uploads\/2022\/02\/2022-02-26-2.png?resize=525%2C300&ssl=1 1.5x"},"classes":[]},{"id":121345,"url":"https:\/\/www.hoymercedes.com.ar\/principal\/2020\/12\/04\/coronavirus-seis-nuevos-positivos-en-mercedes\/","url_meta":{"origin":130866,"position":4},"title":"Coronavirus: Seis nuevos positivos en Mercedes","author":"hoymercedes","date":"4 diciembre, 2020","format":false,"excerpt":"El informe sanitario local confirma 6 nuevos positivos de covid-19, llegando a 1717 pacientes que transitaron la enfermedad desde que la pandemia lleg\u00f3 a Mercedes. Asimismo, la informaci\u00f3n oficial da cuenta del alta m\u00e9dica de 8 pacientes.","rel":"","context":"En \u00abSalud\u00bb","block_context":{"text":"Salud","link":"https:\/\/www.hoymercedes.com.ar\/principal\/category\/salud\/"},"img":{"alt_text":"","src":"https:\/\/i0.wp.com\/www.hoymercedes.com.ar\/principal\/wp-content\/uploads\/2020\/12\/WhatsApp-Image-2020-12-04-at-21.32.08.jpeg?resize=350%2C200&ssl=1","width":350,"height":200,"srcset":"https:\/\/i0.wp.com\/www.hoymercedes.com.ar\/principal\/wp-content\/uploads\/2020\/12\/WhatsApp-Image-2020-12-04-at-21.32.08.jpeg?resize=350%2C200&ssl=1 1x, https:\/\/i0.wp.com\/www.hoymercedes.com.ar\/principal\/wp-content\/uploads\/2020\/12\/WhatsApp-Image-2020-12-04-at-21.32.08.jpeg?resize=525%2C300&ssl=1 1.5x, https:\/\/i0.wp.com\/www.hoymercedes.com.ar\/principal\/wp-content\/uploads\/2020\/12\/WhatsApp-Image-2020-12-04-at-21.32.08.jpeg?resize=700%2C400&ssl=1 2x"},"classes":[]},{"id":122757,"url":"https:\/\/www.hoymercedes.com.ar\/principal\/2021\/01\/01\/con-los-20-confirmados-del-miercoles-mercedes-supera-los-2000-contagiados-de-covid-19\/","url_meta":{"origin":130866,"position":5},"title":"Con los 20 confirmados del jueves, Mercedes supera los 2000 contagiados de covid-19","author":"hoymercedes","date":"1 enero, 2021","format":false,"excerpt":"La suma total oficial de pacientes que transitan y transitaron el covid-19 en Mercedes alcanz\u00f3 los 2012. En el \u00faltimo d\u00eda del a\u00f1o, fueron 20 los confirmados con la enfermedad que preocupa del mundo, tras 109 test realizados en el d\u00eda de la fecha. Asimismo, informan que 10 pacienetes recibieron\u2026","rel":"","context":"En \u00abSalud\u00bb","block_context":{"text":"Salud","link":"https:\/\/www.hoymercedes.com.ar\/principal\/category\/salud\/"},"img":{"alt_text":"","src":"https:\/\/i0.wp.com\/www.hoymercedes.com.ar\/principal\/wp-content\/uploads\/2021\/01\/WhatsApp-Image-2020-12-31-at-21.23.40.jpeg?resize=350%2C200&ssl=1","width":350,"height":200,"srcset":"https:\/\/i0.wp.com\/www.hoymercedes.com.ar\/principal\/wp-content\/uploads\/2021\/01\/WhatsApp-Image-2020-12-31-at-21.23.40.jpeg?resize=350%2C200&ssl=1 1x, https:\/\/i0.wp.com\/www.hoymercedes.com.ar\/principal\/wp-content\/uploads\/2021\/01\/WhatsApp-Image-2020-12-31-at-21.23.40.jpeg?resize=525%2C300&ssl=1 1.5x, https:\/\/i0.wp.com\/www.hoymercedes.com.ar\/principal\/wp-content\/uploads\/2021\/01\/WhatsApp-Image-2020-12-31-at-21.23.40.jpeg?resize=700%2C400&ssl=1 2x"},"classes":[]}],"_links":{"self":[{"href":"https:\/\/www.hoymercedes.com.ar\/principal\/wp-json\/wp\/v2\/posts\/130866","targetHints":{"allow":["GET"]}}],"collection":[{"href":"https:\/\/www.hoymercedes.com.ar\/principal\/wp-json\/wp\/v2\/posts"}],"about":[{"href":"https:\/\/www.hoymercedes.com.ar\/principal\/wp-json\/wp\/v2\/types\/post"}],"author":[{"embeddable":true,"href":"https:\/\/www.hoymercedes.com.ar\/principal\/wp-json\/wp\/v2\/users\/1"}],"replies":[{"embeddable":true,"href":"https:\/\/www.hoymercedes.com.ar\/principal\/wp-json\/wp\/v2\/comments?post=130866"}],"version-history":[{"count":0,"href":"https:\/\/www.hoymercedes.com.ar\/principal\/wp-json\/wp\/v2\/posts\/130866\/revisions"}],"wp:featuredmedia":[{"embeddable":true,"href":"https:\/\/www.hoymercedes.com.ar\/principal\/wp-json\/wp\/v2\/media\/111591"}],"wp:attachment":[{"href":"https:\/\/www.hoymercedes.com.ar\/principal\/wp-json\/wp\/v2\/media?parent=130866"}],"wp:term":[{"taxonomy":"category","embeddable":true,"href":"https:\/\/www.hoymercedes.com.ar\/principal\/wp-json\/wp\/v2\/categories?post=130866"},{"taxonomy":"post_tag","embeddable":true,"href":"https:\/\/www.hoymercedes.com.ar\/principal\/wp-json\/wp\/v2\/tags?post=130866"}],"curies":[{"name":"wp","href":"https:\/\/api.w.org\/{rel}","templated":true}]}}