{"id":130868,"date":"2021-05-28T15:51:02","date_gmt":"2021-05-28T18:51:02","guid":{"rendered":"http:\/\/www.hoymercedes.com.ar\/principal\/?p=130868"},"modified":"2021-06-01T18:43:28","modified_gmt":"2021-06-01T21:43:28","slug":"mercedes-incluida-121-municipios-estaran-en-fase-2","status":"publish","type":"post","link":"https:\/\/www.hoymercedes.com.ar\/principal\/2021\/05\/28\/mercedes-incluida-121-municipios-estaran-en-fase-2\/","title":{"rendered":"Mercedes incluida: 121 municipios estar\u00e1n en fase 2"},"content":{"rendered":"\n<p>A trav\u00e9s de una conferencia de prensa, el jefe de Gabinete de Ministros de la Provincia, Carlos Bianco, y el ministro de Salud, Daniel Gollan, presentaron la situaci\u00f3n epidemiol\u00f3gica y sanitaria y el estado del sistema de fases de aislamiento y distanciamiento social, preventivo y obligatorio en el territorio provincial. 121 municipios se encuentran en fase 2, 13 en fase 3 y uno en fase 4.\u00a0Confirmaron que la ciudad de Mercedes pasa a fase 2 desde el lunes 31 de mayo. <\/p>\n\n\n\n<div class=\"wp-block-image\"><figure class=\"aligncenter size-large\"><img loading=\"lazy\" decoding=\"async\" width=\"800\" height=\"450\" data-attachment-id=\"130878\" data-permalink=\"https:\/\/www.hoymercedes.com.ar\/principal\/2021-05-28-fases\/\" data-orig-file=\"https:\/\/www.hoymercedes.com.ar\/principal\/wp-content\/uploads\/2021\/05\/2021-05-28-fases.png\" data-orig-size=\"800,450\" data-comments-opened=\"0\" data-image-meta=\"{&quot;aperture&quot;:&quot;0&quot;,&quot;credit&quot;:&quot;&quot;,&quot;camera&quot;:&quot;&quot;,&quot;caption&quot;:&quot;&quot;,&quot;created_timestamp&quot;:&quot;0&quot;,&quot;copyright&quot;:&quot;&quot;,&quot;focal_length&quot;:&quot;0&quot;,&quot;iso&quot;:&quot;0&quot;,&quot;shutter_speed&quot;:&quot;0&quot;,&quot;title&quot;:&quot;&quot;,&quot;orientation&quot;:&quot;0&quot;}\" data-image-title=\"2021-05-28 fases\" data-image-description=\"\" data-image-caption=\"\" data-large-file=\"https:\/\/www.hoymercedes.com.ar\/principal\/wp-content\/uploads\/2021\/05\/2021-05-28-fases.png\" src=\"https:\/\/www.hoymercedes.com.ar\/principal\/wp-content\/uploads\/2021\/05\/2021-05-28-fases.png\" alt=\"\" class=\"wp-image-130878\" srcset=\"https:\/\/www.hoymercedes.com.ar\/principal\/wp-content\/uploads\/2021\/05\/2021-05-28-fases.png 800w, https:\/\/www.hoymercedes.com.ar\/principal\/wp-content\/uploads\/2021\/05\/2021-05-28-fases-630x354.png 630w, https:\/\/www.hoymercedes.com.ar\/principal\/wp-content\/uploads\/2021\/05\/2021-05-28-fases-150x84.png 150w\" sizes=\"auto, (max-width: 800px) 100vw, 800px\" \/><\/figure><\/div>\n\n\n\n<p>Carlos Bianco expuso la situaci\u00f3n del esquema de fases en la provincia: 121 municipios se encuentran en fase 2 (son 55 los que se agregaron, entre ellos las ciudad de Mercedes &#8211; ver listado), 13 en fase 3 (ver listado) y uno en fase 4 (San Cayetano). Con respecto a las medidas adoptadas, el Jefe de Gabinete se\u00f1al\u00f3: \u201cEl Gobernador dio la clara instrucci\u00f3n de que cuando aumentan los casos hay que controlar la circulaci\u00f3n para evitar muertes\u201d. <\/p>\n\n\n\n<p>En este sentido, Bianco sostuvo que el Gobierno provincial est\u00e1 haciendo controles intermitentes en distintos puntos de la provincia de Buenos Aires, en conjunto con otras jurisdicciones, y se\u00f1al\u00f3 que \u201chubo una ca\u00edda muy importante de la circulaci\u00f3n, que era el objetivo del Gobierno nacional, el provincial y los municipales. En la zona del AMBA, que incluye a la Ciudad Aut\u00f3noma de Buenos Aires, hubo una ca\u00edda del 53% en el flujo de pasajeros de colectivos y de un 57% en los trenes\u201d. <\/p>\n\n\n\n<div class=\"wp-block-image\"><figure class=\"aligncenter size-large\"><img loading=\"lazy\" decoding=\"async\" width=\"800\" height=\"450\" data-attachment-id=\"130875\" data-permalink=\"https:\/\/www.hoymercedes.com.ar\/principal\/2021-05-28-fase-2-1\/\" data-orig-file=\"https:\/\/www.hoymercedes.com.ar\/principal\/wp-content\/uploads\/2021\/05\/2021-05-28-fase-2-1.png\" data-orig-size=\"800,450\" data-comments-opened=\"0\" data-image-meta=\"{&quot;aperture&quot;:&quot;0&quot;,&quot;credit&quot;:&quot;&quot;,&quot;camera&quot;:&quot;&quot;,&quot;caption&quot;:&quot;&quot;,&quot;created_timestamp&quot;:&quot;0&quot;,&quot;copyright&quot;:&quot;&quot;,&quot;focal_length&quot;:&quot;0&quot;,&quot;iso&quot;:&quot;0&quot;,&quot;shutter_speed&quot;:&quot;0&quot;,&quot;title&quot;:&quot;&quot;,&quot;orientation&quot;:&quot;0&quot;}\" data-image-title=\"2021-05-28 fase 2 1\" data-image-description=\"\" data-image-caption=\"\" data-large-file=\"https:\/\/www.hoymercedes.com.ar\/principal\/wp-content\/uploads\/2021\/05\/2021-05-28-fase-2-1.png\" src=\"https:\/\/www.hoymercedes.com.ar\/principal\/wp-content\/uploads\/2021\/05\/2021-05-28-fase-2-1.png\" alt=\"\" class=\"wp-image-130875\" srcset=\"https:\/\/www.hoymercedes.com.ar\/principal\/wp-content\/uploads\/2021\/05\/2021-05-28-fase-2-1.png 800w, https:\/\/www.hoymercedes.com.ar\/principal\/wp-content\/uploads\/2021\/05\/2021-05-28-fase-2-1-630x354.png 630w, https:\/\/www.hoymercedes.com.ar\/principal\/wp-content\/uploads\/2021\/05\/2021-05-28-fase-2-1-150x84.png 150w\" sizes=\"auto, (max-width: 800px) 100vw, 800px\" \/><\/figure><\/div>\n\n\n\n<figure class=\"wp-block-image size-large\"><img loading=\"lazy\" decoding=\"async\" width=\"800\" height=\"450\" data-attachment-id=\"130876\" data-permalink=\"https:\/\/www.hoymercedes.com.ar\/principal\/2021-05-28-fase-2-2\/\" data-orig-file=\"https:\/\/www.hoymercedes.com.ar\/principal\/wp-content\/uploads\/2021\/05\/2021-05-28-fase-2-2.png\" data-orig-size=\"800,450\" data-comments-opened=\"0\" data-image-meta=\"{&quot;aperture&quot;:&quot;0&quot;,&quot;credit&quot;:&quot;&quot;,&quot;camera&quot;:&quot;&quot;,&quot;caption&quot;:&quot;&quot;,&quot;created_timestamp&quot;:&quot;0&quot;,&quot;copyright&quot;:&quot;&quot;,&quot;focal_length&quot;:&quot;0&quot;,&quot;iso&quot;:&quot;0&quot;,&quot;shutter_speed&quot;:&quot;0&quot;,&quot;title&quot;:&quot;&quot;,&quot;orientation&quot;:&quot;0&quot;}\" data-image-title=\"2021-05-28 fase 2 2\" data-image-description=\"\" data-image-caption=\"\" data-large-file=\"https:\/\/www.hoymercedes.com.ar\/principal\/wp-content\/uploads\/2021\/05\/2021-05-28-fase-2-2.png\" src=\"https:\/\/www.hoymercedes.com.ar\/principal\/wp-content\/uploads\/2021\/05\/2021-05-28-fase-2-2.png\" alt=\"\" class=\"wp-image-130876\" srcset=\"https:\/\/www.hoymercedes.com.ar\/principal\/wp-content\/uploads\/2021\/05\/2021-05-28-fase-2-2.png 800w, https:\/\/www.hoymercedes.com.ar\/principal\/wp-content\/uploads\/2021\/05\/2021-05-28-fase-2-2-630x354.png 630w, https:\/\/www.hoymercedes.com.ar\/principal\/wp-content\/uploads\/2021\/05\/2021-05-28-fase-2-2-150x84.png 150w\" sizes=\"auto, (max-width: 800px) 100vw, 800px\" \/><\/figure>\n\n\n\n<div class=\"wp-block-image\"><figure class=\"aligncenter size-large\"><img loading=\"lazy\" decoding=\"async\" width=\"800\" height=\"450\" data-attachment-id=\"130877\" data-permalink=\"https:\/\/www.hoymercedes.com.ar\/principal\/2021-05-28-fase-3\/\" data-orig-file=\"https:\/\/www.hoymercedes.com.ar\/principal\/wp-content\/uploads\/2021\/05\/2021-05-28-fase-3.png\" data-orig-size=\"800,450\" data-comments-opened=\"0\" data-image-meta=\"{&quot;aperture&quot;:&quot;0&quot;,&quot;credit&quot;:&quot;&quot;,&quot;camera&quot;:&quot;&quot;,&quot;caption&quot;:&quot;&quot;,&quot;created_timestamp&quot;:&quot;0&quot;,&quot;copyright&quot;:&quot;&quot;,&quot;focal_length&quot;:&quot;0&quot;,&quot;iso&quot;:&quot;0&quot;,&quot;shutter_speed&quot;:&quot;0&quot;,&quot;title&quot;:&quot;&quot;,&quot;orientation&quot;:&quot;0&quot;}\" data-image-title=\"2021-05-28 fase 3\" data-image-description=\"\" data-image-caption=\"\" data-large-file=\"https:\/\/www.hoymercedes.com.ar\/principal\/wp-content\/uploads\/2021\/05\/2021-05-28-fase-3.png\" src=\"https:\/\/www.hoymercedes.com.ar\/principal\/wp-content\/uploads\/2021\/05\/2021-05-28-fase-3.png\" alt=\"\" class=\"wp-image-130877\" srcset=\"https:\/\/www.hoymercedes.com.ar\/principal\/wp-content\/uploads\/2021\/05\/2021-05-28-fase-3.png 800w, https:\/\/www.hoymercedes.com.ar\/principal\/wp-content\/uploads\/2021\/05\/2021-05-28-fase-3-630x354.png 630w, https:\/\/www.hoymercedes.com.ar\/principal\/wp-content\/uploads\/2021\/05\/2021-05-28-fase-3-150x84.png 150w\" sizes=\"auto, (max-width: 800px) 100vw, 800px\" \/><\/figure><\/div>\n\n\n\n<p>\u201cLas medidas de restricci\u00f3n a la circulaci\u00f3n que se implementaron dieron un resultado excelente, lo que necesitamos ahora es ver esa disminuci\u00f3n reflejada en los n\u00fameros de contagios\u201d, agreg\u00f3 Bianco.<br><br>Finalmente, el Jefe de Gabinete afirm\u00f3: \u201cTenemos que hacer un esfuerzo m\u00e1s mientras avanzamos con nuestro compromiso de vacunar a todo vapor. Estamos incrementando la capacidad de nuestros vacunatorios y estamos muy cerca de poder dar una respuesta definitiva a la pandemia, por eso les pedimos un esfuerzo m\u00e1s a las y los bonaerenses. Sabemos que desde el comienzo de la pandemia el pueblo bonaerense fue un ejemplo de comportamiento en el marco de esta enfermedad tan grave y tan contagiosa como el COVID-19. Sigamos siendo solidarios mientras avanzamos con el plan de vacunaci\u00f3n\u201d.\u00a0<\/p>\n\n\n\n<p>Restricciones provinciales para los Municipio en fase 2: <br>&#8211; Eventos religiosos en espacios p\u00fablicos al aire libre con concurrencia m\u00e1xima: Hasta 20 personas<br>&#8211; Eventos culturales, sociales, recreativos en espacios p\u00fablicos al aire libre con concurrencia m\u00e1xima: Hasta 10 personas. <br>&#8211; NO competencias oficiales regionales y provinciales, de deportes en lugares cerrados y\/o en<br>espacios al aire libre (Decreto Nacional N\u00b0 287\/21)<br>&#8211; NO venta al por menor de productos textiles, prendas de vestir, calzado y juguetes en comercios de cercan\u00eda <strong>con ingreso de clientes<\/strong>.<br>&#8211; NO venta al por menor de otros rubros en comercios de cercan\u00eda<strong> con ingreso de clientes<\/strong>. <br>&#8211; NO pr\u00e1ctica recreativa de deportes grupales de contacto al aire libre. <br>&#8211; NO talleres culturales (Hasta 20 personas, al aire libre o en espacios cerrados con amplia<br>ventilaci\u00f3n natural)<br>&#8211; NO Jardines Maternales y Centros de Atenci\u00f3n de Desarrollo Infantil (CADI)<br>&#8211; <strong>NO Clases presenciales y las actividades educativas no escolares presenciales en todos los niveles y en todas sus modalidades, salvo educaci\u00f3n especial que estar\u00e1 habilitada en todas las fases (Conforme Decreto Nacional N\u00b0 287\/21).<\/strong><br>&#8211; NO Artes esc\u00e9nicas y musicales (con y sin asistencia de espectadores)<br>&#8211; NO Restaurantes y bares en el interior con aforo<br>&#8211; NO Shoppings (solo locales comerciales, sin patio de comidas ni espacios recreativos)<br>&#8211; NO Museos<br>&#8211; NO Pr\u00e1ctica de deportes en espacios cerrados<br>&#8211; NO Celebraci\u00f3n de ritos religiosos en espacios cerrados con ventilaci\u00f3n natural<br>&#8211; NO Actividades sociales y familiares hasta 20 personas en espacios p\u00fablicos al aire libre<br>&#8211; NO Salas y los complejos cinematogr\u00e1ficos<br>&#8211; NO Actividades y reuniones sociales en domicilios particulares hasta 10 personas, salvo para la asistencia de personas que requieran especiales cuidados<br>&#8211; NO Gimnasios en espacios cerrados con amplia ventilaci\u00f3n natural<br>&#8211; NO Natatorios en espacios cerrados<br>&#8211; NO Actividad en Casinos y Bingos<br>&#8211; NO Bibliotecas<br>&#8211; NO Mercados y ferias de artesan\u00edas o alimentos en espacios cerrados<br>&#8211; NO Actividades deportivas colectivas con o sin contacto, al aire libre o en espacios con amplia ventilaci\u00f3n natural, m\u00e1s de 10 personas<br>&#8211; NO Discotecas, salones de fiestas y establecimientos afines<br>&#8211; NO Actividades y reuniones sociales en domicilios particulares de m\u00e1s de (10) personas, excepto para la asistencia de personas que requieran especiales cuidados<br>&#8211; NO Viajes Grupales de Egresados y Egresadas, de Jubilados y Jubiladas, de Estudio, para Competencias deportivas no oficiales; de grupos tur\u00edsticos y de grupos para la realizaci\u00f3n de actividades recreativas y sociales<br>&#8211; <strong>Restricci\u00f3n horaria para actividad comercial en general: 19:00 a 06:00 horas. <br>&#8211; Restricci\u00f3n horaria para actividad de bares y restaurantes: 19:00 a 06:00 horas. <br>&#8211; Restricci\u00f3n horaria para circulaci\u00f3n de personas y actividades no esenciales: 20:00 a 06:00 horas. <\/strong><br><br>Para ver las restricciones de cada fase ver: <\/p>\n\n\n\n<div class=\"wp-block-file\"><a href=\"https:\/\/www.hoymercedes.com.ar\/principal\/wp-content\/uploads\/2021\/05\/Listado-de-actividades-por-fases.pdf\">Listado de actividades por fases<\/a><a href=\"https:\/\/www.hoymercedes.com.ar\/principal\/wp-content\/uploads\/2021\/05\/Listado-de-actividades-por-fases.pdf\" class=\"wp-block-file__button\" download>Descarga<\/a><\/div>\n","protected":false},"excerpt":{"rendered":"<p>A trav\u00e9s de una conferencia de prensa, el jefe de Gabinete de Ministros de la Provincia, Carlos Bianco, y el &#8230; <a title=\"Mercedes incluida: 121 municipios estar\u00e1n en fase 2\" class=\"read-more\" href=\"https:\/\/www.hoymercedes.com.ar\/principal\/2021\/05\/28\/mercedes-incluida-121-municipios-estaran-en-fase-2\/\" aria-label=\"Leer m\u00e1s sobre Mercedes incluida: 121 municipios estar\u00e1n en fase 2\">Leer m\u00e1s<\/a><\/p>\n","protected":false},"author":1,"featured_media":130878,"comment_status":"closed","ping_status":"open","sticky":false,"template":"","format":"standard","meta":{"_monsterinsights_skip_tracking":false,"_monsterinsights_sitenote_active":false,"_monsterinsights_sitenote_note":"","_monsterinsights_sitenote_category":0,"jetpack_post_was_ever_published":false,"_jetpack_newsletter_access":"","_jetpack_dont_email_post_to_subs":false,"_jetpack_newsletter_tier_id":0,"_jetpack_memberships_contains_paywalled_content":false,"_jetpack_memberships_contains_paid_content":false,"footnotes":"","jetpack_publicize_message":"","jetpack_publicize_feature_enabled":true,"jetpack_social_post_already_shared":true,"jetpack_social_options":{"image_generator_settings":{"template":"highway","default_image_id":0,"font":"","enabled":false},"version":2},"_wpas_customize_per_network":false},"categories":[8881],"tags":[1803,16771],"class_list":["post-130868","post","type-post","status-publish","format-standard","has-post-thumbnail","hentry","category-provincia","tag-provincia","tag-situacion-epidemiologica","generate-columns","tablet-grid-50","mobile-grid-100","grid-parent","grid-50"],"jetpack_publicize_connections":[],"jetpack_featured_media_url":"https:\/\/www.hoymercedes.com.ar\/principal\/wp-content\/uploads\/2021\/05\/2021-05-28-fases.png","wps_subtitle":"Situaci\u00f3n epidemiol\u00f3gica","jetpack_sharing_enabled":true,"jetpack-related-posts":[{"id":132226,"url":"https:\/\/www.hoymercedes.com.ar\/principal\/2021\/06\/22\/provincia-anuncio-que-diez-localidades-pasaron-a-fase-3\/","url_meta":{"origin":130868,"position":0},"title":"Provincia anunci\u00f3 que diez localidades pasaron a fase 3. Mercedes sigue en fase 2","author":"hoymercedes","date":"22 junio, 2021","format":false,"excerpt":"En el marco de una conferencia de prensa brindada por autoridades de la provincia de Buenos Aires en la ma\u00f1ana del martes 22 de junio, se anunci\u00f3 cambios en el sistema de fases. El Jefe de Gabinete Carlos Bianco destac\u00f3 los distritos que cambiaron de fase de acuerdo a la\u2026","rel":"","context":"En \u00abProvincia\u00bb","block_context":{"text":"Provincia","link":"https:\/\/www.hoymercedes.com.ar\/principal\/category\/provincia\/"},"img":{"alt_text":"","src":"https:\/\/i0.wp.com\/www.hoymercedes.com.ar\/principal\/wp-content\/uploads\/2021\/06\/2021-06-22-2.png?resize=350%2C200&ssl=1","width":350,"height":200,"srcset":"https:\/\/i0.wp.com\/www.hoymercedes.com.ar\/principal\/wp-content\/uploads\/2021\/06\/2021-06-22-2.png?resize=350%2C200&ssl=1 1x, https:\/\/i0.wp.com\/www.hoymercedes.com.ar\/principal\/wp-content\/uploads\/2021\/06\/2021-06-22-2.png?resize=525%2C300&ssl=1 1.5x"},"classes":[]},{"id":123193,"url":"https:\/\/www.hoymercedes.com.ar\/principal\/2021\/01\/12\/anuncio-de-provincia-mercedes-permanece-en-la-fase-4\/","url_meta":{"origin":130868,"position":1},"title":"Anuncio de Provincia: Mercedes permanece en la Fase 4","author":"hoymercedes","date":"12 enero, 2021","format":false,"excerpt":"El gobernador Axel Kicillof encabez\u00f3 una reuni\u00f3n con intendentes y una conferencia de prensa en la que abord\u00f3 la situaci\u00f3n epidemiol\u00f3gica y explic\u00f3 las medidas adoptadas por el Gobierno provincial para controlar el crecimiento de casos en el territorio bonaerense. Kicillof afirm\u00f3 que \u201cla enorme mayor\u00eda est\u00e1 cumpliendo las reglas,\u2026","rel":"","context":"En \u00abProvincia\u00bb","block_context":{"text":"Provincia","link":"https:\/\/www.hoymercedes.com.ar\/principal\/category\/provincia\/"},"img":{"alt_text":"","src":"https:\/\/i0.wp.com\/www.hoymercedes.com.ar\/principal\/wp-content\/uploads\/2021\/01\/descarga-1.png?resize=350%2C200&ssl=1","width":350,"height":200,"srcset":"https:\/\/i0.wp.com\/www.hoymercedes.com.ar\/principal\/wp-content\/uploads\/2021\/01\/descarga-1.png?resize=350%2C200&ssl=1 1x, https:\/\/i0.wp.com\/www.hoymercedes.com.ar\/principal\/wp-content\/uploads\/2021\/01\/descarga-1.png?resize=525%2C300&ssl=1 1.5x, https:\/\/i0.wp.com\/www.hoymercedes.com.ar\/principal\/wp-content\/uploads\/2021\/01\/descarga-1.png?resize=700%2C400&ssl=1 2x"},"classes":[]},{"id":129078,"url":"https:\/\/www.hoymercedes.com.ar\/principal\/2021\/04\/27\/provincia-pide-bajar-la-curva-de-contagio-para-evitar-el-colapso-sanitario\/","url_meta":{"origin":130868,"position":2},"title":"Provincia pide bajar la curva de contagio para evitar el colapso sanitario","author":"hoymercedes","date":"27 abril, 2021","format":false,"excerpt":"Informe PBA - El jefe de Gabinete de Ministros de la Provincia, Carlos Bianco, y el ministro de Salud, Daniel Gollan, expusieron hoy la actualizaci\u00f3n de la situaci\u00f3n epidemiol\u00f3gica y sanitaria y el estado del esquema de fases de aislamiento y distanciamiento social, preventivo y obligatorio en el territorio bonaerense.\u00a0Entre\u2026","rel":"","context":"En \u00abProvincia\u00bb","block_context":{"text":"Provincia","link":"https:\/\/www.hoymercedes.com.ar\/principal\/category\/provincia\/"},"img":{"alt_text":"","src":"https:\/\/i0.wp.com\/www.hoymercedes.com.ar\/principal\/wp-content\/uploads\/2021\/04\/TW2.jpg?resize=350%2C200&ssl=1","width":350,"height":200,"srcset":"https:\/\/i0.wp.com\/www.hoymercedes.com.ar\/principal\/wp-content\/uploads\/2021\/04\/TW2.jpg?resize=350%2C200&ssl=1 1x, https:\/\/i0.wp.com\/www.hoymercedes.com.ar\/principal\/wp-content\/uploads\/2021\/04\/TW2.jpg?resize=525%2C300&ssl=1 1.5x, https:\/\/i0.wp.com\/www.hoymercedes.com.ar\/principal\/wp-content\/uploads\/2021\/04\/TW2.jpg?resize=700%2C400&ssl=1 2x"},"classes":[]},{"id":130307,"url":"https:\/\/www.hoymercedes.com.ar\/principal\/2021\/05\/18\/aumento-el-35-el-promedio-diario-de-casos\/","url_meta":{"origin":130868,"position":3},"title":"Aument\u00f3 el 3,5% el promedio diario de casos","author":"hoymercedes","date":"18 mayo, 2021","format":false,"excerpt":"El jefe de Gabinete de Ministros de la Provincia, Carlos Bianco, y el ministro de Salud, Daniel Gollan, brindaron en conferencia de prensa detalles sobre la situaci\u00f3n epidemiol\u00f3gica y sanitaria y el estado del esquema de fases de aislamiento y distanciamiento social, preventivo y obligatorio en los 135 municipios bonaerenses.\u2026","rel":"","context":"En \u00abProvincia\u00bb","block_context":{"text":"Provincia","link":"https:\/\/www.hoymercedes.com.ar\/principal\/category\/provincia\/"},"img":{"alt_text":"","src":"https:\/\/i0.wp.com\/www.hoymercedes.com.ar\/principal\/wp-content\/uploads\/2021\/05\/7.jpg?resize=350%2C200&ssl=1","width":350,"height":200,"srcset":"https:\/\/i0.wp.com\/www.hoymercedes.com.ar\/principal\/wp-content\/uploads\/2021\/05\/7.jpg?resize=350%2C200&ssl=1 1x, https:\/\/i0.wp.com\/www.hoymercedes.com.ar\/principal\/wp-content\/uploads\/2021\/05\/7.jpg?resize=525%2C300&ssl=1 1.5x, https:\/\/i0.wp.com\/www.hoymercedes.com.ar\/principal\/wp-content\/uploads\/2021\/05\/7.jpg?resize=700%2C400&ssl=1 2x"},"classes":[]},{"id":112049,"url":"https:\/\/www.hoymercedes.com.ar\/principal\/2020\/06\/11\/provincia-en-que-fase-esta-cada-municipio-bonaerense\/","url_meta":{"origin":130868,"position":4},"title":"Provincia: en qu\u00e9 fase est\u00e1 cada municipio bonaerense","author":"hoymercedes","date":"11 junio, 2020","format":false,"excerpt":"El Gobierno de la provincia de Buenos Aires difundi\u00f3 un documento en el que confirma en qu\u00e9 fase est\u00e1 cada uno de los 135 municipios bonaerenses. Mercedes contin\u00faa en la fase 4. El esquema elaborado por el gobierno que conduce Axel Kicillof, posibilita habilitar o no actividades seg\u00fan la circulaci\u00f3n\u2026","rel":"","context":"En \u00abProvincia\u00bb","block_context":{"text":"Provincia","link":"https:\/\/www.hoymercedes.com.ar\/principal\/category\/provincia\/"},"img":{"alt_text":"","src":"https:\/\/i0.wp.com\/www.hoymercedes.com.ar\/principal\/wp-content\/uploads\/2020\/03\/25-provincia.png?resize=350%2C200&ssl=1","width":350,"height":200,"srcset":"https:\/\/i0.wp.com\/www.hoymercedes.com.ar\/principal\/wp-content\/uploads\/2020\/03\/25-provincia.png?resize=350%2C200&ssl=1 1x, https:\/\/i0.wp.com\/www.hoymercedes.com.ar\/principal\/wp-content\/uploads\/2020\/03\/25-provincia.png?resize=525%2C300&ssl=1 1.5x, https:\/\/i0.wp.com\/www.hoymercedes.com.ar\/principal\/wp-content\/uploads\/2020\/03\/25-provincia.png?resize=700%2C400&ssl=1 2x"},"classes":[]},{"id":115288,"url":"https:\/\/www.hoymercedes.com.ar\/principal\/2020\/08\/18\/presentaron-el-estado-de-situacion-epidemiologica-y-el-esquema-de-fases-en-la-provincia\/","url_meta":{"origin":130868,"position":5},"title":"Presentaron el estado de situaci\u00f3n epidemiol\u00f3gica y el esquema de fases en la provincia","author":"hoymercedes","date":"18 agosto, 2020","format":false,"excerpt":"El jefe de Gabinete, Carlos Bianco, y el ministro de Salud, Daniel Gollan, brindaron en conferencia prensa el informe peri\u00f3dico sobre la situaci\u00f3n sanitaria y epidemiol\u00f3gica en la provincia de Buenos Aires y el esquema de fases de aislamiento y distanciamiento social, preventivo y obligatorio en los distritos bonaerenses, en\u2026","rel":"","context":"En \u00abProvincia\u00bb","block_context":{"text":"Provincia","link":"https:\/\/www.hoymercedes.com.ar\/principal\/category\/provincia\/"},"img":{"alt_text":"","src":"https:\/\/i0.wp.com\/www.hoymercedes.com.ar\/principal\/wp-content\/uploads\/2020\/08\/18-provinc-fases.jpg?resize=350%2C200&ssl=1","width":350,"height":200,"srcset":"https:\/\/i0.wp.com\/www.hoymercedes.com.ar\/principal\/wp-content\/uploads\/2020\/08\/18-provinc-fases.jpg?resize=350%2C200&ssl=1 1x, https:\/\/i0.wp.com\/www.hoymercedes.com.ar\/principal\/wp-content\/uploads\/2020\/08\/18-provinc-fases.jpg?resize=525%2C300&ssl=1 1.5x, https:\/\/i0.wp.com\/www.hoymercedes.com.ar\/principal\/wp-content\/uploads\/2020\/08\/18-provinc-fases.jpg?resize=700%2C400&ssl=1 2x"},"classes":[]}],"_links":{"self":[{"href":"https:\/\/www.hoymercedes.com.ar\/principal\/wp-json\/wp\/v2\/posts\/130868","targetHints":{"allow":["GET"]}}],"collection":[{"href":"https:\/\/www.hoymercedes.com.ar\/principal\/wp-json\/wp\/v2\/posts"}],"about":[{"href":"https:\/\/www.hoymercedes.com.ar\/principal\/wp-json\/wp\/v2\/types\/post"}],"author":[{"embeddable":true,"href":"https:\/\/www.hoymercedes.com.ar\/principal\/wp-json\/wp\/v2\/users\/1"}],"replies":[{"embeddable":true,"href":"https:\/\/www.hoymercedes.com.ar\/principal\/wp-json\/wp\/v2\/comments?post=130868"}],"version-history":[{"count":0,"href":"https:\/\/www.hoymercedes.com.ar\/principal\/wp-json\/wp\/v2\/posts\/130868\/revisions"}],"wp:featuredmedia":[{"embeddable":true,"href":"https:\/\/www.hoymercedes.com.ar\/principal\/wp-json\/wp\/v2\/media\/130878"}],"wp:attachment":[{"href":"https:\/\/www.hoymercedes.com.ar\/principal\/wp-json\/wp\/v2\/media?parent=130868"}],"wp:term":[{"taxonomy":"category","embeddable":true,"href":"https:\/\/www.hoymercedes.com.ar\/principal\/wp-json\/wp\/v2\/categories?post=130868"},{"taxonomy":"post_tag","embeddable":true,"href":"https:\/\/www.hoymercedes.com.ar\/principal\/wp-json\/wp\/v2\/tags?post=130868"}],"curies":[{"name":"wp","href":"https:\/\/api.w.org\/{rel}","templated":true}]}}