{"id":130871,"date":"2021-05-28T17:39:00","date_gmt":"2021-05-28T20:39:00","guid":{"rendered":"http:\/\/www.hoymercedes.com.ar\/principal\/?p=130871"},"modified":"2021-06-01T18:42:11","modified_gmt":"2021-06-01T21:42:11","slug":"gollan-les-pedimos-que-se-sigan-anotando-en-el-plan-de-vacunacion","status":"publish","type":"post","link":"https:\/\/www.hoymercedes.com.ar\/principal\/2021\/05\/28\/gollan-les-pedimos-que-se-sigan-anotando-en-el-plan-de-vacunacion\/","title":{"rendered":"Gollan: \u201cLes pedimos que se sigan anotando en el plan de vacunaci\u00f3n\u201d"},"content":{"rendered":"\n<p><em><strong>El Ministro de Salud Bonaerenses Daniel Gollan, se refiri\u00f3 al ritmo de aumento de los casos y a las medidas de cuidado adoptadas para enfrentar la situaci\u00f3n. Lo hizo en la conferencia de prensa junto al Jefe de Gabinete de la provincia en la presentaci\u00f3n semanal del sistema de fases. <\/strong><\/em><\/p>\n\n\n\n<div class=\"wp-block-image\"><figure class=\"aligncenter size-large\"><img loading=\"lazy\" decoding=\"async\" width=\"800\" height=\"450\" data-attachment-id=\"130879\" data-permalink=\"https:\/\/www.hoymercedes.com.ar\/principal\/2-5-2\/\" data-orig-file=\"https:\/\/www.hoymercedes.com.ar\/principal\/wp-content\/uploads\/2021\/05\/2-5.jpg\" data-orig-size=\"800,450\" data-comments-opened=\"0\" data-image-meta=\"{&quot;aperture&quot;:&quot;0&quot;,&quot;credit&quot;:&quot;&quot;,&quot;camera&quot;:&quot;&quot;,&quot;caption&quot;:&quot;&quot;,&quot;created_timestamp&quot;:&quot;0&quot;,&quot;copyright&quot;:&quot;&quot;,&quot;focal_length&quot;:&quot;0&quot;,&quot;iso&quot;:&quot;0&quot;,&quot;shutter_speed&quot;:&quot;0&quot;,&quot;title&quot;:&quot;&quot;,&quot;orientation&quot;:&quot;0&quot;}\" data-image-title=\"2 (5)\" data-image-description=\"\" data-image-caption=\"\" data-large-file=\"https:\/\/www.hoymercedes.com.ar\/principal\/wp-content\/uploads\/2021\/05\/2-5.jpg\" src=\"https:\/\/www.hoymercedes.com.ar\/principal\/wp-content\/uploads\/2021\/05\/2-5.jpg\" alt=\"\" class=\"wp-image-130879\" srcset=\"https:\/\/www.hoymercedes.com.ar\/principal\/wp-content\/uploads\/2021\/05\/2-5.jpg 800w, https:\/\/www.hoymercedes.com.ar\/principal\/wp-content\/uploads\/2021\/05\/2-5-630x354.jpg 630w, https:\/\/www.hoymercedes.com.ar\/principal\/wp-content\/uploads\/2021\/05\/2-5-150x84.jpg 150w\" sizes=\"auto, (max-width: 800px) 100vw, 800px\" \/><\/figure><\/div>\n\n\n\n<p>El ministro Gollan destac\u00f3 que, pese al aumento de la cantidad de casos, el ritmo de crecimiento se ha venido desacelerando. Asimismo, aclar\u00f3 que los m\u00e1s de 41.000 casos reportados ayer no reflejan el impacto de las medidas que se implementaron a partir del s\u00e1bado 22 de mayo, sino que muestran la tendencia de lo que suced\u00eda con anterioridad a que fueran adoptadas. El titular de la cartera de Salud indic\u00f3 que en la \u00faltima semana el promedio diario de casos fue de 12.008 (frente a los 9.221 de la semana previa), con una velocidad de subida que es mayor en el interior que en los municipios bonaerenses que integran el \u00c1rea Metropolitana de Buenos Aires (AMBA).<\/p>\n\n\n\n<p>Con respecto al nivel de ocupaci\u00f3n de camas de terapia intensiva, Gollan afirm\u00f3 que \u201csigue siendo alto y preocupante\u201d, y agreg\u00f3 que a\u00fan restan unas dos semanas para que se verifique el impacto positivo de las nuevas medidas. En el AMBA, incluso con 400 camas de terapia intensiva m\u00e1s que en el pico de la pandemia del a\u00f1o pasado, la ocupaci\u00f3n se sit\u00faa en un 74,96%, con 1.649 pacientes internados por COVID-19. En el interior bonaerense, en tanto, el nivel de ocupaci\u00f3n sigue subiendo y llega al 63,35%, con 558 internados por COVID-19. El Ministro sostuvo que \u201chay un r\u00e9cord hist\u00f3rico de internados por COVID-19 en el interior de la provincia\u201d y que el sistema de derivaci\u00f3n funciona constantemente, \u201cporque muchas ciudades llegaron al 100% de la ocupaci\u00f3n y hay que comenzar a trabajar con las derivaciones a otros municipios\u201d.<\/p>\n\n\n\n<p>Gollan tambi\u00e9n se refiri\u00f3 al avance del plan Buenos Aires Vacunate, el cual lleva hasta la fecha 4.485.749 aplicaciones (de las cuales 3.557.207 corresponden al componente 1 y 928.542 al componente 2). El Ministro hizo un llamado a quienes a\u00fan no se inscribieron: \u201cLes pedimos que se sigan anotando en el plan de vacunaci\u00f3n, las vacunas son la \u00fanica manera de terminar con esta pesadilla\u201d. Asimismo, indic\u00f3 que en esta etapa el foco tambi\u00e9n est\u00e1 puesto en las embarazadas entre los grupos priorizados: \u201cLas nuevas cepas las convirtieron en un grupo de riesgo, por eso les pedimos que se registren como tales para poder ser vacunadas y evitar formas graves de la enfermedad\u201d.<\/p>\n\n\n\n<p>Fuente: gobierno PBA<\/p>\n","protected":false},"excerpt":{"rendered":"<p>El Ministro de Salud Bonaerenses Daniel Gollan, se refiri\u00f3 al ritmo de aumento de los casos y a las medidas &#8230; <a title=\"Gollan: \u201cLes pedimos que se sigan anotando en el plan de vacunaci\u00f3n\u201d\" class=\"read-more\" href=\"https:\/\/www.hoymercedes.com.ar\/principal\/2021\/05\/28\/gollan-les-pedimos-que-se-sigan-anotando-en-el-plan-de-vacunacion\/\" aria-label=\"Leer m\u00e1s sobre Gollan: \u201cLes pedimos que se sigan anotando en el plan de vacunaci\u00f3n\u201d\">Leer m\u00e1s<\/a><\/p>\n","protected":false},"author":1,"featured_media":130879,"comment_status":"closed","ping_status":"open","sticky":false,"template":"","format":"standard","meta":{"_monsterinsights_skip_tracking":false,"_monsterinsights_sitenote_active":false,"_monsterinsights_sitenote_note":"","_monsterinsights_sitenote_category":0,"jetpack_post_was_ever_published":false,"_jetpack_newsletter_access":"","_jetpack_dont_email_post_to_subs":false,"_jetpack_newsletter_tier_id":0,"_jetpack_memberships_contains_paywalled_content":false,"_jetpack_memberships_contains_paid_content":false,"footnotes":"","jetpack_publicize_message":"","jetpack_publicize_feature_enabled":true,"jetpack_social_post_already_shared":true,"jetpack_social_options":{"image_generator_settings":{"template":"highway","default_image_id":0,"font":"","enabled":false},"version":2},"_wpas_customize_per_network":false},"categories":[8881],"tags":[17827,17828,1803],"class_list":["post-130871","post","type-post","status-publish","format-standard","has-post-thumbnail","hentry","category-provincia","tag-gollan","tag-informe-epidemiologicos","tag-provincia","generate-columns","tablet-grid-50","mobile-grid-100","grid-parent","grid-50"],"jetpack_publicize_connections":[],"jetpack_featured_media_url":"https:\/\/www.hoymercedes.com.ar\/principal\/wp-content\/uploads\/2021\/05\/2-5.jpg","wps_subtitle":"Informe epidemiol\u00f3gico","jetpack_sharing_enabled":true,"jetpack-related-posts":[{"id":126346,"url":"https:\/\/www.hoymercedes.com.ar\/principal\/2021\/03\/16\/provincia-expreso-preocupacion-ante-aumento-de-cantidad-de-casos\/","url_meta":{"origin":130871,"position":0},"title":"Provincia expres\u00f3 preocupaci\u00f3n ante aumento de cantidad de casos","author":"hoymercedes","date":"16 marzo, 2021","format":false,"excerpt":"El jefe de Gabinete, Carlos Bianco, y el ministro de Salud, Daniel Gollan, brindaron detalles sobre la situaci\u00f3n epidemiol\u00f3gica y sanitaria en la provincia de Buenos Aires y el esquema de fases de aislamiento y distanciamiento social, preventivo y obligatorio en los 135 distritos bonaerenses. Los funcionarios instaron a reforzar\u2026","rel":"","context":"En \u00abProvincia\u00bb","block_context":{"text":"Provincia","link":"https:\/\/www.hoymercedes.com.ar\/principal\/category\/provincia\/"},"img":{"alt_text":"","src":"https:\/\/i0.wp.com\/www.hoymercedes.com.ar\/principal\/wp-content\/uploads\/2021\/03\/2021_03_16_CB_Conferencia-de-prensa-SaludSGE_1568.jpg?resize=350%2C200&ssl=1","width":350,"height":200,"srcset":"https:\/\/i0.wp.com\/www.hoymercedes.com.ar\/principal\/wp-content\/uploads\/2021\/03\/2021_03_16_CB_Conferencia-de-prensa-SaludSGE_1568.jpg?resize=350%2C200&ssl=1 1x, https:\/\/i0.wp.com\/www.hoymercedes.com.ar\/principal\/wp-content\/uploads\/2021\/03\/2021_03_16_CB_Conferencia-de-prensa-SaludSGE_1568.jpg?resize=525%2C300&ssl=1 1.5x, https:\/\/i0.wp.com\/www.hoymercedes.com.ar\/principal\/wp-content\/uploads\/2021\/03\/2021_03_16_CB_Conferencia-de-prensa-SaludSGE_1568.jpg?resize=700%2C400&ssl=1 2x"},"classes":[]},{"id":121812,"url":"https:\/\/www.hoymercedes.com.ar\/principal\/2020\/12\/15\/gollan-notamos-un-gran-relajamiento-generalizado-y-un-aumento-de-la-cantidad-de-casos\/","url_meta":{"origin":130871,"position":1},"title":"Gollan: \u00abNotamos un gran relajamiento generalizado y un aumento de la cantidad de casos","author":"hoymercedes","date":"15 diciembre, 2020","format":false,"excerpt":"Carlos Bianco y Daniel Gollan expresaron preocupaci\u00f3n por las se\u00f1ales de aumento de casos y llamaron a la responsabilidad de las y los bonaerenses para seguir cumpliendo con los cuidados necesarios. El jefe de Gabinete, Carlos Bianco, y el ministro de Salud, Daniel Gollan, brindaron informaci\u00f3n actualizada sobre la situaci\u00f3n\u2026","rel":"","context":"En \u00abProvincia\u00bb","block_context":{"text":"Provincia","link":"https:\/\/www.hoymercedes.com.ar\/principal\/category\/provincia\/"},"img":{"alt_text":"","src":"https:\/\/i0.wp.com\/www.hoymercedes.com.ar\/principal\/wp-content\/uploads\/2020\/12\/2020_12_15_Situacion-Epidemiologica_sge_5531.jpg?resize=350%2C200&ssl=1","width":350,"height":200,"srcset":"https:\/\/i0.wp.com\/www.hoymercedes.com.ar\/principal\/wp-content\/uploads\/2020\/12\/2020_12_15_Situacion-Epidemiologica_sge_5531.jpg?resize=350%2C200&ssl=1 1x, https:\/\/i0.wp.com\/www.hoymercedes.com.ar\/principal\/wp-content\/uploads\/2020\/12\/2020_12_15_Situacion-Epidemiologica_sge_5531.jpg?resize=525%2C300&ssl=1 1.5x, https:\/\/i0.wp.com\/www.hoymercedes.com.ar\/principal\/wp-content\/uploads\/2020\/12\/2020_12_15_Situacion-Epidemiologica_sge_5531.jpg?resize=700%2C400&ssl=1 2x"},"classes":[]},{"id":128116,"url":"https:\/\/www.hoymercedes.com.ar\/principal\/2021\/04\/13\/gollan-la-cantidad-de-casos-viene-en-un-ritmo-de-crecimiento-muy-fuerte\/","url_meta":{"origin":130871,"position":2},"title":"Gollan: \u201cLa cantidad de casos viene en un ritmo de crecimiento muy fuerte\u201d","author":"hoymercedes","date":"13 abril, 2021","format":false,"excerpt":"Provincia PBA - El jefe de Gabinete de Ministros de la Provincia, Carlos Bianco, y el ministro de Salud, Daniel Gollan, presentaron detalles sobre la situaci\u00f3n epidemiol\u00f3gica y sanitaria y el estado del esquema de fases de aislamiento y distanciamiento social, preventivo y obligatorio en los 135 municipios bonaerenses. Fue\u2026","rel":"","context":"En \u00abProvincia\u00bb","block_context":{"text":"Provincia","link":"https:\/\/www.hoymercedes.com.ar\/principal\/category\/provincia\/"},"img":{"alt_text":"","src":"https:\/\/i0.wp.com\/www.hoymercedes.com.ar\/principal\/wp-content\/uploads\/2021\/04\/13-provincia.jpg?resize=350%2C200&ssl=1","width":350,"height":200,"srcset":"https:\/\/i0.wp.com\/www.hoymercedes.com.ar\/principal\/wp-content\/uploads\/2021\/04\/13-provincia.jpg?resize=350%2C200&ssl=1 1x, https:\/\/i0.wp.com\/www.hoymercedes.com.ar\/principal\/wp-content\/uploads\/2021\/04\/13-provincia.jpg?resize=525%2C300&ssl=1 1.5x, https:\/\/i0.wp.com\/www.hoymercedes.com.ar\/principal\/wp-content\/uploads\/2021\/04\/13-provincia.jpg?resize=700%2C400&ssl=1 2x"},"classes":[]},{"id":116263,"url":"https:\/\/www.hoymercedes.com.ar\/principal\/2020\/09\/07\/bianco-y-gollan-confirman-crecimiento-de-casos-positivos-en-el-interior-de-la-provincia\/","url_meta":{"origin":130871,"position":3},"title":"Bianco y Gollan confirman crecimiento de casos positivos en el interior de la provincia","author":"hoymercedes","date":"7 septiembre, 2020","format":false,"excerpt":"En la ma\u00f1ana de este lunes, el jefe de Gabinete, Carlos Bianco, y el ministro de Salud, Daniel Gollan, brindaron detalles sobre la situaci\u00f3n epidemiol\u00f3gica en la provincia de Buenos Aires en el marco de la pandemia y el esquema de fases de aislamiento y distanciamiento social, preventivo y obligatorio\u2026","rel":"","context":"En \u00abProvincia\u00bb","block_context":{"text":"Provincia","link":"https:\/\/www.hoymercedes.com.ar\/principal\/category\/provincia\/"},"img":{"alt_text":"","src":"https:\/\/i0.wp.com\/www.hoymercedes.com.ar\/principal\/wp-content\/uploads\/2020\/09\/07-provincia-fases.jpg?resize=350%2C200&ssl=1","width":350,"height":200,"srcset":"https:\/\/i0.wp.com\/www.hoymercedes.com.ar\/principal\/wp-content\/uploads\/2020\/09\/07-provincia-fases.jpg?resize=350%2C200&ssl=1 1x, https:\/\/i0.wp.com\/www.hoymercedes.com.ar\/principal\/wp-content\/uploads\/2020\/09\/07-provincia-fases.jpg?resize=525%2C300&ssl=1 1.5x, https:\/\/i0.wp.com\/www.hoymercedes.com.ar\/principal\/wp-content\/uploads\/2020\/09\/07-provincia-fases.jpg?resize=700%2C400&ssl=1 2x"},"classes":[]},{"id":130307,"url":"https:\/\/www.hoymercedes.com.ar\/principal\/2021\/05\/18\/aumento-el-35-el-promedio-diario-de-casos\/","url_meta":{"origin":130871,"position":4},"title":"Aument\u00f3 el 3,5% el promedio diario de casos","author":"hoymercedes","date":"18 mayo, 2021","format":false,"excerpt":"El jefe de Gabinete de Ministros de la Provincia, Carlos Bianco, y el ministro de Salud, Daniel Gollan, brindaron en conferencia de prensa detalles sobre la situaci\u00f3n epidemiol\u00f3gica y sanitaria y el estado del esquema de fases de aislamiento y distanciamiento social, preventivo y obligatorio en los 135 municipios bonaerenses.\u2026","rel":"","context":"En \u00abProvincia\u00bb","block_context":{"text":"Provincia","link":"https:\/\/www.hoymercedes.com.ar\/principal\/category\/provincia\/"},"img":{"alt_text":"","src":"https:\/\/i0.wp.com\/www.hoymercedes.com.ar\/principal\/wp-content\/uploads\/2021\/05\/7.jpg?resize=350%2C200&ssl=1","width":350,"height":200,"srcset":"https:\/\/i0.wp.com\/www.hoymercedes.com.ar\/principal\/wp-content\/uploads\/2021\/05\/7.jpg?resize=350%2C200&ssl=1 1x, https:\/\/i0.wp.com\/www.hoymercedes.com.ar\/principal\/wp-content\/uploads\/2021\/05\/7.jpg?resize=525%2C300&ssl=1 1.5x, https:\/\/i0.wp.com\/www.hoymercedes.com.ar\/principal\/wp-content\/uploads\/2021\/05\/7.jpg?resize=700%2C400&ssl=1 2x"},"classes":[]},{"id":126031,"url":"https:\/\/www.hoymercedes.com.ar\/principal\/2021\/03\/09\/gollan-el-proceso-de-vacunacion-viene-avanzando-fuertemente-en-la-provincia\/","url_meta":{"origin":130871,"position":5},"title":"Gollan: \u201cEl proceso de vacunaci\u00f3n viene avanzando fuertemente en la provincia\u201d","author":"hoymercedes","date":"9 marzo, 2021","format":false,"excerpt":"Informaci\u00f3n oficial PBA - El ministro Daniel Gollan y el jefe de Gabinete Carlos Bianco presentaron la situaci\u00f3n epidemiol\u00f3gica y sanitaria en la provincia de Buenos Aires y el esquema de fases de aislamiento y distanciamiento social, preventivo y obligatorio en todo el territorio provincial. Fue en la habitual conferencia\u2026","rel":"","context":"En \u00abProvincia\u00bb","block_context":{"text":"Provincia","link":"https:\/\/www.hoymercedes.com.ar\/principal\/category\/provincia\/"},"img":{"alt_text":"","src":"https:\/\/i0.wp.com\/www.hoymercedes.com.ar\/principal\/wp-content\/uploads\/2021\/03\/1-1.jpg?resize=350%2C200&ssl=1","width":350,"height":200,"srcset":"https:\/\/i0.wp.com\/www.hoymercedes.com.ar\/principal\/wp-content\/uploads\/2021\/03\/1-1.jpg?resize=350%2C200&ssl=1 1x, https:\/\/i0.wp.com\/www.hoymercedes.com.ar\/principal\/wp-content\/uploads\/2021\/03\/1-1.jpg?resize=525%2C300&ssl=1 1.5x, https:\/\/i0.wp.com\/www.hoymercedes.com.ar\/principal\/wp-content\/uploads\/2021\/03\/1-1.jpg?resize=700%2C400&ssl=1 2x"},"classes":[]}],"_links":{"self":[{"href":"https:\/\/www.hoymercedes.com.ar\/principal\/wp-json\/wp\/v2\/posts\/130871","targetHints":{"allow":["GET"]}}],"collection":[{"href":"https:\/\/www.hoymercedes.com.ar\/principal\/wp-json\/wp\/v2\/posts"}],"about":[{"href":"https:\/\/www.hoymercedes.com.ar\/principal\/wp-json\/wp\/v2\/types\/post"}],"author":[{"embeddable":true,"href":"https:\/\/www.hoymercedes.com.ar\/principal\/wp-json\/wp\/v2\/users\/1"}],"replies":[{"embeddable":true,"href":"https:\/\/www.hoymercedes.com.ar\/principal\/wp-json\/wp\/v2\/comments?post=130871"}],"version-history":[{"count":0,"href":"https:\/\/www.hoymercedes.com.ar\/principal\/wp-json\/wp\/v2\/posts\/130871\/revisions"}],"wp:featuredmedia":[{"embeddable":true,"href":"https:\/\/www.hoymercedes.com.ar\/principal\/wp-json\/wp\/v2\/media\/130879"}],"wp:attachment":[{"href":"https:\/\/www.hoymercedes.com.ar\/principal\/wp-json\/wp\/v2\/media?parent=130871"}],"wp:term":[{"taxonomy":"category","embeddable":true,"href":"https:\/\/www.hoymercedes.com.ar\/principal\/wp-json\/wp\/v2\/categories?post=130871"},{"taxonomy":"post_tag","embeddable":true,"href":"https:\/\/www.hoymercedes.com.ar\/principal\/wp-json\/wp\/v2\/tags?post=130871"}],"curies":[{"name":"wp","href":"https:\/\/api.w.org\/{rel}","templated":true}]}}