{"id":13105,"date":"2012-05-25T20:37:14","date_gmt":"2012-05-25T20:37:14","guid":{"rendered":"http:\/\/www.hoymercedes.com.ar\/principal\/?p=13105"},"modified":"2012-05-25T20:37:14","modified_gmt":"2012-05-25T20:37:14","slug":"el-peronismo-mercedino-celebro-un-nuevo-aniversario-de-la-fundacion-del-partido","status":"publish","type":"post","link":"https:\/\/www.hoymercedes.com.ar\/principal\/2012\/05\/25\/el-peronismo-mercedino-celebro-un-nuevo-aniversario-de-la-fundacion-del-partido\/","title":{"rendered":"El peronismo mercedino celebr\u00f3 un nuevo aniversario de la fundaci\u00f3n del Partido"},"content":{"rendered":"<p>Con la presencia del intendente municipal de la ciudad de Mercedes y presidente del Partido, Carlos Am\u00e9rico Selva,los militantes del PJ recordaron un nuevo aniversario de la fundaci\u00f3n de la agrupaci\u00f3n pol\u00edtica fundada por el general Juan Domingo Per\u00f3n en el a\u00f1o 1947.<\/p>\n<p>Selva, qui\u00e9n es el presidente del PJ de la ciudad de Mercedes PJ desde el a\u00f1o 2003, rescat\u00f3 el papel decisivo del peronismo en las conquistas sociales argentinas e inst\u00f3 a su militancia a levantar las banderas de Per\u00f3n y Evita, redoblando el compromiso militante, afianzando el sentimiento peronista y el sentido de pertenencia a la agrupaci\u00f3n pol\u00edtica que conduce los destinos de la ciudad desde el a\u00f1o 2003 y que tiene en el propio Selva a su m\u00e1ximo referente.<\/p>\n<p><strong>El Partido Justicialista<\/strong><\/p>\n<p>El Partido Justicialista, fue fundado el 23 de mayo de 1947 y conducido por el General Juan Domingo Per\u00f3n, desde sus inicios hasta su muerte en el a\u00f1o 1974, siendo la estructura pol\u00edtica encargada de transmitir la doctrina peronista basada en la Soberan\u00eda Pol\u00edtica, la Independencia Econ\u00f3mica y la Justicia Social.<\/p>\n<p>Fue el propio Juan Per\u00f3n qui\u00e9n encabez\u00f3 el movimiento que emerg\u00eda a la luz de una Argentina cambiante. Su visi\u00f3n estrat\u00e9gica y firme capacidad de conducci\u00f3n le permitieron cumplir con gran parte de las reivindicaciones hist\u00f3ricas del pueblo argentino y lo convirtieron en una de las figuras m\u00e1s importantes de la historia del pa\u00eds, dejando un legado que a\u00fan se mantiene vigente y se expresa d\u00eda a d\u00eda en el sentir popular.<\/p>\n<p>Es imposible concebir al justicialismo sin tener en cuenta a la figura de Evita, quien m\u00e1s all\u00e1 de ser la compa\u00f1era sentimental de Juan Per\u00f3n, se destac\u00f3 como una de las principales figuras en el proceso de cambio llevado adelante a mediados del siglo XX por las masas trabajadoras argentinas. Gracias a su entra\u00f1able pasi\u00f3n y a su infatigable esp\u00edritu de lucha, Evita quedar\u00e1 ligada por siempre a la imagen de los trabajadores argentinos y a la de los sectores excluidos, que constituyeron su principal preocupaci\u00f3n. Como una de las mujeres m\u00e1s relevantes de la historia de la pol\u00edtica americana, Evita cumpli\u00f3 tambi\u00e9n un rol trascendental en la reivindicaci\u00f3n de los derechos de la mujer argentina, la cual pudo sufragar por primera vez durante los a\u00f1os del primer peronismo.<\/p>\n<p>El Partido Justicialista se constituy\u00f3, a lo largo de su historia, como la principal herramienta de canalizaci\u00f3n de las ideas y proyectos de quienes entendieron la necesidad de transformar a la argentina en una sociedad m\u00e1s justa y equitativa.<\/p>\n<p><span style=\"color: #888888;\">Fuente: Partido Justicialista<\/span><\/p>\n","protected":false},"excerpt":{"rendered":"<p>Con la presencia del intendente municipal de la ciudad de Mercedes y presidente del Partido, Carlos Am\u00e9rico Selva,los militantes del &#8230; <a title=\"El peronismo mercedino celebr\u00f3 un nuevo aniversario de la fundaci\u00f3n del Partido\" class=\"read-more\" href=\"https:\/\/www.hoymercedes.com.ar\/principal\/2012\/05\/25\/el-peronismo-mercedino-celebro-un-nuevo-aniversario-de-la-fundacion-del-partido\/\" aria-label=\"Leer m\u00e1s sobre El peronismo mercedino celebr\u00f3 un nuevo aniversario de la fundaci\u00f3n del Partido\">Leer m\u00e1s<\/a><\/p>\n","protected":false},"author":1,"featured_media":0,"comment_status":"open","ping_status":"open","sticky":false,"template":"","format":"standard","meta":{"_monsterinsights_skip_tracking":false,"_monsterinsights_sitenote_active":false,"_monsterinsights_sitenote_note":"","_monsterinsights_sitenote_category":0,"jetpack_post_was_ever_published":false,"_jetpack_newsletter_access":"","_jetpack_dont_email_post_to_subs":false,"_jetpack_newsletter_tier_id":0,"_jetpack_memberships_contains_paywalled_content":false,"_jetpack_memberships_contains_paid_content":false,"footnotes":"","jetpack_publicize_message":"","jetpack_publicize_feature_enabled":true,"jetpack_social_post_already_shared":false,"jetpack_social_options":{"image_generator_settings":{"template":"highway","default_image_id":0,"font":"","enabled":false},"version":2},"_wpas_customize_per_network":false},"categories":[5],"tags":[563],"class_list":["post-13105","post","type-post","status-publish","format-standard","hentry","category-politica","tag-partido-justicialista","generate-columns","tablet-grid-50","mobile-grid-100","grid-parent","grid-50"],"jetpack_publicize_connections":[],"jetpack_featured_media_url":"","wps_subtitle":"","jetpack_sharing_enabled":true,"_links":{"self":[{"href":"https:\/\/www.hoymercedes.com.ar\/principal\/wp-json\/wp\/v2\/posts\/13105","targetHints":{"allow":["GET"]}}],"collection":[{"href":"https:\/\/www.hoymercedes.com.ar\/principal\/wp-json\/wp\/v2\/posts"}],"about":[{"href":"https:\/\/www.hoymercedes.com.ar\/principal\/wp-json\/wp\/v2\/types\/post"}],"author":[{"embeddable":true,"href":"https:\/\/www.hoymercedes.com.ar\/principal\/wp-json\/wp\/v2\/users\/1"}],"replies":[{"embeddable":true,"href":"https:\/\/www.hoymercedes.com.ar\/principal\/wp-json\/wp\/v2\/comments?post=13105"}],"version-history":[{"count":0,"href":"https:\/\/www.hoymercedes.com.ar\/principal\/wp-json\/wp\/v2\/posts\/13105\/revisions"}],"wp:attachment":[{"href":"https:\/\/www.hoymercedes.com.ar\/principal\/wp-json\/wp\/v2\/media?parent=13105"}],"wp:term":[{"taxonomy":"category","embeddable":true,"href":"https:\/\/www.hoymercedes.com.ar\/principal\/wp-json\/wp\/v2\/categories?post=13105"},{"taxonomy":"post_tag","embeddable":true,"href":"https:\/\/www.hoymercedes.com.ar\/principal\/wp-json\/wp\/v2\/tags?post=13105"}],"curies":[{"name":"wp","href":"https:\/\/api.w.org\/{rel}","templated":true}]}}