{"id":13113,"date":"2012-05-25T20:44:39","date_gmt":"2012-05-25T20:44:39","guid":{"rendered":"http:\/\/www.hoymercedes.com.ar\/principal\/?p=13113"},"modified":"2012-05-25T20:44:39","modified_gmt":"2012-05-25T20:44:39","slug":"la-juventud-peronista-asistio-al-encuentro-de-jovenes-por-el-ambiente","status":"publish","type":"post","link":"https:\/\/www.hoymercedes.com.ar\/principal\/2012\/05\/25\/la-juventud-peronista-asistio-al-encuentro-de-jovenes-por-el-ambiente\/","title":{"rendered":"La Juventud Peronista asisti\u00f3 al Encuentro de J\u00f3venes por el Ambiente"},"content":{"rendered":"<p><a href=\"https:\/\/www.hoymercedes.com.ar\/principal\/wp-content\/uploads\/2012\/05\/EncuentroMedioAmbiente.png\"><img loading=\"lazy\" decoding=\"async\" data-attachment-id=\"13116\" data-permalink=\"https:\/\/www.hoymercedes.com.ar\/principal\/2012\/05\/25\/la-juventud-peronista-asistio-al-encuentro-de-jovenes-por-el-ambiente\/encuentromedioambiente\/#main\" data-orig-file=\"https:\/\/www.hoymercedes.com.ar\/principal\/wp-content\/uploads\/2012\/05\/EncuentroMedioAmbiente.png\" data-orig-size=\"612,459\" data-comments-opened=\"1\" data-image-meta=\"{&quot;aperture&quot;:&quot;0&quot;,&quot;credit&quot;:&quot;&quot;,&quot;camera&quot;:&quot;&quot;,&quot;caption&quot;:&quot;&quot;,&quot;created_timestamp&quot;:&quot;0&quot;,&quot;copyright&quot;:&quot;&quot;,&quot;focal_length&quot;:&quot;0&quot;,&quot;iso&quot;:&quot;0&quot;,&quot;shutter_speed&quot;:&quot;0&quot;,&quot;title&quot;:&quot;&quot;}\" data-image-title=\"EncuentroMedioAmbiente\" data-image-description=\"\" data-image-caption=\"\" data-large-file=\"https:\/\/www.hoymercedes.com.ar\/principal\/wp-content\/uploads\/2012\/05\/EncuentroMedioAmbiente.png\" class=\"aligncenter size-full wp-image-13116\" title=\"EncuentroMedioAmbiente\" src=\"https:\/\/www.hoymercedes.com.ar\/principal\/wp-content\/uploads\/2012\/05\/EncuentroMedioAmbiente.png\" alt=\"\" width=\"612\" height=\"459\" \/><\/a><\/p>\n<p>La semana pasada representantes de la Juventud Peronista de la Agrupaci\u00f3n 17 de Octubre, que tiene como m\u00e1ximo l\u00edder al Presidente del Partido Justicialista e Intendente de la Ciudad de Mercedes Carlos Selva , concurrieron a la Secretaria de Medio y Desarrollo Sustentable de la Naci\u00f3n a fin de participar en el Programa de J\u00f3venes por el Desarrollo Sustentable , este \u201d Programa J\u00f3venes por un Ambiente Sustentable \u201c , genera nuevos espacios pol\u00edticos para pensar el ambiente junto a los futuros dirigentes del pa\u00eds. J\u00f3venes comprometidos con las problem\u00e1ticas y demandas sociales que desean compartir y proyectar sus ideas para construir una naci\u00f3n m\u00e1s justa.<\/p>\n<p>A trav\u00e9s de diversos talleres se abre un espacio de discusi\u00f3n donde el debate enriquece la visi\u00f3n ambiental de los participantes.<\/p>\n<p>El Programa propone desarrollar proyectos ambientales a partir de los intereses y necesidades de los j\u00f3venes militantes de organizaciones populares, barriales, culturales y ONGs permitiendo imaginar lo que se viene.<\/p>\n<p>Lo que se busca con estos encuentros es reflexionar respecto a nuestra realidad ambiental cotidiana, participar y construir colectivamente saberes ambientales y cooperar en el cuidado del Medio Ambiente, a su vez incorporar la visi\u00f3n ambiental en nuestra vida pol\u00edtica para transformar la realidad.<\/p>\n","protected":false},"excerpt":{"rendered":"<p>La semana pasada representantes de la Juventud Peronista de la Agrupaci\u00f3n 17 de Octubre, que tiene como m\u00e1ximo l\u00edder al &#8230; <a title=\"La Juventud Peronista asisti\u00f3 al Encuentro de J\u00f3venes por el Ambiente\" class=\"read-more\" href=\"https:\/\/www.hoymercedes.com.ar\/principal\/2012\/05\/25\/la-juventud-peronista-asistio-al-encuentro-de-jovenes-por-el-ambiente\/\" aria-label=\"Leer m\u00e1s sobre La Juventud Peronista asisti\u00f3 al Encuentro de J\u00f3venes por el Ambiente\">Leer m\u00e1s<\/a><\/p>\n","protected":false},"author":1,"featured_media":0,"comment_status":"open","ping_status":"open","sticky":false,"template":"","format":"standard","meta":{"_monsterinsights_skip_tracking":false,"_monsterinsights_sitenote_active":false,"_monsterinsights_sitenote_note":"","_monsterinsights_sitenote_category":0,"jetpack_post_was_ever_published":false,"_jetpack_newsletter_access":"","_jetpack_dont_email_post_to_subs":false,"_jetpack_newsletter_tier_id":0,"_jetpack_memberships_contains_paywalled_content":false,"_jetpack_memberships_contains_paid_content":false,"footnotes":"","jetpack_publicize_message":"","jetpack_publicize_feature_enabled":true,"jetpack_social_post_already_shared":false,"jetpack_social_options":{"image_generator_settings":{"template":"highway","default_image_id":0,"font":"","enabled":false},"version":2},"_wpas_customize_per_network":false},"categories":[5],"tags":[2239],"class_list":["post-13113","post","type-post","status-publish","format-standard","hentry","category-politica","tag-la-juventud-peronista-asistio-al-encuentro-de-jovenes-por-el-ambiente","generate-columns","tablet-grid-50","mobile-grid-100","grid-parent","grid-50"],"jetpack_publicize_connections":[],"jetpack_featured_media_url":"","wps_subtitle":"","jetpack_sharing_enabled":true,"_links":{"self":[{"href":"https:\/\/www.hoymercedes.com.ar\/principal\/wp-json\/wp\/v2\/posts\/13113","targetHints":{"allow":["GET"]}}],"collection":[{"href":"https:\/\/www.hoymercedes.com.ar\/principal\/wp-json\/wp\/v2\/posts"}],"about":[{"href":"https:\/\/www.hoymercedes.com.ar\/principal\/wp-json\/wp\/v2\/types\/post"}],"author":[{"embeddable":true,"href":"https:\/\/www.hoymercedes.com.ar\/principal\/wp-json\/wp\/v2\/users\/1"}],"replies":[{"embeddable":true,"href":"https:\/\/www.hoymercedes.com.ar\/principal\/wp-json\/wp\/v2\/comments?post=13113"}],"version-history":[{"count":0,"href":"https:\/\/www.hoymercedes.com.ar\/principal\/wp-json\/wp\/v2\/posts\/13113\/revisions"}],"wp:attachment":[{"href":"https:\/\/www.hoymercedes.com.ar\/principal\/wp-json\/wp\/v2\/media?parent=13113"}],"wp:term":[{"taxonomy":"category","embeddable":true,"href":"https:\/\/www.hoymercedes.com.ar\/principal\/wp-json\/wp\/v2\/categories?post=13113"},{"taxonomy":"post_tag","embeddable":true,"href":"https:\/\/www.hoymercedes.com.ar\/principal\/wp-json\/wp\/v2\/tags?post=13113"}],"curies":[{"name":"wp","href":"https:\/\/api.w.org\/{rel}","templated":true}]}}