{"id":131290,"date":"2021-06-05T08:36:00","date_gmt":"2021-06-05T11:36:00","guid":{"rendered":"https:\/\/www.hoymercedes.com.ar\/principal\/?p=131290"},"modified":"2021-06-06T00:06:17","modified_gmt":"2021-06-06T03:06:17","slug":"asisten-a-familias-a-traves-del-programa-invierno","status":"publish","type":"post","link":"https:\/\/www.hoymercedes.com.ar\/principal\/2021\/06\/05\/asisten-a-familias-a-traves-del-programa-invierno\/","title":{"rendered":"Asisten a familias a trav\u00e9s del \u00abPrograma Invierno\u00bb"},"content":{"rendered":"\n<p>El Programa Invierno es un programa de asistencia vecinal implementado por la Secretar\u00eda de Desarrollo de la Comunidad realizado en conjunto con otras \u00e1reas comunal con el objetivo de acompa\u00f1ar con le\u00f1a, garrafas, y frazadas a los vecinos que lo requieran. <\/p>\n\n\n\n<p>\u201cEs un programa amplio que acompa\u00f1a a las familias en situaciones de invierno y con el fr\u00edo, de una manera integral. En la Colonia Olivera se hace la parte de la le\u00f1a, pero tambi\u00e9n esto incluye, garrafas, frazadas y dem\u00e1s asistencia para las situaciones cr\u00edticas\u201d explicaron los funcionarios municipales. \u00a0<\/p>\n\n\n\n<p>\u00abLa le\u00f1a se reparte en 16 puntos de la ciudad. Todo lo que se tala es acacio que sabemos es una plaga, que por un lado trae el beneficio de funcionar como le\u00f1a para las familias que no tienen acceso\u201d agregaron.<\/p>\n\n\n\n<div class=\"wp-block-image\"><figure class=\"aligncenter size-large\"><img loading=\"lazy\" decoding=\"async\" width=\"800\" height=\"533\" data-attachment-id=\"131291\" data-permalink=\"https:\/\/www.hoymercedes.com.ar\/principal\/2021\/06\/05\/asisten-a-familias-a-traves-del-programa-invierno\/dsc07301\/#main\" data-orig-file=\"https:\/\/www.hoymercedes.com.ar\/principal\/wp-content\/uploads\/2021\/06\/DSC07301.jpg\" data-orig-size=\"800,533\" data-comments-opened=\"0\" data-image-meta=\"{&quot;aperture&quot;:&quot;0&quot;,&quot;credit&quot;:&quot;&quot;,&quot;camera&quot;:&quot;&quot;,&quot;caption&quot;:&quot;&quot;,&quot;created_timestamp&quot;:&quot;0&quot;,&quot;copyright&quot;:&quot;&quot;,&quot;focal_length&quot;:&quot;0&quot;,&quot;iso&quot;:&quot;0&quot;,&quot;shutter_speed&quot;:&quot;0&quot;,&quot;title&quot;:&quot;&quot;,&quot;orientation&quot;:&quot;0&quot;}\" data-image-title=\"DSC07301\" data-image-description=\"\" data-image-caption=\"\" data-large-file=\"https:\/\/www.hoymercedes.com.ar\/principal\/wp-content\/uploads\/2021\/06\/DSC07301.jpg\" src=\"https:\/\/www.hoymercedes.com.ar\/principal\/wp-content\/uploads\/2021\/06\/DSC07301.jpg\" alt=\"\" class=\"wp-image-131291\" srcset=\"https:\/\/www.hoymercedes.com.ar\/principal\/wp-content\/uploads\/2021\/06\/DSC07301.jpg 800w, https:\/\/www.hoymercedes.com.ar\/principal\/wp-content\/uploads\/2021\/06\/DSC07301-630x420.jpg 630w, https:\/\/www.hoymercedes.com.ar\/principal\/wp-content\/uploads\/2021\/06\/DSC07301-150x100.jpg 150w, https:\/\/www.hoymercedes.com.ar\/principal\/wp-content\/uploads\/2021\/06\/DSC07301-700x465.jpg 700w\" sizes=\"auto, (max-width: 800px) 100vw, 800px\" \/><\/figure><\/div>\n","protected":false},"excerpt":{"rendered":"<p>El Programa Invierno es un programa de asistencia vecinal implementado por la Secretar\u00eda de Desarrollo de la Comunidad realizado en &#8230; <a title=\"Asisten a familias a trav\u00e9s del \u00abPrograma Invierno\u00bb\" class=\"read-more\" href=\"https:\/\/www.hoymercedes.com.ar\/principal\/2021\/06\/05\/asisten-a-familias-a-traves-del-programa-invierno\/\" aria-label=\"Leer m\u00e1s sobre Asisten a familias a trav\u00e9s del \u00abPrograma Invierno\u00bb\">Leer m\u00e1s<\/a><\/p>\n","protected":false},"author":1,"featured_media":131291,"comment_status":"closed","ping_status":"open","sticky":false,"template":"","format":"standard","meta":{"_monsterinsights_skip_tracking":false,"_monsterinsights_sitenote_active":false,"_monsterinsights_sitenote_note":"","_monsterinsights_sitenote_category":0,"jetpack_post_was_ever_published":false,"_jetpack_newsletter_access":"","_jetpack_dont_email_post_to_subs":false,"_jetpack_newsletter_tier_id":0,"_jetpack_memberships_contains_paywalled_content":false,"_jetpack_memberships_contains_paid_content":false,"footnotes":"","jetpack_publicize_message":"","jetpack_publicize_feature_enabled":true,"jetpack_social_post_already_shared":true,"jetpack_social_options":{"image_generator_settings":{"template":"highway","default_image_id":0,"font":"","enabled":false},"version":2},"_wpas_customize_per_network":false},"categories":[30],"tags":[4992,17845,244],"class_list":["post-131290","post","type-post","status-publish","format-standard","has-post-thumbnail","hentry","category-municipio","tag-asistencia","tag-desarrollo-sociol","tag-municipio-2","generate-columns","tablet-grid-50","mobile-grid-100","grid-parent","grid-50"],"jetpack_publicize_connections":[],"jetpack_featured_media_url":"https:\/\/www.hoymercedes.com.ar\/principal\/wp-content\/uploads\/2021\/06\/DSC07301.jpg","wps_subtitle":"Con le\u00f1a, frazadas y garrafas","jetpack_sharing_enabled":true,"_links":{"self":[{"href":"https:\/\/www.hoymercedes.com.ar\/principal\/wp-json\/wp\/v2\/posts\/131290","targetHints":{"allow":["GET"]}}],"collection":[{"href":"https:\/\/www.hoymercedes.com.ar\/principal\/wp-json\/wp\/v2\/posts"}],"about":[{"href":"https:\/\/www.hoymercedes.com.ar\/principal\/wp-json\/wp\/v2\/types\/post"}],"author":[{"embeddable":true,"href":"https:\/\/www.hoymercedes.com.ar\/principal\/wp-json\/wp\/v2\/users\/1"}],"replies":[{"embeddable":true,"href":"https:\/\/www.hoymercedes.com.ar\/principal\/wp-json\/wp\/v2\/comments?post=131290"}],"version-history":[{"count":0,"href":"https:\/\/www.hoymercedes.com.ar\/principal\/wp-json\/wp\/v2\/posts\/131290\/revisions"}],"wp:featuredmedia":[{"embeddable":true,"href":"https:\/\/www.hoymercedes.com.ar\/principal\/wp-json\/wp\/v2\/media\/131291"}],"wp:attachment":[{"href":"https:\/\/www.hoymercedes.com.ar\/principal\/wp-json\/wp\/v2\/media?parent=131290"}],"wp:term":[{"taxonomy":"category","embeddable":true,"href":"https:\/\/www.hoymercedes.com.ar\/principal\/wp-json\/wp\/v2\/categories?post=131290"},{"taxonomy":"post_tag","embeddable":true,"href":"https:\/\/www.hoymercedes.com.ar\/principal\/wp-json\/wp\/v2\/tags?post=131290"}],"curies":[{"name":"wp","href":"https:\/\/api.w.org\/{rel}","templated":true}]}}