{"id":13141,"date":"2012-05-26T19:35:47","date_gmt":"2012-05-26T19:35:47","guid":{"rendered":"http:\/\/www.hoymercedes.com.ar\/principal\/?p=13141"},"modified":"2012-05-26T19:35:47","modified_gmt":"2012-05-26T19:35:47","slug":"roberto-laffon-encabeza-la-lista-unidad-radical","status":"publish","type":"post","link":"https:\/\/www.hoymercedes.com.ar\/principal\/2012\/05\/26\/roberto-laffon-encabeza-la-lista-unidad-radical\/","title":{"rendered":"Roberto Laffon encabeza la lista \u201cUnidad Radical\u201d"},"content":{"rendered":"<p>Fue electo en una asamblea en la noche del jueves. \u201cDi\u00e1logo, reconciliaci\u00f3n y unidad es nuestra propuesta\u201d, dijo el candidato a presidente del comit\u00e9 de distrito.<\/p>\n<p>Roberto Laffon y Karina La Regina, como presidente y vice, encabezan la Lista 27 \u201cUnidad Radical\u201d que competir\u00e1 en las pr\u00f3ximas internas de la UCR Mercedes. La f\u00f3rmula surgi\u00f3 de una asamblea que postul\u00f3 a Laff\u00f3n como \u201cel candidato de la unidad\u201d, en un llamado a \u201creconstruir el partido\u201d.<\/p>\n<p>\u201cDi\u00e1logo, reconciliaci\u00f3n y unidad es nuestra propuesta\u201d, dijo el candidato a presidente del comit\u00e9 de distrito, un veterano militante que se mantuvo alejado de todas las rencillas que dividen el partido desde hace a\u00f1os y fue electo por unanimidad.<\/p>\n<p>La f\u00f3rmula completa de la lista 27 es encabezada a nivel provincial y nacional por Alejandro Armend\u00e1riz (hijo), Gustavo Posse y Ricardo Alfons\u00edn.<\/p>\n<p>Los principales cargos de la lista que se presentar\u00e1 este viernes son los siguientes:<\/p>\n<p>Presidente: Roberto Laffon. Vice: Karina La Regina. Secretaria: Lorena Alfons\u00edn. Tesorero: Cristian Bustos. Vocales: Mar\u00eda del Carmen Torelli, Mario Chuffo y Marta Sebastiano. Convencionales provinciales: Javier Torres y Mar\u00eda del Carmen G\u00f3mez Carranza. Presidente del comit\u00e9 de la provincia de Bs As: Alejandro Armend\u00e1riz (hijo). Convencional nacional: Gustavo Posse. Delegado al Comit\u00e9 nacional: Ricardo Alfons\u00edn.<\/p>\n<p><span style=\"color: #888888;\">Fuente: UCR<\/span><\/p>\n","protected":false},"excerpt":{"rendered":"<p>Fue electo en una asamblea en la noche del jueves. \u201cDi\u00e1logo, reconciliaci\u00f3n y unidad es nuestra propuesta\u201d, dijo el candidato &#8230; <a title=\"Roberto Laffon encabeza la lista \u201cUnidad Radical\u201d\" class=\"read-more\" href=\"https:\/\/www.hoymercedes.com.ar\/principal\/2012\/05\/26\/roberto-laffon-encabeza-la-lista-unidad-radical\/\" aria-label=\"Leer m\u00e1s sobre Roberto Laffon encabeza la lista \u201cUnidad Radical\u201d\">Leer m\u00e1s<\/a><\/p>\n","protected":false},"author":1,"featured_media":0,"comment_status":"open","ping_status":"open","sticky":false,"template":"","format":"standard","meta":{"_monsterinsights_skip_tracking":false,"_monsterinsights_sitenote_active":false,"_monsterinsights_sitenote_note":"","_monsterinsights_sitenote_category":0,"jetpack_post_was_ever_published":false,"_jetpack_newsletter_access":"","_jetpack_dont_email_post_to_subs":false,"_jetpack_newsletter_tier_id":0,"_jetpack_memberships_contains_paywalled_content":false,"_jetpack_memberships_contains_paid_content":false,"footnotes":"","jetpack_publicize_message":"","jetpack_publicize_feature_enabled":true,"jetpack_social_post_already_shared":false,"jetpack_social_options":{"image_generator_settings":{"template":"highway","default_image_id":0,"font":"","enabled":false},"version":2},"_wpas_customize_per_network":false},"categories":[5],"tags":[2247,2246,2245],"class_list":["post-13141","post","type-post","status-publish","format-standard","hentry","category-politica","tag-radicales-mercedes","tag-roberto-laffon","tag-roberto-laffon-encabeza-la-lista-unidad-radical","generate-columns","tablet-grid-50","mobile-grid-100","grid-parent","grid-50"],"jetpack_publicize_connections":[],"jetpack_featured_media_url":"","wps_subtitle":"","jetpack_sharing_enabled":true,"_links":{"self":[{"href":"https:\/\/www.hoymercedes.com.ar\/principal\/wp-json\/wp\/v2\/posts\/13141","targetHints":{"allow":["GET"]}}],"collection":[{"href":"https:\/\/www.hoymercedes.com.ar\/principal\/wp-json\/wp\/v2\/posts"}],"about":[{"href":"https:\/\/www.hoymercedes.com.ar\/principal\/wp-json\/wp\/v2\/types\/post"}],"author":[{"embeddable":true,"href":"https:\/\/www.hoymercedes.com.ar\/principal\/wp-json\/wp\/v2\/users\/1"}],"replies":[{"embeddable":true,"href":"https:\/\/www.hoymercedes.com.ar\/principal\/wp-json\/wp\/v2\/comments?post=13141"}],"version-history":[{"count":0,"href":"https:\/\/www.hoymercedes.com.ar\/principal\/wp-json\/wp\/v2\/posts\/13141\/revisions"}],"wp:attachment":[{"href":"https:\/\/www.hoymercedes.com.ar\/principal\/wp-json\/wp\/v2\/media?parent=13141"}],"wp:term":[{"taxonomy":"category","embeddable":true,"href":"https:\/\/www.hoymercedes.com.ar\/principal\/wp-json\/wp\/v2\/categories?post=13141"},{"taxonomy":"post_tag","embeddable":true,"href":"https:\/\/www.hoymercedes.com.ar\/principal\/wp-json\/wp\/v2\/tags?post=13141"}],"curies":[{"name":"wp","href":"https:\/\/api.w.org\/{rel}","templated":true}]}}