{"id":131842,"date":"2021-06-15T19:03:11","date_gmt":"2021-06-15T22:03:11","guid":{"rendered":"https:\/\/www.hoymercedes.com.ar\/principal\/?p=131842"},"modified":"2021-06-15T19:03:18","modified_gmt":"2021-06-15T22:03:18","slug":"covid-en-el-pais-589-personas-fallecieron-y-27-260-fueron-reportadas-con-coronavirus","status":"publish","type":"post","link":"https:\/\/www.hoymercedes.com.ar\/principal\/2021\/06\/15\/covid-en-el-pais-589-personas-fallecieron-y-27-260-fueron-reportadas-con-coronavirus\/","title":{"rendered":"Covid en el pa\u00eds: 589 personas fallecieron y 27.260 fueron reportadas con coronavirus"},"content":{"rendered":"\n<p>El Ministerio de Salud de la Naci\u00f3n inform\u00f3 este martes 15 de junio que, en las \u00faltimas 24 horas, se registraron 589 fallecimientos y 27.260 nuevos contagios de coronavirus. Con estos datos, el total de casos desde el inicio de la pandemia asciende a 4.172.742 y las v\u00edctimas fatales son 86.615.<\/p>\n\n\n\n<div class=\"wp-block-image\"><figure class=\"aligncenter size-large\"><img loading=\"lazy\" decoding=\"async\" width=\"1024\" height=\"367\" data-attachment-id=\"131841\" data-permalink=\"https:\/\/www.hoymercedes.com.ar\/principal\/img_20210615_175216\/\" data-orig-file=\"https:\/\/www.hoymercedes.com.ar\/principal\/wp-content\/uploads\/2021\/06\/IMG_20210615_175216.jpg\" data-orig-size=\"1255,450\" data-comments-opened=\"0\" data-image-meta=\"{&quot;aperture&quot;:&quot;0&quot;,&quot;credit&quot;:&quot;&quot;,&quot;camera&quot;:&quot;&quot;,&quot;caption&quot;:&quot;&quot;,&quot;created_timestamp&quot;:&quot;0&quot;,&quot;copyright&quot;:&quot;&quot;,&quot;focal_length&quot;:&quot;0&quot;,&quot;iso&quot;:&quot;0&quot;,&quot;shutter_speed&quot;:&quot;0&quot;,&quot;title&quot;:&quot;&quot;,&quot;orientation&quot;:&quot;0&quot;}\" data-image-title=\"IMG_20210615_175216\" data-image-description=\"\" data-image-caption=\"\" data-large-file=\"https:\/\/www.hoymercedes.com.ar\/principal\/wp-content\/uploads\/2021\/06\/IMG_20210615_175216-1024x367.jpg\" src=\"https:\/\/www.hoymercedes.com.ar\/principal\/wp-content\/uploads\/2021\/06\/IMG_20210615_175216-1024x367.jpg\" alt=\"\" class=\"wp-image-131841\" srcset=\"https:\/\/www.hoymercedes.com.ar\/principal\/wp-content\/uploads\/2021\/06\/IMG_20210615_175216-1024x367.jpg 1024w, https:\/\/www.hoymercedes.com.ar\/principal\/wp-content\/uploads\/2021\/06\/IMG_20210615_175216-630x226.jpg 630w, https:\/\/www.hoymercedes.com.ar\/principal\/wp-content\/uploads\/2021\/06\/IMG_20210615_175216-150x54.jpg 150w, https:\/\/www.hoymercedes.com.ar\/principal\/wp-content\/uploads\/2021\/06\/IMG_20210615_175216.jpg 1255w\" sizes=\"auto, (max-width: 1024px) 100vw, 1024px\" \/><\/figure><\/div>\n\n\n\n<p>El reporte consign\u00f3 que fallecieron 335 hombres y 250 mujeres, mientras que dos personas de la provincia de Buenos Aires, una de Jujuy, y una de Santiago del Estero fueron reportadas sin dato de sexo. El parte precis\u00f3 que murieron 121 hombres en la provincia de Buenos Aires; 24 en la Ciudad de Buenos Aires; 2 en Catamarca; 16 en Chaco; 4 en Chubut; 10 en Corrientes; 35 en C\u00f3rdoba; 9 en Entre R\u00edos; 4 en Formosa; 2 en Jujuy; 3 en La Pampa; 16 en Mendoza; 6 en Misiones; 3 en Neuqu\u00e9n; 9 en R\u00edo Negro; 9 en Salta; 3 en San Juan; 7 en San Luis; 1 en Santa Cruz; 40 en Santa Fe; 3 en Santiago del Estero; y 8 en Tucum\u00e1n. Tambi\u00e9n fallecieron 97 mujeres en Buenos Aires; 16 en la Ciudad de Buenos Aires; 8 en Chaco; 6 en Chubut; 24 en C\u00f3rdoba; 8 en Entre R\u00edos; 4 en Formosa; 1 en Jujuy; 4 en La Pampa; 10 en Mendoza; 4 en Misiones; 5 en Neuqu\u00e9n; 6 en R\u00edo Negro; 3 en Salta; 4 en San Juan; 2 en San Luis; 2 en Santa Cruz; 39 en Santa Fe; 3 en Santiago del Estero; y 4 en Tucum\u00e1n.<\/p>\n\n\n\n<p>De los 27.620 nuevos contagios, 9.800 son de la provincia de Buenos Aires, 1.841 de la ciudad de Buenos Aires, 218 de Catamarca, 700 de Chaco, 281 de Chubut, 127 de Corrientes, 4.311 de C\u00f3rdoba, 1.038 de Entre R\u00edos, 478 de Formosa, 295 de Jujuy, 321 de La Pampa, 188 de La Rioja, 828 de Mendoza, 123 de Misiones, 371 de Neuqu\u00e9n, 447 de R\u00edo Negro, 675 de Salta, 839 de San Juan, 463 de San Luis, 133 de Santa Cruz, 2.344 de Santa Fe, 409 de Santiago del Estero, 19 de Tierra del Fuego y 1.011 de Tucum\u00e1n.<\/p>\n\n\n\n<p>El total de acumulados por distrito indica que la provincia de Buenos Aires suma 1.745.146 casos; la Ciudad de Buenos Aires, 444.624; Catamarca, 29.636; Chaco, 68.752; Chubut, 67.383; Corrientes, 57.803; C\u00f3rdoba, 371.506; Entre R\u00edos, 99.382; Formosa, 39.105; Jujuy, 32.106; La Pampa, 47.984; La Rioja, 19.854; Mendoza, 131.245; Misiones, 23.034; Neuqu\u00e9n, 97.710; R\u00edo Negro, 80.217; Salta, 53.781; San Juan, 44.410; San Luis, 60.299; Santa Cruz, 53.879; Santa Fe, 381.034; Santiago del Estero, 51.648; Tierra del Fuego, 29.092; y Tucum\u00e1n, 143.112.<\/p>\n","protected":false},"excerpt":{"rendered":"<p>El Ministerio de Salud de la Naci\u00f3n inform\u00f3 este martes 15 de junio que, en las \u00faltimas 24 horas, se &#8230; <a title=\"Covid en el pa\u00eds: 589 personas fallecieron y 27.260 fueron reportadas con coronavirus\" class=\"read-more\" href=\"https:\/\/www.hoymercedes.com.ar\/principal\/2021\/06\/15\/covid-en-el-pais-589-personas-fallecieron-y-27-260-fueron-reportadas-con-coronavirus\/\" aria-label=\"Leer m\u00e1s sobre Covid en el pa\u00eds: 589 personas fallecieron y 27.260 fueron reportadas con coronavirus\">Leer m\u00e1s<\/a><\/p>\n","protected":false},"author":1,"featured_media":128077,"comment_status":"closed","ping_status":"open","sticky":false,"template":"","format":"standard","meta":{"_monsterinsights_skip_tracking":false,"_monsterinsights_sitenote_active":false,"_monsterinsights_sitenote_note":"","_monsterinsights_sitenote_category":0,"jetpack_post_was_ever_published":false,"_jetpack_newsletter_access":"","_jetpack_dont_email_post_to_subs":false,"_jetpack_newsletter_tier_id":0,"_jetpack_memberships_contains_paywalled_content":false,"_jetpack_memberships_contains_paid_content":false,"footnotes":"","jetpack_publicize_message":"","jetpack_publicize_feature_enabled":true,"jetpack_social_post_already_shared":true,"jetpack_social_options":{"image_generator_settings":{"template":"highway","default_image_id":0,"font":"","enabled":false},"version":2},"_wpas_customize_per_network":false},"categories":[17182],"tags":[],"class_list":["post-131842","post","type-post","status-publish","format-standard","has-post-thumbnail","hentry","category-nacion","generate-columns","tablet-grid-50","mobile-grid-100","grid-parent","grid-50"],"jetpack_publicize_connections":[],"jetpack_featured_media_url":"https:\/\/www.hoymercedes.com.ar\/principal\/wp-content\/uploads\/2021\/04\/giphy.gif","wps_subtitle":"Informe nacional","jetpack_sharing_enabled":true,"_links":{"self":[{"href":"https:\/\/www.hoymercedes.com.ar\/principal\/wp-json\/wp\/v2\/posts\/131842","targetHints":{"allow":["GET"]}}],"collection":[{"href":"https:\/\/www.hoymercedes.com.ar\/principal\/wp-json\/wp\/v2\/posts"}],"about":[{"href":"https:\/\/www.hoymercedes.com.ar\/principal\/wp-json\/wp\/v2\/types\/post"}],"author":[{"embeddable":true,"href":"https:\/\/www.hoymercedes.com.ar\/principal\/wp-json\/wp\/v2\/users\/1"}],"replies":[{"embeddable":true,"href":"https:\/\/www.hoymercedes.com.ar\/principal\/wp-json\/wp\/v2\/comments?post=131842"}],"version-history":[{"count":0,"href":"https:\/\/www.hoymercedes.com.ar\/principal\/wp-json\/wp\/v2\/posts\/131842\/revisions"}],"wp:featuredmedia":[{"embeddable":true,"href":"https:\/\/www.hoymercedes.com.ar\/principal\/wp-json\/wp\/v2\/media\/128077"}],"wp:attachment":[{"href":"https:\/\/www.hoymercedes.com.ar\/principal\/wp-json\/wp\/v2\/media?parent=131842"}],"wp:term":[{"taxonomy":"category","embeddable":true,"href":"https:\/\/www.hoymercedes.com.ar\/principal\/wp-json\/wp\/v2\/categories?post=131842"},{"taxonomy":"post_tag","embeddable":true,"href":"https:\/\/www.hoymercedes.com.ar\/principal\/wp-json\/wp\/v2\/tags?post=131842"}],"curies":[{"name":"wp","href":"https:\/\/api.w.org\/{rel}","templated":true}]}}