{"id":13185,"date":"2012-05-29T11:18:53","date_gmt":"2012-05-29T11:18:53","guid":{"rendered":"http:\/\/www.hoymercedes.com.ar\/principal\/?p=13185"},"modified":"2012-05-29T11:29:54","modified_gmt":"2012-05-29T11:29:54","slug":"nueva-nota-del-concejo-deliberante-al-ministerio-de-planificacion-federal","status":"publish","type":"post","link":"https:\/\/www.hoymercedes.com.ar\/principal\/2012\/05\/29\/nueva-nota-del-concejo-deliberante-al-ministerio-de-planificacion-federal\/","title":{"rendered":"Nueva nota del Concejo Deliberante al Ministerio de Planificaci\u00f3n Federal"},"content":{"rendered":"<p><a href=\"https:\/\/www.hoymercedes.com.ar\/principal\/wp-content\/uploads\/2012\/05\/Principi-ConcejoDeliberante.jpg\"><img loading=\"lazy\" decoding=\"async\" data-attachment-id=\"13192\" data-permalink=\"https:\/\/www.hoymercedes.com.ar\/principal\/2012\/05\/29\/nueva-nota-del-concejo-deliberante-al-ministerio-de-planificacion-federal\/principi-concejodeliberante\/#main\" data-orig-file=\"https:\/\/www.hoymercedes.com.ar\/principal\/wp-content\/uploads\/2012\/05\/Principi-ConcejoDeliberante.jpg\" data-orig-size=\"612,274\" data-comments-opened=\"1\" data-image-meta=\"{&quot;aperture&quot;:&quot;2.8&quot;,&quot;credit&quot;:&quot;&quot;,&quot;camera&quot;:&quot;COOLPIX L10&quot;,&quot;caption&quot;:&quot;&quot;,&quot;created_timestamp&quot;:&quot;1337952542&quot;,&quot;copyright&quot;:&quot;Copyright 2006&quot;,&quot;focal_length&quot;:&quot;6.2&quot;,&quot;iso&quot;:&quot;200&quot;,&quot;shutter_speed&quot;:&quot;0.016666666666667&quot;,&quot;title&quot;:&quot;&quot;}\" data-image-title=\"Principi-ConcejoDeliberante\" data-image-description=\"\" data-image-caption=\"\" data-large-file=\"https:\/\/www.hoymercedes.com.ar\/principal\/wp-content\/uploads\/2012\/05\/Principi-ConcejoDeliberante.jpg\" class=\"aligncenter size-full wp-image-13192\" title=\"Principi-ConcejoDeliberante\" src=\"https:\/\/www.hoymercedes.com.ar\/principal\/wp-content\/uploads\/2012\/05\/Principi-ConcejoDeliberante.jpg\" alt=\"\" width=\"612\" height=\"274\" \/><\/a><\/p>\n<p>La misma tiene que ver con la disconformidad general que produjo la suspensi\u00f3n de la reuni\u00f3n que iban a mantener el Arquitecto Bontempo y el intendente Selva por el plan de Viviendas del Barrio Ren\u00e9 Favaloro.<\/p>\n<p>El Concejo Deliberante trat\u00f3 \u00a0un proyecto que si bien no estaba incluido en el orden del d\u00eda fijado fue presentado y aceptado su tratamiento<\/p>\n<p>Sobre el particular fueron los Concejales Rodolfo Pr\u00edncipi y Mercedes Mazzocchi quienes se encargaron de explicar el mismo manifestando el actual Director del Hospital <em>\u201cesta iniciativa de tener como Cuerpo Deliberativo de la ciudad que dirigirnos al Ministerio no es la primera vez que la tenemos porque tampoco es la primera vez que en Capital le otorgan una audiencia al Intendente Carlos Selva con el Arquitecto Bontempo, uno de los m\u00e1ximos responsables de la ejecuci\u00f3n de los Planes federales de Vivienda y sobre la fecha sin dar muchas explicaciones llaman diciendo que el encuentro se hab\u00eda cancelado y lo peor de todo es que no dicen para cuando se ha modificado dicho encuentro.<\/em><\/p>\n<p><em>La reuni\u00f3n hab\u00eda sido programada para el 23 de mayo y sin embargo aun no sabemos cuando, o mejor dicho, si se va a realizar.<\/em><\/p>\n<p><em>Nuestro bloque presenta una nueva nota dirigida al Arquitecto Bontempo para que de una vez por todas esa reuni\u00f3n se concrete porque en definitiva como bloque y como Concejo lo no queremos que el Plan Federal se caiga como ya paso hace varios a\u00f1os con un plan de viviendas de la Provincia donde quedaron casi m\u00e1s de cincuenta familias quedaron si un destino cierto, era el Plan Solidaridad IV.<\/em><\/p>\n<p><em>Nosotros pedimos una soluci\u00f3n cierta, no una soluci\u00f3n demagoga que lo \u00fanico que hace es llevarle a la gente una ilusi\u00f3n, por eso nuestra decisi\u00f3n pol\u00edtica es que si el Plan Federal no se cae se van a utilizar los recursos de donde sean para terminar las viviendas para aquellos que ya son desde hace siete a\u00f1os los leg\u00edtimos adjudicatarios\u201d<\/em><\/p>\n<p>Por su parte la Concejal Mazzocchi precis\u00f3<em> \u201cal legarnos l confirmaci\u00f3n que la reuni\u00f3n no se iba a realizar es que en conjunto el bloque tomo la decisi\u00f3n de confeccionar esta nueva nota en la que expresamos que considerando los sucesivos pedidos de audiencias con el se\u00f1or Bontempo, ante la anulaci\u00f3n imprevista e injustificada de la reuni\u00f3n programada entre dicho funcionario y el se\u00f1or Intendente Municipal Carlos Selva, para el mi\u00e9rcoles 23 del corriente mes a las 11.00, y la necesidad de mantener legalmente vigente el Plan Federal de Viviendas, la voluntad de esta administraci\u00f3n de finalizar la obra con los adjudicatarios titulares de la misma , la necesidad de llevar soluciones ciertas que solo deben partir del gobierno federal y no deben surgir de ideas o presuntas soluciones que solo pueden afectar la continuidad del plan y nos har\u00edan caer en viejas promesas incumplidas como el Plan Solidaridad IV , donde 50 familias no llegaron al sue\u00f1o de la casa propia.<\/em><\/p>\n<p><em>Por todo esto el HCD de Mercedes resuelve dirigirse al Subsecretario de Desarrollo Urbano y Vivienda, Arquitecto Luis Alberto Rafael Bontempo dependiente de la Secretar\u00eda de Obras P\u00fablicas \u2013 Ministerio de Planificaci\u00f3n federal a fin de que se fije de manera cierta e impostergable una audiencia entre el se\u00f1or intendente municipal de Mercedes, Carlos Selva y el Arquitecto Luis Bontempo\u201d<\/em><\/p>\n","protected":false},"excerpt":{"rendered":"<p>La misma tiene que ver con la disconformidad general que produjo la suspensi\u00f3n de la reuni\u00f3n que iban a mantener &#8230; <a title=\"Nueva nota del Concejo Deliberante al Ministerio de Planificaci\u00f3n Federal\" class=\"read-more\" href=\"https:\/\/www.hoymercedes.com.ar\/principal\/2012\/05\/29\/nueva-nota-del-concejo-deliberante-al-ministerio-de-planificacion-federal\/\" aria-label=\"Leer m\u00e1s sobre Nueva nota del Concejo Deliberante al Ministerio de Planificaci\u00f3n Federal\">Leer m\u00e1s<\/a><\/p>\n","protected":false},"author":1,"featured_media":0,"comment_status":"open","ping_status":"open","sticky":false,"template":"","format":"standard","meta":{"_monsterinsights_skip_tracking":false,"_monsterinsights_sitenote_active":false,"_monsterinsights_sitenote_note":"","_monsterinsights_sitenote_category":0,"jetpack_post_was_ever_published":false,"_jetpack_newsletter_access":"","_jetpack_dont_email_post_to_subs":false,"_jetpack_newsletter_tier_id":0,"_jetpack_memberships_contains_paywalled_content":false,"_jetpack_memberships_contains_paid_content":false,"footnotes":"","jetpack_publicize_message":"","jetpack_publicize_feature_enabled":true,"jetpack_social_post_already_shared":false,"jetpack_social_options":{"image_generator_settings":{"template":"highway","default_image_id":0,"font":"","enabled":false},"version":2},"_wpas_customize_per_network":false},"categories":[8],"tags":[2063,236],"class_list":["post-13185","post","type-post","status-publish","format-standard","hentry","category-sociedad","tag-barrio-favaloro","tag-concejo-deliberante","generate-columns","tablet-grid-50","mobile-grid-100","grid-parent","grid-50"],"jetpack_publicize_connections":[],"jetpack_featured_media_url":"","wps_subtitle":"","jetpack_sharing_enabled":true,"_links":{"self":[{"href":"https:\/\/www.hoymercedes.com.ar\/principal\/wp-json\/wp\/v2\/posts\/13185","targetHints":{"allow":["GET"]}}],"collection":[{"href":"https:\/\/www.hoymercedes.com.ar\/principal\/wp-json\/wp\/v2\/posts"}],"about":[{"href":"https:\/\/www.hoymercedes.com.ar\/principal\/wp-json\/wp\/v2\/types\/post"}],"author":[{"embeddable":true,"href":"https:\/\/www.hoymercedes.com.ar\/principal\/wp-json\/wp\/v2\/users\/1"}],"replies":[{"embeddable":true,"href":"https:\/\/www.hoymercedes.com.ar\/principal\/wp-json\/wp\/v2\/comments?post=13185"}],"version-history":[{"count":0,"href":"https:\/\/www.hoymercedes.com.ar\/principal\/wp-json\/wp\/v2\/posts\/13185\/revisions"}],"wp:attachment":[{"href":"https:\/\/www.hoymercedes.com.ar\/principal\/wp-json\/wp\/v2\/media?parent=13185"}],"wp:term":[{"taxonomy":"category","embeddable":true,"href":"https:\/\/www.hoymercedes.com.ar\/principal\/wp-json\/wp\/v2\/categories?post=13185"},{"taxonomy":"post_tag","embeddable":true,"href":"https:\/\/www.hoymercedes.com.ar\/principal\/wp-json\/wp\/v2\/tags?post=13185"}],"curies":[{"name":"wp","href":"https:\/\/api.w.org\/{rel}","templated":true}]}}