{"id":13188,"date":"2012-05-29T11:27:45","date_gmt":"2012-05-29T11:27:45","guid":{"rendered":"http:\/\/www.hoymercedes.com.ar\/principal\/?p=13188"},"modified":"2012-05-29T11:27:45","modified_gmt":"2012-05-29T11:27:45","slug":"aristi-no-tengan-dudas-que-el-campo-se-para-y-vuelve-a-la-calle-nuevamente","status":"publish","type":"post","link":"https:\/\/www.hoymercedes.com.ar\/principal\/2012\/05\/29\/aristi-no-tengan-dudas-que-el-campo-se-para-y-vuelve-a-la-calle-nuevamente\/","title":{"rendered":"Aristi: \u201cNo tengan dudas que el campo se para y vuelve  a la calle nuevamente\u201d"},"content":{"rendered":"<p><a href=\"https:\/\/www.hoymercedes.com.ar\/principal\/wp-content\/uploads\/2012\/05\/Aristi.jpg\"><img loading=\"lazy\" decoding=\"async\" data-attachment-id=\"13190\" data-permalink=\"https:\/\/www.hoymercedes.com.ar\/principal\/2012\/05\/29\/aristi-no-tengan-dudas-que-el-campo-se-para-y-vuelve-a-la-calle-nuevamente\/aristi-2\/#main\" data-orig-file=\"https:\/\/www.hoymercedes.com.ar\/principal\/wp-content\/uploads\/2012\/05\/Aristi.jpg\" data-orig-size=\"613,333\" data-comments-opened=\"1\" data-image-meta=\"{&quot;aperture&quot;:&quot;2.8&quot;,&quot;credit&quot;:&quot;&quot;,&quot;camera&quot;:&quot;COOLPIX L10&quot;,&quot;caption&quot;:&quot;&quot;,&quot;created_timestamp&quot;:&quot;1337951592&quot;,&quot;copyright&quot;:&quot;Copyright 2006&quot;,&quot;focal_length&quot;:&quot;6.2&quot;,&quot;iso&quot;:&quot;200&quot;,&quot;shutter_speed&quot;:&quot;0.016666666666667&quot;,&quot;title&quot;:&quot;&quot;}\" data-image-title=\"Aristi\" data-image-description=\"\" data-image-caption=\"\" data-large-file=\"https:\/\/www.hoymercedes.com.ar\/principal\/wp-content\/uploads\/2012\/05\/Aristi.jpg\" class=\"aligncenter size-full wp-image-13190\" title=\"Aristi\" src=\"https:\/\/www.hoymercedes.com.ar\/principal\/wp-content\/uploads\/2012\/05\/Aristi.jpg\" alt=\"\" width=\"613\" height=\"333\" \/><\/a><\/p>\n<p>As\u00ed respondi\u00f3 ayer el Dr. Carlos Aristi a varios medios de la ciudad aprovechando su presencia en el Honorable Concejo Deliberante en horas de la ma\u00f1ana<\/p>\n<p>El Dr. Carlos Eduardo Aristi, que hasta el momento de asumir como concejal presid\u00eda la Sociedad Rural Regional de Mercedes se refiri\u00f3 nuevamente al <em>\u00abintento del Gobernador Daniel Scioli de incrementar de manera desproporcionada el valor del impuesto Inmobiliario Rural sosteniendo con su cl\u00e1sica manera de expresarse ya que cuando fue consultado acerca de la postura de Scioli respondi\u00f3 de manera muy directa \u201cles puedo garantizar que el campo se vuelve a parar\u201d.<\/em><\/p>\n<p>Como se sabe el gobernador bonaerense pretende aplicar un aumento muy importante a la valuaci\u00f3n fiscal que se toma como base para liquidar el Impuesto Inmobiliario Rural que seg\u00fan los referentes ruralista ser\u00eda casi confiscatorio para los peque\u00f1os y medianos productores.<\/p>\n<p>Aristi precis\u00f3 entre otros conceptos<em> \u201cno se dejo de decir que es cierto que se debe hacer un reval\u00fao debido al tiempo que ha transcurrido sin hacerse pero la manera que en principio el Estado har\u00eda el mismo me parece que no es el adecuado porque no ha tenido en cuenta lo que implicar\u00e1 para la parte netamente productiva porque despu\u00e9s de casi 10 a\u00f1os sin actualizaciones hacerlo de esta manera en un pa\u00eds como el nuestro afecta de manera muy significativa ya que el gobierno no se da cuenta que ataca a la producci\u00f3n en su esencia misma, ataca al patrimonio y de hecho ni siquiera terminar\u00e1 recaudando la provincia sino el h}gobierno nacional porque afecta a los bienes personales\u201d.<\/em><\/p>\n<p>M\u00e1s adelantes y ante otras preguntas efectuadas sobre los perjuicios que el aumento pueda traer dijo <em>\u201cno tengo ninguna duda que va a levar a muchos a una situaci\u00f3n de verdadero quebranto ya que hay que ponerse a pensar que los impuestos en nuestros d\u00edas en la Argentina se llevan en el caso del campo alrededor del cincuenta por ciento que lo que ingresa al productor, pienso que Scioli necesita dinero para la caja y como ve que el productor agropecuario est\u00e1 percibiendo un buen precio por la soja mete mano a dicho recurso, yo tengo que pagar mis impuesto con lo que llego a producir en mi campo y no con un \u00edndice que se determina poro lo que el gobierno cree que ese campo vale.<\/em><\/p>\n<p><em>El campo es un bien inmobiliario que est\u00e1 para producir entonces todo eso hace que lamentablemente Scioli est\u00e9 a punto de cometer un error grav\u00edsimo, es realmente un tema muy delicado.<\/em><\/p>\n<p><em>Hace un tiempo un colega de ustedes, un periodista radial, me dijo que este revalu\u00f3 era otra vez la famosa Resoluci\u00f3n 125, yo digo ahora que es la 250.<\/em><\/p>\n<p><em>Por ora parte esto afectar\u00e1 al peque\u00f1o y mediano productor porque tengan la seguridad que los grandes grupos de siembra con la ganancia que obtienen no tendr\u00e1n problemas en pagar dicho reval\u00fao.<\/em><\/p>\n<p><em>Reitero que pienso que hacer un reval\u00fao es necesario, pero para ello se deber\u00edan juntar todas las partes y comenzar a analizar con mucho cuidado como lo van a formalizar pero no hacerlo de manera unipersonal como lo quiere hacer ahora el estado, si las cosas se hacen de manera acordada y justa nosotros no tenemos porque protestar pero ahora vemos como dije que como al campo le est\u00e1n pagando mucho la soja lo m\u00e1s r\u00e1pido para recaudar es justamente con el campo\u201d<\/em><\/p>\n<p>Finalmente Aristi volvi\u00f3 a decir que si Scioli mantiene su postura y produce el cambio que pretende el campo volver\u00e1 a salir a la calle como ya lo hizo con la resoluci\u00f3n 125. \u00a0Algo que ya hab\u00eda adelantado en nuestra ciudad el titular de CARBAP cuando con motivo de realizarse hace unos d\u00edas el encuentro de dirigentes del Pro concurriera especialmente invitado para fijar su posici\u00f3n.<\/p>\n","protected":false},"excerpt":{"rendered":"<p>As\u00ed respondi\u00f3 ayer el Dr. Carlos Aristi a varios medios de la ciudad aprovechando su presencia en el Honorable Concejo &#8230; <a title=\"Aristi: \u201cNo tengan dudas que el campo se para y vuelve  a la calle nuevamente\u201d\" class=\"read-more\" href=\"https:\/\/www.hoymercedes.com.ar\/principal\/2012\/05\/29\/aristi-no-tengan-dudas-que-el-campo-se-para-y-vuelve-a-la-calle-nuevamente\/\" aria-label=\"Leer m\u00e1s sobre Aristi: \u201cNo tengan dudas que el campo se para y vuelve  a la calle nuevamente\u201d\">Leer m\u00e1s<\/a><\/p>\n","protected":false},"author":1,"featured_media":0,"comment_status":"open","ping_status":"open","sticky":false,"template":"","format":"standard","meta":{"_monsterinsights_skip_tracking":false,"_monsterinsights_sitenote_active":false,"_monsterinsights_sitenote_note":"","_monsterinsights_sitenote_category":0,"jetpack_post_was_ever_published":false,"_jetpack_newsletter_access":"","_jetpack_dont_email_post_to_subs":false,"_jetpack_newsletter_tier_id":0,"_jetpack_memberships_contains_paywalled_content":false,"_jetpack_memberships_contains_paid_content":false,"footnotes":"","jetpack_publicize_message":"","jetpack_publicize_feature_enabled":true,"jetpack_social_post_already_shared":false,"jetpack_social_options":{"image_generator_settings":{"template":"highway","default_image_id":0,"font":"","enabled":false},"version":2},"_wpas_customize_per_network":false},"categories":[5],"tags":[1228,2263,2262],"class_list":["post-13188","post","type-post","status-publish","format-standard","hentry","category-politica","tag-aristi","tag-carbap","tag-paro-del-campo","generate-columns","tablet-grid-50","mobile-grid-100","grid-parent","grid-50"],"jetpack_publicize_connections":[],"jetpack_featured_media_url":"","wps_subtitle":"","jetpack_sharing_enabled":true,"_links":{"self":[{"href":"https:\/\/www.hoymercedes.com.ar\/principal\/wp-json\/wp\/v2\/posts\/13188","targetHints":{"allow":["GET"]}}],"collection":[{"href":"https:\/\/www.hoymercedes.com.ar\/principal\/wp-json\/wp\/v2\/posts"}],"about":[{"href":"https:\/\/www.hoymercedes.com.ar\/principal\/wp-json\/wp\/v2\/types\/post"}],"author":[{"embeddable":true,"href":"https:\/\/www.hoymercedes.com.ar\/principal\/wp-json\/wp\/v2\/users\/1"}],"replies":[{"embeddable":true,"href":"https:\/\/www.hoymercedes.com.ar\/principal\/wp-json\/wp\/v2\/comments?post=13188"}],"version-history":[{"count":0,"href":"https:\/\/www.hoymercedes.com.ar\/principal\/wp-json\/wp\/v2\/posts\/13188\/revisions"}],"wp:attachment":[{"href":"https:\/\/www.hoymercedes.com.ar\/principal\/wp-json\/wp\/v2\/media?parent=13188"}],"wp:term":[{"taxonomy":"category","embeddable":true,"href":"https:\/\/www.hoymercedes.com.ar\/principal\/wp-json\/wp\/v2\/categories?post=13188"},{"taxonomy":"post_tag","embeddable":true,"href":"https:\/\/www.hoymercedes.com.ar\/principal\/wp-json\/wp\/v2\/tags?post=13188"}],"curies":[{"name":"wp","href":"https:\/\/api.w.org\/{rel}","templated":true}]}}