{"id":13195,"date":"2012-05-30T00:28:26","date_gmt":"2012-05-30T00:28:26","guid":{"rendered":"http:\/\/www.hoymercedes.com.ar\/principal\/?p=13195"},"modified":"2012-05-30T02:52:45","modified_gmt":"2012-05-30T02:52:45","slug":"el-oficialismo-logro-imponer-su-proyecto-relacionado-con-la-empresa-atlantida","status":"publish","type":"post","link":"https:\/\/www.hoymercedes.com.ar\/principal\/2012\/05\/30\/el-oficialismo-logro-imponer-su-proyecto-relacionado-con-la-empresa-atlantida\/","title":{"rendered":"El oficialismo logr\u00f3 imponer su proyecto relacionado con la empresa Atl\u00e1ntida"},"content":{"rendered":"<p>Se le enviar\u00e1 una nota consultando acerca de la factibilidad de poder tener dos recorridos diferentes de ingreso y egreso de la ciudad intercalando los mismos, es decir un servicio por el recorrido actual y el siguiente por el nuevo se llegue a establecer.<\/p>\n<p>Finalmente y luego de varios minutos de debate en el que intervinieron los ediles Juan Carlos Ben\u00edtez, Mercedes Mazzocchi, Juan Pablo L\u00f3pez, Rodolfo Principi, y Carlos Aristi, el FPV-Partido Justicialista logr\u00f3 imponer su mayor\u00eda y as\u00ed prosper\u00f3 un proyecto de resoluci\u00f3n que ser\u00e1 dirigido a la Empresa Atl\u00e1ntida solicitando su opini\u00f3n acerca de una futura modificaci\u00f3n en el recorrido que sus unidades hacen para entrar y salir de la ciudad.<\/p>\n<p>La idea que la empresa intercale los lugares de entrada y salida, por ejemplo si el primer micro que entre o sale de la ciudad por la ma\u00f1ana lo hace con el actual recorrido, que el segundo lo haga adoptando uno nuevo que bien podr\u00eda ser el ingreso por Avenida de los Inmigrantes hasta Avenida 1, por esta a 40, por la misma a 47, luego tomar arte de la 34 y as\u00ed llegar hasta la terminal y hacerlo de esa manera a lo largo de todo el d\u00eda, es decir uno y uno.<\/p>\n<p>En tal sentido los integrantes de la Comisi\u00f3n de Tr\u00e1nsito y Seguridad hab\u00eda aprobado un despacho por unanimidad recomendando aprobar la propuesta, pero el Concejal Juan Carlos Ben\u00edtez se transform\u00f3 en la voz opositora al mismo argumentando los perjuicios que se le iba a provocar al pasajero que no iba a saber cuando tomaba el micro por donde iba a ingresar a Mercedes y donde podr\u00eda bajarse para tardar menos en llegar a su casa reconociendo que el servicio local de transporte de pasajeros por colectivos no est\u00e1 funcionando como debiera por lo cual deber\u00eda recurrir a un taxi o un rem\u00eds: <em>\u201cpara aquel que viaja una o dos veces por semana quiz\u00e1s no le afecte, pero a quien viaja todos los d\u00edas genera un gasto muy importante\u201d por lo cual solicit\u00f3 la reconsideraci\u00f3n de la propuesta.<\/em><\/p>\n<p>Fue Mercedes Mazzocchi quien defendi\u00f3 en primer t\u00e9rmino el proyecto del oficialismo argumentando la manera en que ha crecido Mercedes y la necesidad de permitir a otros vecinos poder tener la comodidad de contar con el colectivo a una distancia mucho menos que las avenidas 17 \u00f3 29.<\/p>\n<p>Posteriormente Juan Pablo L\u00f3pez precis\u00f3 que no ve\u00eda el motivo para hacer la consulta a la empresa teniendo en cuenta que es facultad exclusiva del Concejo Deliberante determinar cuales son los recorridos que las diferentes empresas de colectivos pueden hacer admitiendo la posibilidad que el proyecto pudiese volver a la Comisi\u00f3n para ser analizada incluso por ediles que no integran la misma, y hasta poder incorporar la opini\u00f3n de los integrantes del Departamento Ejecutivo.<\/p>\n<p>En esos momentos se permiti\u00f3 el di\u00e1logo entre los diferentes ediles quienes a pesar de todo no llegaron a ponerse de acuerdo, el concejal Rodolfo Principi precis\u00f3 que no se trataba de ninguna imposici\u00f3n sino simplemente el pedido de un punto de vista, ver si la idea era factible y en definitiva se concretaron dos mociones, la del concejal L\u00f3pez solicitando la vuelta del proyecto a comisi\u00f3n y la del bloque oficialista que directamente impulsaba la aprobaci\u00f3n del dictamen de la comisi\u00f3n de transito.<\/p>\n<p>Aqu\u00ed fue cuando el concejal Carlos Aristi, compa\u00f1ero de bloque de Juan Carlos Ben\u00edtez e integrante de la Comisi\u00f3n de Tr\u00e1nsito y Seguridad, sostuvo que si bien hab\u00eda firmado el despacho aprobando el mismo no ten\u00eda problemas en que vuela a comisi\u00f3n mientras se asegure que las cosas se hagan, recordando las palabras atribuidas al general Per\u00f3n cuando dijo que si se quer\u00eda que algo no avanzara se creara una comisi\u00f3n para estudiar el tema.<\/p>\n<p>Puesta a votaci\u00f3n las dos mociones, el bloque de Partido Justicialista \u2013Frente para la Victoria logr\u00f3 la mayor\u00eda necesaria para que fuese aprobado por lo cual ahora se deber\u00e1 realizar la consulta pertinente a la Linea 57.<\/p>\n<p>&nbsp;<\/p>\n","protected":false},"excerpt":{"rendered":"<p>Se le enviar\u00e1 una nota consultando acerca de la factibilidad de poder tener dos recorridos diferentes de ingreso y egreso &#8230; <a title=\"El oficialismo logr\u00f3 imponer su proyecto relacionado con la empresa Atl\u00e1ntida\" class=\"read-more\" href=\"https:\/\/www.hoymercedes.com.ar\/principal\/2012\/05\/30\/el-oficialismo-logro-imponer-su-proyecto-relacionado-con-la-empresa-atlantida\/\" aria-label=\"Leer m\u00e1s sobre El oficialismo logr\u00f3 imponer su proyecto relacionado con la empresa Atl\u00e1ntida\">Leer m\u00e1s<\/a><\/p>\n","protected":false},"author":1,"featured_media":0,"comment_status":"open","ping_status":"open","sticky":false,"template":"","format":"standard","meta":{"_monsterinsights_skip_tracking":false,"_monsterinsights_sitenote_active":false,"_monsterinsights_sitenote_note":"","_monsterinsights_sitenote_category":0,"jetpack_post_was_ever_published":false,"_jetpack_newsletter_access":"","_jetpack_dont_email_post_to_subs":false,"_jetpack_newsletter_tier_id":0,"_jetpack_memberships_contains_paywalled_content":false,"_jetpack_memberships_contains_paid_content":false,"footnotes":"","jetpack_publicize_message":"","jetpack_publicize_feature_enabled":true,"jetpack_social_post_already_shared":false,"jetpack_social_options":{"image_generator_settings":{"template":"highway","default_image_id":0,"font":"","enabled":false},"version":2},"_wpas_customize_per_network":false},"categories":[5],"tags":[2241],"class_list":["post-13195","post","type-post","status-publish","format-standard","hentry","category-politica","tag-linea-57","generate-columns","tablet-grid-50","mobile-grid-100","grid-parent","grid-50"],"jetpack_publicize_connections":[],"jetpack_featured_media_url":"","wps_subtitle":"","jetpack_sharing_enabled":true,"_links":{"self":[{"href":"https:\/\/www.hoymercedes.com.ar\/principal\/wp-json\/wp\/v2\/posts\/13195","targetHints":{"allow":["GET"]}}],"collection":[{"href":"https:\/\/www.hoymercedes.com.ar\/principal\/wp-json\/wp\/v2\/posts"}],"about":[{"href":"https:\/\/www.hoymercedes.com.ar\/principal\/wp-json\/wp\/v2\/types\/post"}],"author":[{"embeddable":true,"href":"https:\/\/www.hoymercedes.com.ar\/principal\/wp-json\/wp\/v2\/users\/1"}],"replies":[{"embeddable":true,"href":"https:\/\/www.hoymercedes.com.ar\/principal\/wp-json\/wp\/v2\/comments?post=13195"}],"version-history":[{"count":0,"href":"https:\/\/www.hoymercedes.com.ar\/principal\/wp-json\/wp\/v2\/posts\/13195\/revisions"}],"wp:attachment":[{"href":"https:\/\/www.hoymercedes.com.ar\/principal\/wp-json\/wp\/v2\/media?parent=13195"}],"wp:term":[{"taxonomy":"category","embeddable":true,"href":"https:\/\/www.hoymercedes.com.ar\/principal\/wp-json\/wp\/v2\/categories?post=13195"},{"taxonomy":"post_tag","embeddable":true,"href":"https:\/\/www.hoymercedes.com.ar\/principal\/wp-json\/wp\/v2\/tags?post=13195"}],"curies":[{"name":"wp","href":"https:\/\/api.w.org\/{rel}","templated":true}]}}