{"id":132327,"date":"2021-06-24T09:00:00","date_gmt":"2021-06-24T12:00:00","guid":{"rendered":"https:\/\/www.hoymercedes.com.ar\/principal\/?p=132327"},"modified":"2021-06-24T08:58:34","modified_gmt":"2021-06-24T11:58:34","slug":"licitaron-obras-viales-en-mas-de-183-millones-de-pesos","status":"publish","type":"post","link":"https:\/\/www.hoymercedes.com.ar\/principal\/2021\/06\/24\/licitaron-obras-viales-en-mas-de-183-millones-de-pesos\/","title":{"rendered":"Licitaron obras viales en m\u00e1s de 183 millones de pesos"},"content":{"rendered":"\n<p>El intendente Ustarroz junto al director Daniel Apestegu\u00eda participaron de un encuentro v\u00eda teleconferencia con el Ministerio de Infraestructura de la Provincia Agust\u00edn Simone por la licitaci\u00f3n de las obras viales rurales anunciadas d\u00edas atr\u00e1s. Tambi\u00e9n participaron representantes de Chascom\u00fas, Exaltaci\u00f3n de la Cruz y Lincoln. \u00a0<\/p>\n\n\n\n<div class=\"wp-block-image\"><figure class=\"aligncenter size-large\"><img loading=\"lazy\" decoding=\"async\" width=\"800\" height=\"399\" data-attachment-id=\"132328\" data-permalink=\"https:\/\/www.hoymercedes.com.ar\/principal\/2021\/06\/24\/licitaron-obras-viales-en-mas-de-183-millones-de-pesos\/dsc07701\/#main\" data-orig-file=\"https:\/\/www.hoymercedes.com.ar\/principal\/wp-content\/uploads\/2021\/06\/DSC07701.jpg\" data-orig-size=\"800,399\" data-comments-opened=\"0\" data-image-meta=\"{&quot;aperture&quot;:&quot;0&quot;,&quot;credit&quot;:&quot;&quot;,&quot;camera&quot;:&quot;&quot;,&quot;caption&quot;:&quot;&quot;,&quot;created_timestamp&quot;:&quot;1624524452&quot;,&quot;copyright&quot;:&quot;&quot;,&quot;focal_length&quot;:&quot;0&quot;,&quot;iso&quot;:&quot;0&quot;,&quot;shutter_speed&quot;:&quot;0&quot;,&quot;title&quot;:&quot;&quot;,&quot;orientation&quot;:&quot;1&quot;}\" data-image-title=\"DSC07701\" data-image-description=\"\" data-image-caption=\"\" data-large-file=\"https:\/\/www.hoymercedes.com.ar\/principal\/wp-content\/uploads\/2021\/06\/DSC07701.jpg\" src=\"https:\/\/www.hoymercedes.com.ar\/principal\/wp-content\/uploads\/2021\/06\/DSC07701.jpg\" alt=\"\" class=\"wp-image-132328\" srcset=\"https:\/\/www.hoymercedes.com.ar\/principal\/wp-content\/uploads\/2021\/06\/DSC07701.jpg 800w, https:\/\/www.hoymercedes.com.ar\/principal\/wp-content\/uploads\/2021\/06\/DSC07701-630x314.jpg 630w, https:\/\/www.hoymercedes.com.ar\/principal\/wp-content\/uploads\/2021\/06\/DSC07701-150x75.jpg 150w\" sizes=\"auto, (max-width: 800px) 100vw, 800px\" \/><\/figure><\/div>\n\n\n\n<p>Las obras licitadas se enmarcan dentro del Plan Integral de mejora en Caminos Rurales, que la repartici\u00f3n lleva adelante en la red vial provincial de tierra. Las intervenciones mejorar\u00e1n la transitabilidad de veh\u00edculos livianos y pesados, aumentando la conectividad entre localidades y parajes. <\/p>\n\n\n\n<p>Adem\u00e1s, aportar\u00e1n a la educaci\u00f3n ya que se realizar\u00e1n mejoras en los ingresos y egresos a jardines y escuelas rurales. Tambi\u00e9n tendr\u00e1n un impacto directo en el sistema productivo regional, teniendo en cuenta la intensa circulaci\u00f3n de camiones de carga y maquinaria agr\u00edcola. \u00a0<\/p>\n\n\n\n<p>El intendente destac\u00f3 la importancia de la intervenci\u00f3n que supera los 180 millones de pesos y cubrir\u00e1 m\u00e1s de 37 kil\u00f3metros en el Partido de Mercedes<\/p>\n\n\n\n<p> \u00a0<\/p>\n","protected":false},"excerpt":{"rendered":"<p>El intendente Ustarroz junto al director Daniel Apestegu\u00eda participaron de un encuentro v\u00eda teleconferencia con el Ministerio de Infraestructura de &#8230; <a title=\"Licitaron obras viales en m\u00e1s de 183 millones de pesos\" class=\"read-more\" href=\"https:\/\/www.hoymercedes.com.ar\/principal\/2021\/06\/24\/licitaron-obras-viales-en-mas-de-183-millones-de-pesos\/\" aria-label=\"Leer m\u00e1s sobre Licitaron obras viales en m\u00e1s de 183 millones de pesos\">Leer m\u00e1s<\/a><\/p>\n","protected":false},"author":1,"featured_media":132328,"comment_status":"closed","ping_status":"open","sticky":false,"template":"","format":"standard","meta":{"_monsterinsights_skip_tracking":false,"_monsterinsights_sitenote_active":false,"_monsterinsights_sitenote_note":"","_monsterinsights_sitenote_category":0,"jetpack_post_was_ever_published":false,"_jetpack_newsletter_access":"","_jetpack_dont_email_post_to_subs":false,"_jetpack_newsletter_tier_id":0,"_jetpack_memberships_contains_paywalled_content":false,"_jetpack_memberships_contains_paid_content":false,"footnotes":"","jetpack_publicize_message":"","jetpack_publicize_feature_enabled":true,"jetpack_social_post_already_shared":true,"jetpack_social_options":{"image_generator_settings":{"template":"highway","default_image_id":0,"font":"","enabled":false},"version":2},"_wpas_customize_per_network":false},"categories":[30],"tags":[],"class_list":["post-132327","post","type-post","status-publish","format-standard","has-post-thumbnail","hentry","category-municipio","generate-columns","tablet-grid-50","mobile-grid-100","grid-parent","grid-50"],"jetpack_publicize_connections":[],"jetpack_featured_media_url":"https:\/\/www.hoymercedes.com.ar\/principal\/wp-content\/uploads\/2021\/06\/DSC07701.jpg","wps_subtitle":"","jetpack_sharing_enabled":true,"_links":{"self":[{"href":"https:\/\/www.hoymercedes.com.ar\/principal\/wp-json\/wp\/v2\/posts\/132327","targetHints":{"allow":["GET"]}}],"collection":[{"href":"https:\/\/www.hoymercedes.com.ar\/principal\/wp-json\/wp\/v2\/posts"}],"about":[{"href":"https:\/\/www.hoymercedes.com.ar\/principal\/wp-json\/wp\/v2\/types\/post"}],"author":[{"embeddable":true,"href":"https:\/\/www.hoymercedes.com.ar\/principal\/wp-json\/wp\/v2\/users\/1"}],"replies":[{"embeddable":true,"href":"https:\/\/www.hoymercedes.com.ar\/principal\/wp-json\/wp\/v2\/comments?post=132327"}],"version-history":[{"count":0,"href":"https:\/\/www.hoymercedes.com.ar\/principal\/wp-json\/wp\/v2\/posts\/132327\/revisions"}],"wp:featuredmedia":[{"embeddable":true,"href":"https:\/\/www.hoymercedes.com.ar\/principal\/wp-json\/wp\/v2\/media\/132328"}],"wp:attachment":[{"href":"https:\/\/www.hoymercedes.com.ar\/principal\/wp-json\/wp\/v2\/media?parent=132327"}],"wp:term":[{"taxonomy":"category","embeddable":true,"href":"https:\/\/www.hoymercedes.com.ar\/principal\/wp-json\/wp\/v2\/categories?post=132327"},{"taxonomy":"post_tag","embeddable":true,"href":"https:\/\/www.hoymercedes.com.ar\/principal\/wp-json\/wp\/v2\/tags?post=132327"}],"curies":[{"name":"wp","href":"https:\/\/api.w.org\/{rel}","templated":true}]}}