{"id":132364,"date":"2021-06-24T21:22:50","date_gmt":"2021-06-25T00:22:50","guid":{"rendered":"https:\/\/www.hoymercedes.com.ar\/principal\/?p=132364"},"modified":"2021-06-24T21:22:55","modified_gmt":"2021-06-25T00:22:55","slug":"segunda-ola-1-fallecido-y-38-positivos","status":"publish","type":"post","link":"https:\/\/www.hoymercedes.com.ar\/principal\/2021\/06\/24\/segunda-ola-1-fallecido-y-38-positivos\/","title":{"rendered":"Segunda ola: 1 fallecido y 38 positivos"},"content":{"rendered":"\n<p>En el d\u00eda de la fecha lamentamos el fallecimiento de 1 paciente portador del virus. A su vez se logr\u00f3 la detecci\u00f3n de 38 nuevos positivos en 108 test efectuados en el laboratorio de virolog\u00eda molecular, siendo el reunionismo el principal factor de contagio.<\/p>\n\n\n\n<p>Por su parte, 6565 personas obtuvieron el alta m\u00e9dica siendo 40 en el d\u00eda de la fecha.<\/p>\n\n\n\n<p>El total de casos activos es de 188 en la actualidad.<\/p>\n\n\n\n<p>Desde el inicio de la pandemia 6229 vecinos y vecinas dieron positivos.<\/p>\n\n\n\n<p>El total de testeo de laboratorio arriba 23541 realizados hasta la fecha.<\/p>\n\n\n\n<p>Las v\u00edctimas fatales ascienden a 148 desde iniciada la pandemia.<\/p>\n\n\n\n<p>En cuanto a la ocupaci\u00f3n de camas arriba al 75% en terapia intensiva en el sistema de salud mercedino.<\/p>\n\n\n\n<div class=\"wp-block-image\"><figure class=\"aligncenter size-large\"><img loading=\"lazy\" decoding=\"async\" width=\"800\" height=\"800\" data-attachment-id=\"132365\" data-permalink=\"https:\/\/www.hoymercedes.com.ar\/principal\/2021\/06\/24\/segunda-ola-1-fallecido-y-38-positivos\/24-06-2021\/#main\" data-orig-file=\"https:\/\/www.hoymercedes.com.ar\/principal\/wp-content\/uploads\/2021\/06\/24.06.2021.jpg\" data-orig-size=\"800,800\" data-comments-opened=\"0\" data-image-meta=\"{&quot;aperture&quot;:&quot;0&quot;,&quot;credit&quot;:&quot;&quot;,&quot;camera&quot;:&quot;&quot;,&quot;caption&quot;:&quot;&quot;,&quot;created_timestamp&quot;:&quot;0&quot;,&quot;copyright&quot;:&quot;&quot;,&quot;focal_length&quot;:&quot;0&quot;,&quot;iso&quot;:&quot;0&quot;,&quot;shutter_speed&quot;:&quot;0&quot;,&quot;title&quot;:&quot;&quot;,&quot;orientation&quot;:&quot;0&quot;}\" data-image-title=\"24.06.2021\" data-image-description=\"\" data-image-caption=\"\" data-large-file=\"https:\/\/www.hoymercedes.com.ar\/principal\/wp-content\/uploads\/2021\/06\/24.06.2021.jpg\" src=\"https:\/\/www.hoymercedes.com.ar\/principal\/wp-content\/uploads\/2021\/06\/24.06.2021.jpg\" alt=\"\" class=\"wp-image-132365\" srcset=\"https:\/\/www.hoymercedes.com.ar\/principal\/wp-content\/uploads\/2021\/06\/24.06.2021.jpg 800w, https:\/\/www.hoymercedes.com.ar\/principal\/wp-content\/uploads\/2021\/06\/24.06.2021-620x620.jpg 620w, https:\/\/www.hoymercedes.com.ar\/principal\/wp-content\/uploads\/2021\/06\/24.06.2021-150x150.jpg 150w\" sizes=\"auto, (max-width: 800px) 100vw, 800px\" \/><\/figure><\/div>\n","protected":false},"excerpt":{"rendered":"<p>En el d\u00eda de la fecha lamentamos el fallecimiento de 1 paciente portador del virus. A su vez se logr\u00f3 &#8230; <a title=\"Segunda ola: 1 fallecido y 38 positivos\" class=\"read-more\" href=\"https:\/\/www.hoymercedes.com.ar\/principal\/2021\/06\/24\/segunda-ola-1-fallecido-y-38-positivos\/\" aria-label=\"Leer m\u00e1s sobre Segunda ola: 1 fallecido y 38 positivos\">Leer m\u00e1s<\/a><\/p>\n","protected":false},"author":1,"featured_media":132365,"comment_status":"closed","ping_status":"open","sticky":false,"template":"","format":"standard","meta":{"_monsterinsights_skip_tracking":false,"_monsterinsights_sitenote_active":false,"_monsterinsights_sitenote_note":"","_monsterinsights_sitenote_category":0,"jetpack_post_was_ever_published":false,"_jetpack_newsletter_access":"","_jetpack_dont_email_post_to_subs":false,"_jetpack_newsletter_tier_id":0,"_jetpack_memberships_contains_paywalled_content":false,"_jetpack_memberships_contains_paid_content":false,"footnotes":"","jetpack_publicize_message":"","jetpack_publicize_feature_enabled":true,"jetpack_social_post_already_shared":true,"jetpack_social_options":{"image_generator_settings":{"template":"highway","default_image_id":0,"font":"","enabled":false},"version":2},"_wpas_customize_per_network":false},"categories":[8],"tags":[16313],"class_list":["post-132364","post","type-post","status-publish","format-standard","has-post-thumbnail","hentry","category-sociedad","tag-covid-19","generate-columns","tablet-grid-50","mobile-grid-100","grid-parent","grid-50"],"jetpack_publicize_connections":[],"jetpack_featured_media_url":"https:\/\/www.hoymercedes.com.ar\/principal\/wp-content\/uploads\/2021\/06\/24.06.2021.jpg","wps_subtitle":"#Coronavirus","jetpack_sharing_enabled":true,"_links":{"self":[{"href":"https:\/\/www.hoymercedes.com.ar\/principal\/wp-json\/wp\/v2\/posts\/132364","targetHints":{"allow":["GET"]}}],"collection":[{"href":"https:\/\/www.hoymercedes.com.ar\/principal\/wp-json\/wp\/v2\/posts"}],"about":[{"href":"https:\/\/www.hoymercedes.com.ar\/principal\/wp-json\/wp\/v2\/types\/post"}],"author":[{"embeddable":true,"href":"https:\/\/www.hoymercedes.com.ar\/principal\/wp-json\/wp\/v2\/users\/1"}],"replies":[{"embeddable":true,"href":"https:\/\/www.hoymercedes.com.ar\/principal\/wp-json\/wp\/v2\/comments?post=132364"}],"version-history":[{"count":0,"href":"https:\/\/www.hoymercedes.com.ar\/principal\/wp-json\/wp\/v2\/posts\/132364\/revisions"}],"wp:featuredmedia":[{"embeddable":true,"href":"https:\/\/www.hoymercedes.com.ar\/principal\/wp-json\/wp\/v2\/media\/132365"}],"wp:attachment":[{"href":"https:\/\/www.hoymercedes.com.ar\/principal\/wp-json\/wp\/v2\/media?parent=132364"}],"wp:term":[{"taxonomy":"category","embeddable":true,"href":"https:\/\/www.hoymercedes.com.ar\/principal\/wp-json\/wp\/v2\/categories?post=132364"},{"taxonomy":"post_tag","embeddable":true,"href":"https:\/\/www.hoymercedes.com.ar\/principal\/wp-json\/wp\/v2\/tags?post=132364"}],"curies":[{"name":"wp","href":"https:\/\/api.w.org\/{rel}","templated":true}]}}