{"id":132387,"date":"2021-06-25T20:20:00","date_gmt":"2021-06-25T23:20:00","guid":{"rendered":"https:\/\/www.hoymercedes.com.ar\/principal\/?p=132387"},"modified":"2021-06-25T20:00:48","modified_gmt":"2021-06-25T23:00:48","slug":"con-velas-y-flores-recordaron-a-las-personas-fallecidas-por-el-covid","status":"publish","type":"post","link":"https:\/\/www.hoymercedes.com.ar\/principal\/2021\/06\/25\/con-velas-y-flores-recordaron-a-las-personas-fallecidas-por-el-covid\/","title":{"rendered":"Con velas y flores recordaron a las personas fallecidas por el covid"},"content":{"rendered":"\n<p>Sencillo, pero muy emotivo fue el homenaje a las personas que fallecieron a consecuencia del covid de Mercedes. A medida que llegaban a los pies del monumento de San Mart\u00edn, quienes se acercaron fueron dejando su vela o flor. Un momento emotivo, breve, silencioso e \u00edntimo.<\/p>\n\n\n\n<div class=\"wp-block-image\"><figure class=\"aligncenter size-large\"><img loading=\"lazy\" decoding=\"async\" width=\"800\" height=\"533\" data-attachment-id=\"132391\" data-permalink=\"https:\/\/www.hoymercedes.com.ar\/principal\/2021\/06\/25\/con-velas-y-flores-recordaron-a-las-personas-fallecidas-por-el-covid\/img_20210625_161824347\/#main\" data-orig-file=\"https:\/\/www.hoymercedes.com.ar\/principal\/wp-content\/uploads\/2021\/06\/IMG_20210625_161824347.jpg\" data-orig-size=\"800,533\" data-comments-opened=\"0\" data-image-meta=\"{&quot;aperture&quot;:&quot;0&quot;,&quot;credit&quot;:&quot;&quot;,&quot;camera&quot;:&quot;&quot;,&quot;caption&quot;:&quot;&quot;,&quot;created_timestamp&quot;:&quot;1624637904&quot;,&quot;copyright&quot;:&quot;&quot;,&quot;focal_length&quot;:&quot;0&quot;,&quot;iso&quot;:&quot;0&quot;,&quot;shutter_speed&quot;:&quot;0&quot;,&quot;title&quot;:&quot;&quot;,&quot;orientation&quot;:&quot;1&quot;}\" data-image-title=\"IMG_20210625_161824347\" data-image-description=\"\" data-image-caption=\"\" data-large-file=\"https:\/\/www.hoymercedes.com.ar\/principal\/wp-content\/uploads\/2021\/06\/IMG_20210625_161824347.jpg\" src=\"https:\/\/www.hoymercedes.com.ar\/principal\/wp-content\/uploads\/2021\/06\/IMG_20210625_161824347.jpg\" alt=\"\" class=\"wp-image-132391\" srcset=\"https:\/\/www.hoymercedes.com.ar\/principal\/wp-content\/uploads\/2021\/06\/IMG_20210625_161824347.jpg 800w, https:\/\/www.hoymercedes.com.ar\/principal\/wp-content\/uploads\/2021\/06\/IMG_20210625_161824347-630x420.jpg 630w, https:\/\/www.hoymercedes.com.ar\/principal\/wp-content\/uploads\/2021\/06\/IMG_20210625_161824347-150x100.jpg 150w, https:\/\/www.hoymercedes.com.ar\/principal\/wp-content\/uploads\/2021\/06\/IMG_20210625_161824347-700x465.jpg 700w\" sizes=\"auto, (max-width: 800px) 100vw, 800px\" \/><\/figure><\/div>\n\n\n\n<p>En la plaza San Mart\u00edn, los vecinos, amigos y familiares de alguno de los mercedinos y mercedinas que no pudieron combatir el coronavirus, se dieron cita durante la tarde de este viernes para dejar una flor o encender una vela a la memoria de estas 148 personas. <\/p>\n\n\n\n<p>Lourdes Calabria, una de las vecinas que invit\u00f3 a trav\u00e9s de las redes sociales, cont\u00f3 a este medio, la propuesta de hacer un peque\u00f1o homenaje a los fallecidos por el covid, surgi\u00f3 en un charla familiar, cuando notaron la ausencia de varios amigos y familiares. <\/p>\n\n\n\n<p>\u00abEn esa charla, tomamos conciencia, que estaba perdiendo conciencia de la cantidad amigos y conocidos fallecidos este \u00faltimo a\u00f1o. Me hizo tan mal, tan mal. Sentimos una tristeza tremenda de haber olvidado que esas personas murieron por covid\u00bb, dijo Lourdes y enfatiz\u00f3 que lo pensaron como un modo de acompa\u00f1ar a esas familias que perdieron a sus seres queridos por la pandemia. <\/p>\n\n\n\n<p>\u00abEs acompa\u00f1ar el dolor del alma de nuestros amigos, sus familiares. Es haber tenido que contener a la distancia, con mensajes, no poder ir al cementerio a despdirlos, no poder hacer absolutamente nada. Ese dolor transformalo en algo positivo\u00bb, agreg\u00f3 la vecina que invitaba a quien quisiese pase por el monumento, con distancia y barbijo, deje su vela o flor a la memoria y homenaje a las personas que ya no est\u00e1n y en acompa\u00f1amiento a las familias que perdieron a sus seres queridos. <\/p>\n\n\n\n<div class=\"wp-block-jetpack-slideshow aligncenter\" data-effect=\"slide\"><div class=\"wp-block-jetpack-slideshow_container swiper-container\"><ul class=\"wp-block-jetpack-slideshow_swiper-wrapper swiper-wrapper\"><li class=\"wp-block-jetpack-slideshow_slide swiper-slide\"><figure><img loading=\"lazy\" decoding=\"async\" width=\"800\" height=\"533\" alt=\"\" class=\"wp-block-jetpack-slideshow_image wp-image-132388\" data-id=\"132388\" src=\"https:\/\/www.hoymercedes.com.ar\/principal\/wp-content\/uploads\/2021\/06\/IMG_20210625_161848310.jpg\" srcset=\"https:\/\/www.hoymercedes.com.ar\/principal\/wp-content\/uploads\/2021\/06\/IMG_20210625_161848310.jpg 800w, https:\/\/www.hoymercedes.com.ar\/principal\/wp-content\/uploads\/2021\/06\/IMG_20210625_161848310-630x420.jpg 630w, https:\/\/www.hoymercedes.com.ar\/principal\/wp-content\/uploads\/2021\/06\/IMG_20210625_161848310-150x100.jpg 150w, https:\/\/www.hoymercedes.com.ar\/principal\/wp-content\/uploads\/2021\/06\/IMG_20210625_161848310-700x465.jpg 700w\" sizes=\"(max-width: 800px) 100vw, 800px\" \/><\/figure><\/li><li class=\"wp-block-jetpack-slideshow_slide swiper-slide\"><figure><img loading=\"lazy\" decoding=\"async\" width=\"800\" height=\"533\" alt=\"\" class=\"wp-block-jetpack-slideshow_image wp-image-132412\" data-id=\"132412\" src=\"https:\/\/www.hoymercedes.com.ar\/principal\/wp-content\/uploads\/2021\/06\/IMG_20210625_160935892.jpg\" srcset=\"https:\/\/www.hoymercedes.com.ar\/principal\/wp-content\/uploads\/2021\/06\/IMG_20210625_160935892.jpg 800w, https:\/\/www.hoymercedes.com.ar\/principal\/wp-content\/uploads\/2021\/06\/IMG_20210625_160935892-630x420.jpg 630w, https:\/\/www.hoymercedes.com.ar\/principal\/wp-content\/uploads\/2021\/06\/IMG_20210625_160935892-150x100.jpg 150w, https:\/\/www.hoymercedes.com.ar\/principal\/wp-content\/uploads\/2021\/06\/IMG_20210625_160935892-700x465.jpg 700w\" sizes=\"(max-width: 800px) 100vw, 800px\" \/><\/figure><\/li><li class=\"wp-block-jetpack-slideshow_slide swiper-slide\"><figure><img loading=\"lazy\" decoding=\"async\" width=\"800\" height=\"533\" alt=\"\" class=\"wp-block-jetpack-slideshow_image wp-image-132392\" data-id=\"132392\" src=\"https:\/\/www.hoymercedes.com.ar\/principal\/wp-content\/uploads\/2021\/06\/IMG_20210625_161122343.jpg\" srcset=\"https:\/\/www.hoymercedes.com.ar\/principal\/wp-content\/uploads\/2021\/06\/IMG_20210625_161122343.jpg 800w, https:\/\/www.hoymercedes.com.ar\/principal\/wp-content\/uploads\/2021\/06\/IMG_20210625_161122343-630x420.jpg 630w, https:\/\/www.hoymercedes.com.ar\/principal\/wp-content\/uploads\/2021\/06\/IMG_20210625_161122343-150x100.jpg 150w, https:\/\/www.hoymercedes.com.ar\/principal\/wp-content\/uploads\/2021\/06\/IMG_20210625_161122343-700x465.jpg 700w\" sizes=\"(max-width: 800px) 100vw, 800px\" \/><\/figure><\/li><li class=\"wp-block-jetpack-slideshow_slide swiper-slide\"><figure><img loading=\"lazy\" decoding=\"async\" width=\"800\" height=\"533\" alt=\"\" class=\"wp-block-jetpack-slideshow_image wp-image-132390\" data-id=\"132390\" src=\"https:\/\/www.hoymercedes.com.ar\/principal\/wp-content\/uploads\/2021\/06\/IMG_20210625_161833764.jpg\" srcset=\"https:\/\/www.hoymercedes.com.ar\/principal\/wp-content\/uploads\/2021\/06\/IMG_20210625_161833764.jpg 800w, https:\/\/www.hoymercedes.com.ar\/principal\/wp-content\/uploads\/2021\/06\/IMG_20210625_161833764-630x420.jpg 630w, https:\/\/www.hoymercedes.com.ar\/principal\/wp-content\/uploads\/2021\/06\/IMG_20210625_161833764-150x100.jpg 150w, https:\/\/www.hoymercedes.com.ar\/principal\/wp-content\/uploads\/2021\/06\/IMG_20210625_161833764-700x465.jpg 700w\" sizes=\"(max-width: 800px) 100vw, 800px\" \/><\/figure><\/li><li class=\"wp-block-jetpack-slideshow_slide swiper-slide\"><figure><img loading=\"lazy\" decoding=\"async\" width=\"800\" height=\"533\" alt=\"\" class=\"wp-block-jetpack-slideshow_image wp-image-132411\" data-id=\"132411\" src=\"https:\/\/www.hoymercedes.com.ar\/principal\/wp-content\/uploads\/2021\/06\/IMG_20210625_160825286.jpg\" srcset=\"https:\/\/www.hoymercedes.com.ar\/principal\/wp-content\/uploads\/2021\/06\/IMG_20210625_160825286.jpg 800w, https:\/\/www.hoymercedes.com.ar\/principal\/wp-content\/uploads\/2021\/06\/IMG_20210625_160825286-630x420.jpg 630w, https:\/\/www.hoymercedes.com.ar\/principal\/wp-content\/uploads\/2021\/06\/IMG_20210625_160825286-150x100.jpg 150w, https:\/\/www.hoymercedes.com.ar\/principal\/wp-content\/uploads\/2021\/06\/IMG_20210625_160825286-700x465.jpg 700w\" sizes=\"(max-width: 800px) 100vw, 800px\" \/><\/figure><\/li><li class=\"wp-block-jetpack-slideshow_slide swiper-slide\"><figure><img loading=\"lazy\" decoding=\"async\" width=\"800\" height=\"533\" alt=\"\" class=\"wp-block-jetpack-slideshow_image wp-image-132389\" data-id=\"132389\" src=\"https:\/\/www.hoymercedes.com.ar\/principal\/wp-content\/uploads\/2021\/06\/IMG_20210625_161145364.jpg\" srcset=\"https:\/\/www.hoymercedes.com.ar\/principal\/wp-content\/uploads\/2021\/06\/IMG_20210625_161145364.jpg 800w, https:\/\/www.hoymercedes.com.ar\/principal\/wp-content\/uploads\/2021\/06\/IMG_20210625_161145364-630x420.jpg 630w, https:\/\/www.hoymercedes.com.ar\/principal\/wp-content\/uploads\/2021\/06\/IMG_20210625_161145364-150x100.jpg 150w, https:\/\/www.hoymercedes.com.ar\/principal\/wp-content\/uploads\/2021\/06\/IMG_20210625_161145364-700x465.jpg 700w\" sizes=\"(max-width: 800px) 100vw, 800px\" \/><\/figure><\/li><li class=\"wp-block-jetpack-slideshow_slide swiper-slide\"><figure><img loading=\"lazy\" decoding=\"async\" width=\"800\" height=\"533\" alt=\"\" class=\"wp-block-jetpack-slideshow_image wp-image-132413\" data-id=\"132413\" src=\"https:\/\/www.hoymercedes.com.ar\/principal\/wp-content\/uploads\/2021\/06\/IMG_20210625_161010900.jpg\" srcset=\"https:\/\/www.hoymercedes.com.ar\/principal\/wp-content\/uploads\/2021\/06\/IMG_20210625_161010900.jpg 800w, https:\/\/www.hoymercedes.com.ar\/principal\/wp-content\/uploads\/2021\/06\/IMG_20210625_161010900-630x420.jpg 630w, https:\/\/www.hoymercedes.com.ar\/principal\/wp-content\/uploads\/2021\/06\/IMG_20210625_161010900-150x100.jpg 150w, https:\/\/www.hoymercedes.com.ar\/principal\/wp-content\/uploads\/2021\/06\/IMG_20210625_161010900-700x465.jpg 700w\" sizes=\"(max-width: 800px) 100vw, 800px\" \/><\/figure><\/li><\/ul><a class=\"wp-block-jetpack-slideshow_button-prev swiper-button-prev swiper-button-white\" role=\"button\"><\/a><a class=\"wp-block-jetpack-slideshow_button-next swiper-button-next swiper-button-white\" role=\"button\"><\/a><a aria-label=\"Pause Slideshow\" class=\"wp-block-jetpack-slideshow_button-pause\" role=\"button\"><\/a><div class=\"wp-block-jetpack-slideshow_pagination swiper-pagination swiper-pagination-white\"><\/div><\/div><\/div>\n\n\n\n<p>Fotograf\u00edas: Clarisa Altieri. <\/p>\n\n\n\n<p><\/p>\n\n\n\n<p><\/p>\n","protected":false},"excerpt":{"rendered":"<p>Sencillo, pero muy emotivo fue el homenaje a las personas que fallecieron a consecuencia del covid de Mercedes. A medida &#8230; <a title=\"Con velas y flores recordaron a las personas fallecidas por el covid\" class=\"read-more\" href=\"https:\/\/www.hoymercedes.com.ar\/principal\/2021\/06\/25\/con-velas-y-flores-recordaron-a-las-personas-fallecidas-por-el-covid\/\" aria-label=\"Leer m\u00e1s sobre Con velas y flores recordaron a las personas fallecidas por el covid\">Leer m\u00e1s<\/a><\/p>\n","protected":false},"author":1,"featured_media":132392,"comment_status":"closed","ping_status":"open","sticky":false,"template":"","format":"standard","meta":{"_monsterinsights_skip_tracking":false,"_monsterinsights_sitenote_active":false,"_monsterinsights_sitenote_note":"","_monsterinsights_sitenote_category":0,"jetpack_post_was_ever_published":false,"_jetpack_newsletter_access":"","_jetpack_dont_email_post_to_subs":false,"_jetpack_newsletter_tier_id":0,"_jetpack_memberships_contains_paywalled_content":false,"_jetpack_memberships_contains_paid_content":false,"footnotes":"","jetpack_publicize_message":"","jetpack_publicize_feature_enabled":true,"jetpack_social_post_already_shared":true,"jetpack_social_options":{"image_generator_settings":{"template":"highway","default_image_id":0,"font":"","enabled":false},"version":2},"_wpas_customize_per_network":false},"categories":[8],"tags":[16819,13142,8834,8867],"class_list":["post-132387","post","type-post","status-publish","format-standard","has-post-thumbnail","hentry","category-sociedad","tag-covid","tag-fallecidos","tag-homenaje","tag-recuerdo","generate-columns","tablet-grid-50","mobile-grid-100","grid-parent","grid-50"],"jetpack_publicize_connections":[],"jetpack_featured_media_url":"https:\/\/www.hoymercedes.com.ar\/principal\/wp-content\/uploads\/2021\/06\/IMG_20210625_161122343.jpg","wps_subtitle":"Recuerdo a los fallecidos por el coronavirus","jetpack_sharing_enabled":true,"_links":{"self":[{"href":"https:\/\/www.hoymercedes.com.ar\/principal\/wp-json\/wp\/v2\/posts\/132387","targetHints":{"allow":["GET"]}}],"collection":[{"href":"https:\/\/www.hoymercedes.com.ar\/principal\/wp-json\/wp\/v2\/posts"}],"about":[{"href":"https:\/\/www.hoymercedes.com.ar\/principal\/wp-json\/wp\/v2\/types\/post"}],"author":[{"embeddable":true,"href":"https:\/\/www.hoymercedes.com.ar\/principal\/wp-json\/wp\/v2\/users\/1"}],"replies":[{"embeddable":true,"href":"https:\/\/www.hoymercedes.com.ar\/principal\/wp-json\/wp\/v2\/comments?post=132387"}],"version-history":[{"count":0,"href":"https:\/\/www.hoymercedes.com.ar\/principal\/wp-json\/wp\/v2\/posts\/132387\/revisions"}],"wp:featuredmedia":[{"embeddable":true,"href":"https:\/\/www.hoymercedes.com.ar\/principal\/wp-json\/wp\/v2\/media\/132392"}],"wp:attachment":[{"href":"https:\/\/www.hoymercedes.com.ar\/principal\/wp-json\/wp\/v2\/media?parent=132387"}],"wp:term":[{"taxonomy":"category","embeddable":true,"href":"https:\/\/www.hoymercedes.com.ar\/principal\/wp-json\/wp\/v2\/categories?post=132387"},{"taxonomy":"post_tag","embeddable":true,"href":"https:\/\/www.hoymercedes.com.ar\/principal\/wp-json\/wp\/v2\/tags?post=132387"}],"curies":[{"name":"wp","href":"https:\/\/api.w.org\/{rel}","templated":true}]}}