{"id":132519,"date":"2021-06-28T07:50:00","date_gmt":"2021-06-28T10:50:00","guid":{"rendered":"https:\/\/www.hoymercedes.com.ar\/principal\/?p=132519"},"modified":"2021-06-27T22:32:41","modified_gmt":"2021-06-28T01:32:41","slug":"ministro-kulfas-visitaria-mercedes-con-proyectos-e-inversion","status":"publish","type":"post","link":"https:\/\/www.hoymercedes.com.ar\/principal\/2021\/06\/28\/ministro-kulfas-visitaria-mercedes-con-proyectos-e-inversion\/","title":{"rendered":"Ministro Kulfas visitar\u00eda Mercedes con proyectos e inversi\u00f3n"},"content":{"rendered":"\n<figure class=\"wp-block-image size-large\"><img loading=\"lazy\" decoding=\"async\" width=\"1004\" height=\"565\" data-attachment-id=\"132520\" data-permalink=\"https:\/\/www.hoymercedes.com.ar\/principal\/2021\/06\/28\/ministro-kulfas-visitaria-mercedes-con-proyectos-e-inversion\/kulfas-telamfoto\/#main\" data-orig-file=\"https:\/\/www.hoymercedes.com.ar\/principal\/wp-content\/uploads\/2021\/06\/Kulfas-TelamFoto.jpg\" data-orig-size=\"1004,565\" data-comments-opened=\"0\" data-image-meta=\"{&quot;aperture&quot;:&quot;0&quot;,&quot;credit&quot;:&quot;&quot;,&quot;camera&quot;:&quot;&quot;,&quot;caption&quot;:&quot;&quot;,&quot;created_timestamp&quot;:&quot;0&quot;,&quot;copyright&quot;:&quot;&quot;,&quot;focal_length&quot;:&quot;0&quot;,&quot;iso&quot;:&quot;0&quot;,&quot;shutter_speed&quot;:&quot;0&quot;,&quot;title&quot;:&quot;&quot;,&quot;orientation&quot;:&quot;0&quot;}\" data-image-title=\"Kulfas-TelamFoto\" data-image-description=\"\" data-image-caption=\"\" data-large-file=\"https:\/\/www.hoymercedes.com.ar\/principal\/wp-content\/uploads\/2021\/06\/Kulfas-TelamFoto.jpg\" src=\"https:\/\/www.hoymercedes.com.ar\/principal\/wp-content\/uploads\/2021\/06\/Kulfas-TelamFoto.jpg\" alt=\"\" class=\"wp-image-132520\" srcset=\"https:\/\/www.hoymercedes.com.ar\/principal\/wp-content\/uploads\/2021\/06\/Kulfas-TelamFoto.jpg 1004w, https:\/\/www.hoymercedes.com.ar\/principal\/wp-content\/uploads\/2021\/06\/Kulfas-TelamFoto-630x355.jpg 630w, https:\/\/www.hoymercedes.com.ar\/principal\/wp-content\/uploads\/2021\/06\/Kulfas-TelamFoto-150x84.jpg 150w\" sizes=\"auto, (max-width: 1004px) 100vw, 1004px\" \/><\/figure>\n\n\n\n<p>El intendente Ustarroz recibir\u00e1 al Ministro de Desarrollo Productivo, <strong>Lic. Mat\u00edas Kulfas<\/strong>, y al Ministro del Interior <strong>Eduardo \u201cWado\u201d de Pedro<\/strong> para avanzar en distintas planificaciones, pero tambi\u00e9n para oficializar el aporte de <strong>60 millones<\/strong> de pesos gestionados ante el gobierno nacional para mejorar la infraestructura del Sector Industrial Planificado. Se prev\u00e9 una reuni\u00f3n en dicho espacio con participaci\u00f3n de industriales y la C\u00e1mara Econ\u00f3mica Mercedina.<\/p>\n\n\n\n<p>La reuni\u00f3n se viene gestionando desde hace tiempo y parte de ello fue la visita de funcionarios de dicho ministerio meses atr\u00e1s donde se avanz\u00f3 en importantes cr\u00e9ditos productivos con condiciones favorables para nuestro Partido, como as\u00ed tambi\u00e9n dinero para poder realizar inversiones en infraestructura dentro del predio que ha tenido en los \u00faltimos dos a\u00f1os la radicaci\u00f3n de 3 nuevos emprendimientos productivos, algo sumamente favorable para la producci\u00f3n nacional y la generaci\u00f3n de trabajo mercedino.<\/p>\n","protected":false},"excerpt":{"rendered":"<p>El intendente Ustarroz recibir\u00e1 al Ministro de Desarrollo Productivo, Lic. Mat\u00edas Kulfas, y al Ministro del Interior Eduardo \u201cWado\u201d de &#8230; <a title=\"Ministro Kulfas visitar\u00eda Mercedes con proyectos e inversi\u00f3n\" class=\"read-more\" href=\"https:\/\/www.hoymercedes.com.ar\/principal\/2021\/06\/28\/ministro-kulfas-visitaria-mercedes-con-proyectos-e-inversion\/\" aria-label=\"Leer m\u00e1s sobre Ministro Kulfas visitar\u00eda Mercedes con proyectos e inversi\u00f3n\">Leer m\u00e1s<\/a><\/p>\n","protected":false},"author":1,"featured_media":132520,"comment_status":"closed","ping_status":"open","sticky":false,"template":"","format":"standard","meta":{"_monsterinsights_skip_tracking":false,"_monsterinsights_sitenote_active":false,"_monsterinsights_sitenote_note":"","_monsterinsights_sitenote_category":0,"jetpack_post_was_ever_published":false,"_jetpack_newsletter_access":"","_jetpack_dont_email_post_to_subs":false,"_jetpack_newsletter_tier_id":0,"_jetpack_memberships_contains_paywalled_content":false,"_jetpack_memberships_contains_paid_content":false,"footnotes":"","jetpack_publicize_message":"","jetpack_publicize_feature_enabled":true,"jetpack_social_post_already_shared":true,"jetpack_social_options":{"image_generator_settings":{"template":"highway","default_image_id":0,"font":"","enabled":false},"version":2},"_wpas_customize_per_network":false},"categories":[17182],"tags":[585,281],"class_list":["post-132519","post","type-post","status-publish","format-standard","has-post-thumbnail","hentry","category-nacion","tag-juan-ustarroz","tag-wado-de-pedro","generate-columns","tablet-grid-50","mobile-grid-100","grid-parent","grid-50"],"jetpack_publicize_connections":[],"jetpack_featured_media_url":"https:\/\/www.hoymercedes.com.ar\/principal\/wp-content\/uploads\/2021\/06\/Kulfas-TelamFoto.jpg","wps_subtitle":"","jetpack_sharing_enabled":true,"_links":{"self":[{"href":"https:\/\/www.hoymercedes.com.ar\/principal\/wp-json\/wp\/v2\/posts\/132519","targetHints":{"allow":["GET"]}}],"collection":[{"href":"https:\/\/www.hoymercedes.com.ar\/principal\/wp-json\/wp\/v2\/posts"}],"about":[{"href":"https:\/\/www.hoymercedes.com.ar\/principal\/wp-json\/wp\/v2\/types\/post"}],"author":[{"embeddable":true,"href":"https:\/\/www.hoymercedes.com.ar\/principal\/wp-json\/wp\/v2\/users\/1"}],"replies":[{"embeddable":true,"href":"https:\/\/www.hoymercedes.com.ar\/principal\/wp-json\/wp\/v2\/comments?post=132519"}],"version-history":[{"count":0,"href":"https:\/\/www.hoymercedes.com.ar\/principal\/wp-json\/wp\/v2\/posts\/132519\/revisions"}],"wp:featuredmedia":[{"embeddable":true,"href":"https:\/\/www.hoymercedes.com.ar\/principal\/wp-json\/wp\/v2\/media\/132520"}],"wp:attachment":[{"href":"https:\/\/www.hoymercedes.com.ar\/principal\/wp-json\/wp\/v2\/media?parent=132519"}],"wp:term":[{"taxonomy":"category","embeddable":true,"href":"https:\/\/www.hoymercedes.com.ar\/principal\/wp-json\/wp\/v2\/categories?post=132519"},{"taxonomy":"post_tag","embeddable":true,"href":"https:\/\/www.hoymercedes.com.ar\/principal\/wp-json\/wp\/v2\/tags?post=132519"}],"curies":[{"name":"wp","href":"https:\/\/api.w.org\/{rel}","templated":true}]}}