{"id":13253,"date":"2012-05-30T12:21:34","date_gmt":"2012-05-30T12:21:34","guid":{"rendered":"http:\/\/www.hoymercedes.com.ar\/principal\/?p=13253"},"modified":"2012-05-30T12:21:34","modified_gmt":"2012-05-30T12:21:34","slug":"asumen-los-nuevos-integrantes-del-la-comision-directiva-del-stmm","status":"publish","type":"post","link":"https:\/\/www.hoymercedes.com.ar\/principal\/2012\/05\/30\/asumen-los-nuevos-integrantes-del-la-comision-directiva-del-stmm\/","title":{"rendered":"Asumen los nuevos integrantes del la comisi\u00f3n directiva del STMM"},"content":{"rendered":"<p>El acto se llevar\u00e1 a cabo en la sede del mismo, calle 10 entre 29 y 31 y se espera la presencia de representantes de Sindicatos de ciudades vecinas como as\u00ed tambi\u00e9n integrantes dela<\/p>\n<p><strong>Federaci\u00f3n de la provincia de Buenos Aires<\/strong><\/p>\n<p>Con un acto que se llevar\u00e1 a cabo en la sede ubicada en calle 10 entre 29 y 31, asumir\u00e1n las nuevas autoridades del Sindicato de Trabajadores Municipales de Mercedes tras el resultado de la elecci\u00f3n efectuada el pasado 24 donde Ernesto Ballesteros qued\u00f3 consagrado como secretario general dando as\u00ed continuidad a la gesti\u00f3n que hab\u00eda iniciado hace cuatro a\u00f1os Mar\u00eda Florencia Balzategui quien de ahora en m\u00e1s se desempe\u00f1ar\u00e1 como Secretaria Adjunta, es decir que se invirtieron los cargos como estaban hasta el momento de las elecciones.<\/p>\n<p>Pero donde si hubo cambios es en la parte de la integraci\u00f3n de los secretarios de las diferentes \u00e1reas y una de ellas es justamente la que tiene que ver con quienes estamos en los medio de informaci\u00f3n ya que se incorpora un nuevo Secretario de Prensa, se trata de Cristian \u00c1lvarez quien reemplaza a Omar S\u00e1nchez que hasta el presente ocupaba dicho lugar.<\/p>\n<p>\u00c1lvarez sostuvo ayer \u201casume una nueva conducci\u00f3n que de alguna manera es la continuidad de la que estaba pero con gente nueva que intentar\u00e1 hacer una serie de cambios que realmente son muy necesarios para el sindicato pero esencialmente para el compa\u00f1ero trabajador municipal.<\/p>\n<p>Cuando me consultaron si quer\u00eda unirme al grupo entend\u00ed que deb\u00eda acompa\u00f1ar la gesti\u00f3n d Ernesto ballesteros de y de \u201cFlora\u201d Balzategui as\u00ed que acepte el cargo de Secretario de Prensa que me propusieron por entender que es un \u00e1rea que necesita una din\u00e1mica diferente a la que tuvo hasta el momento, necesitamos en primer t\u00e9rmino que la ciudad o mejor dicho que la sociedad mercedina sepa que es lo que hacemos y como lo hacemos, en que trabajamos para mejorar la situaci\u00f3n del trabajador municipal pero al mismo tiempo tambi\u00e9n es muy necesario justamente que el propio trabajador municipal sepa que es lo que su gremio hace por el, hay muchos compa\u00f1eros afiliados que acompa\u00f1an la gesti\u00f3n pero no son de ir con frecuencia a la sede gremial ni a las reuniones que frecuentemente realizamos.<\/p>\n<p>Por otra parte por algunos problemas personales que tuve en los \u00faltimos tiempos recib\u00ed una muy importante ayuda tanto de Ballesteros como de mar\u00eda Florencia Balzategui as\u00ed que decid\u00ed devolver esos favores trabajando junto a ellos.<\/p>\n<p>En estos momentos no tengo la lista depersonas inviotadas al acto pero puedo decirles que han sido convocados la totalidad de los funcionarios municipales, representantes de gremios hermanos de nuestra ciudad, de gremios municipales de ciudades vecinas y de la Federaci\u00f3n de Sindicatos de trabajadores municipales de la provincia que comanda el Diputado Nacional Sluga, pero sinceramente les mentir\u00eda si dijera quienes son los que realmente van a venir, y desde ya, esto no me hace falta decirlo, de hecho est\u00e1n invitados los representantes de la totalidad de los medios period\u00edsticos de nuestra ciudad con los cuales espero tener una muy buena relaci\u00f3n a lo largo de mi gesti\u00f3n como Secretario de Prensa del Sindicato.<\/p>\n<p>Sabemos muy bien que hay mucho por hacer a favor del trabajador municipal y ese es nuestro principal objetivo, hay que profundizar cambios para beneficiar a quienes hoy m\u00e1s necesitan, son justamente los trabajadores municipales, luchando para que puedan tener el salario que realmente merecen por las tareas que realizan.\u201d<\/p>\n","protected":false},"excerpt":{"rendered":"<p>El acto se llevar\u00e1 a cabo en la sede del mismo, calle 10 entre 29 y 31 y se espera &#8230; <a title=\"Asumen los nuevos integrantes del la comisi\u00f3n directiva del STMM\" class=\"read-more\" href=\"https:\/\/www.hoymercedes.com.ar\/principal\/2012\/05\/30\/asumen-los-nuevos-integrantes-del-la-comision-directiva-del-stmm\/\" aria-label=\"Leer m\u00e1s sobre Asumen los nuevos integrantes del la comisi\u00f3n directiva del STMM\">Leer m\u00e1s<\/a><\/p>\n","protected":false},"author":1,"featured_media":0,"comment_status":"open","ping_status":"open","sticky":false,"template":"","format":"standard","meta":{"_monsterinsights_skip_tracking":false,"_monsterinsights_sitenote_active":false,"_monsterinsights_sitenote_note":"","_monsterinsights_sitenote_category":0,"jetpack_post_was_ever_published":false,"_jetpack_newsletter_access":"","_jetpack_dont_email_post_to_subs":false,"_jetpack_newsletter_tier_id":0,"_jetpack_memberships_contains_paywalled_content":false,"_jetpack_memberships_contains_paid_content":false,"footnotes":"","jetpack_publicize_message":"","jetpack_publicize_feature_enabled":true,"jetpack_social_post_already_shared":false,"jetpack_social_options":{"image_generator_settings":{"template":"highway","default_image_id":0,"font":"","enabled":false},"version":2},"_wpas_customize_per_network":false},"categories":[5],"tags":[1214],"class_list":["post-13253","post","type-post","status-publish","format-standard","hentry","category-politica","tag-sindicato-trabajadores-municipales","generate-columns","tablet-grid-50","mobile-grid-100","grid-parent","grid-50"],"jetpack_publicize_connections":[],"jetpack_featured_media_url":"","wps_subtitle":"","jetpack_sharing_enabled":true,"_links":{"self":[{"href":"https:\/\/www.hoymercedes.com.ar\/principal\/wp-json\/wp\/v2\/posts\/13253","targetHints":{"allow":["GET"]}}],"collection":[{"href":"https:\/\/www.hoymercedes.com.ar\/principal\/wp-json\/wp\/v2\/posts"}],"about":[{"href":"https:\/\/www.hoymercedes.com.ar\/principal\/wp-json\/wp\/v2\/types\/post"}],"author":[{"embeddable":true,"href":"https:\/\/www.hoymercedes.com.ar\/principal\/wp-json\/wp\/v2\/users\/1"}],"replies":[{"embeddable":true,"href":"https:\/\/www.hoymercedes.com.ar\/principal\/wp-json\/wp\/v2\/comments?post=13253"}],"version-history":[{"count":0,"href":"https:\/\/www.hoymercedes.com.ar\/principal\/wp-json\/wp\/v2\/posts\/13253\/revisions"}],"wp:attachment":[{"href":"https:\/\/www.hoymercedes.com.ar\/principal\/wp-json\/wp\/v2\/media?parent=13253"}],"wp:term":[{"taxonomy":"category","embeddable":true,"href":"https:\/\/www.hoymercedes.com.ar\/principal\/wp-json\/wp\/v2\/categories?post=13253"},{"taxonomy":"post_tag","embeddable":true,"href":"https:\/\/www.hoymercedes.com.ar\/principal\/wp-json\/wp\/v2\/tags?post=13253"}],"curies":[{"name":"wp","href":"https:\/\/api.w.org\/{rel}","templated":true}]}}