{"id":132547,"date":"2021-06-28T14:15:00","date_gmt":"2021-06-28T17:15:00","guid":{"rendered":"https:\/\/www.hoymercedes.com.ar\/principal\/?p=132547"},"modified":"2021-06-28T14:25:00","modified_gmt":"2021-06-28T17:25:00","slug":"matias-dematei-mercedes-esta-ante-una-oportunidad-historica-y-todos-tenemos-que-entender-eso","status":"publish","type":"post","link":"https:\/\/www.hoymercedes.com.ar\/principal\/2021\/06\/28\/matias-dematei-mercedes-esta-ante-una-oportunidad-historica-y-todos-tenemos-que-entender-eso\/","title":{"rendered":"Mat\u00edas Dematei: \u201cMercedes est\u00e1 ante una oportunidad hist\u00f3rica y todos tenemos que entender eso\u201d"},"content":{"rendered":"\n<p>El presidente del Concejo Deliberante Mat\u00edas Dematei se expres\u00f3 a favor de las buenas vinculaciones que se generaron en los bloques de concejales con la aprobaci\u00f3n de la compra del predio de la ex Du Pont por parte de la gesti\u00f3n de Juan Ustarroz. \u201cLa \u00fanica manera de salir adelante es con la uni\u00f3n de cada mercedino y mercedina\u201d y remarc\u00f3 que \u201clas peleas no aportan nada, debemos trabajar m\u00e1s que nunca unidos\u201d, afirm\u00f3.<br><br>El Mat\u00edas Dematei est\u00e1 en todos lados. Se lo ve presidiendo el Concejo, pero tambi\u00e9n recorriendo obras y trabajando a full en el SAME y en el Hospital Dubarry en la lucha contra el Covid.<br><br>Desde su rol en la presidencia del Concejo apela de manera constante al di\u00e1logo y a terminar con la grieta. \u201cLa grieta s\u00f3lo genera odio y en Mercedes el mensaje que nos baja el intendente es que todos unidos y solidarios vamos a salir adelante\u201d, sostuvo Dematei.<br><br>Hace unos d\u00edas se llev\u00f3 adelante en el Concejo una sesi\u00f3n muy especial en la cual se trat\u00f3 la aprobaci\u00f3n de la compra del predio de la ex Du Pont por parte del gobierno municipal. \u201cEs un proyecto que va a terminar de unir a los mercedinos. Es algo especial que va a llevar a la ciudad a otro nivel y eso lo entendemos todos los que formamos parte del Concejo\u201d, afirm\u00f3 Dematei.<br><br>\u201cEl Concejo en este tema demostr\u00f3 gran madurez pol\u00edtica, encontramos buena predisposici\u00f3n de todos para concretar esta compra del predio de Du Pont. Y quiero hacer un gran reconocimiento al intendente Ustarroz, pero tambi\u00e9n a los presidentes de bloque que trabajaron de muy buena manera en este proyecto. S\u00e9 del compromiso que tienen Kilmeate como presidente de bloque o Sabrina Vi\u00f1ales o la compa\u00f1era Mariana San Mart\u00edn con todo lo que sea bueno para la ciudad\u201d, dijo el presidente del Concejo.<br><br>Mat\u00edas entiende que en Mercedes hoy est\u00e1n dadas las condiciones para que la ciudad logre un salto de calidad. La figura y la preponderancia a nivel nacional del vecino Wado De Pedro es fundamental.<\/p>\n\n\n\n<p>\u201cMercedes est\u00e1 ante una oportunidad hist\u00f3rica y todos tenemos que entender eso. Tenemos a una persona como Wado De Pedro con una relevancia \u00fanica para la ciudad y sabemos tambi\u00e9n del amor que tiene \u00e9l por nuestra ciudad. A la capacidad de siempre de gesti\u00f3n que tiene Juani le estamos sumando la figura preponderante de Wado en el gobierno nacional\u201d, dijo Dematei llamando a reflexionar a aquellos actores pol\u00edticos que todav\u00eda resisten esta posibilidad de crecimiento de los mercedinos.<\/p>\n","protected":false},"excerpt":{"rendered":"<p>El presidente del Concejo Deliberante Mat\u00edas Dematei se expres\u00f3 a favor de las buenas vinculaciones que se generaron en los &#8230; <a title=\"Mat\u00edas Dematei: \u201cMercedes est\u00e1 ante una oportunidad hist\u00f3rica y todos tenemos que entender eso\u201d\" class=\"read-more\" href=\"https:\/\/www.hoymercedes.com.ar\/principal\/2021\/06\/28\/matias-dematei-mercedes-esta-ante-una-oportunidad-historica-y-todos-tenemos-que-entender-eso\/\" aria-label=\"Leer m\u00e1s sobre Mat\u00edas Dematei: \u201cMercedes est\u00e1 ante una oportunidad hist\u00f3rica y todos tenemos que entender eso\u201d\">Leer m\u00e1s<\/a><\/p>\n","protected":false},"author":1,"featured_media":115470,"comment_status":"closed","ping_status":"open","sticky":false,"template":"","format":"standard","meta":{"_monsterinsights_skip_tracking":false,"_monsterinsights_sitenote_active":false,"_monsterinsights_sitenote_note":"","_monsterinsights_sitenote_category":0,"jetpack_post_was_ever_published":false,"_jetpack_newsletter_access":"","_jetpack_dont_email_post_to_subs":false,"_jetpack_newsletter_tier_id":0,"_jetpack_memberships_contains_paywalled_content":false,"_jetpack_memberships_contains_paid_content":false,"footnotes":"","jetpack_publicize_message":"","jetpack_publicize_feature_enabled":true,"jetpack_social_post_already_shared":true,"jetpack_social_options":{"image_generator_settings":{"template":"highway","default_image_id":0,"font":"","enabled":false},"version":2},"_wpas_customize_per_network":false},"categories":[5],"tags":[3810],"class_list":["post-132547","post","type-post","status-publish","format-standard","has-post-thumbnail","hentry","category-politica","tag-matias-dematei","generate-columns","tablet-grid-50","mobile-grid-100","grid-parent","grid-50"],"jetpack_publicize_connections":[],"jetpack_featured_media_url":"https:\/\/www.hoymercedes.com.ar\/principal\/wp-content\/uploads\/2020\/08\/MatiasDematei.jpg","wps_subtitle":"Convocatoria con la unidad","jetpack_sharing_enabled":true,"_links":{"self":[{"href":"https:\/\/www.hoymercedes.com.ar\/principal\/wp-json\/wp\/v2\/posts\/132547","targetHints":{"allow":["GET"]}}],"collection":[{"href":"https:\/\/www.hoymercedes.com.ar\/principal\/wp-json\/wp\/v2\/posts"}],"about":[{"href":"https:\/\/www.hoymercedes.com.ar\/principal\/wp-json\/wp\/v2\/types\/post"}],"author":[{"embeddable":true,"href":"https:\/\/www.hoymercedes.com.ar\/principal\/wp-json\/wp\/v2\/users\/1"}],"replies":[{"embeddable":true,"href":"https:\/\/www.hoymercedes.com.ar\/principal\/wp-json\/wp\/v2\/comments?post=132547"}],"version-history":[{"count":0,"href":"https:\/\/www.hoymercedes.com.ar\/principal\/wp-json\/wp\/v2\/posts\/132547\/revisions"}],"wp:featuredmedia":[{"embeddable":true,"href":"https:\/\/www.hoymercedes.com.ar\/principal\/wp-json\/wp\/v2\/media\/115470"}],"wp:attachment":[{"href":"https:\/\/www.hoymercedes.com.ar\/principal\/wp-json\/wp\/v2\/media?parent=132547"}],"wp:term":[{"taxonomy":"category","embeddable":true,"href":"https:\/\/www.hoymercedes.com.ar\/principal\/wp-json\/wp\/v2\/categories?post=132547"},{"taxonomy":"post_tag","embeddable":true,"href":"https:\/\/www.hoymercedes.com.ar\/principal\/wp-json\/wp\/v2\/tags?post=132547"}],"curies":[{"name":"wp","href":"https:\/\/api.w.org\/{rel}","templated":true}]}}