{"id":13266,"date":"2012-05-30T12:40:06","date_gmt":"2012-05-30T12:40:06","guid":{"rendered":"http:\/\/www.hoymercedes.com.ar\/principal\/?p=13266"},"modified":"2012-05-30T12:40:06","modified_gmt":"2012-05-30T12:40:06","slug":"mercedes-presente-en-la-asuncion-de-hermes-binner-como-presidente-del-partido-socialista","status":"publish","type":"post","link":"https:\/\/www.hoymercedes.com.ar\/principal\/2012\/05\/30\/mercedes-presente-en-la-asuncion-de-hermes-binner-como-presidente-del-partido-socialista\/","title":{"rendered":"Mercedes presente en la asunci\u00f3n de Hermes Binner como presidente del Partido Socialista"},"content":{"rendered":"<p><a href=\"https:\/\/www.hoymercedes.com.ar\/principal\/wp-content\/uploads\/2012\/05\/Mercedinos-Binner.jpg\"><img loading=\"lazy\" decoding=\"async\" data-attachment-id=\"13268\" data-permalink=\"https:\/\/www.hoymercedes.com.ar\/principal\/2012\/05\/30\/mercedes-presente-en-la-asuncion-de-hermes-binner-como-presidente-del-partido-socialista\/mercedinos-binner\/#main\" data-orig-file=\"https:\/\/www.hoymercedes.com.ar\/principal\/wp-content\/uploads\/2012\/05\/Mercedinos-Binner.jpg\" data-orig-size=\"612,459\" data-comments-opened=\"1\" data-image-meta=\"{&quot;aperture&quot;:&quot;0&quot;,&quot;credit&quot;:&quot;&quot;,&quot;camera&quot;:&quot;&quot;,&quot;caption&quot;:&quot;&quot;,&quot;created_timestamp&quot;:&quot;0&quot;,&quot;copyright&quot;:&quot;&quot;,&quot;focal_length&quot;:&quot;0&quot;,&quot;iso&quot;:&quot;0&quot;,&quot;shutter_speed&quot;:&quot;0&quot;,&quot;title&quot;:&quot;&quot;}\" data-image-title=\"Mercedinos-Binner\" data-image-description=\"\" data-image-caption=\"\" data-large-file=\"https:\/\/www.hoymercedes.com.ar\/principal\/wp-content\/uploads\/2012\/05\/Mercedinos-Binner.jpg\" class=\"aligncenter size-full wp-image-13268\" title=\"Mercedinos-Binner\" src=\"https:\/\/www.hoymercedes.com.ar\/principal\/wp-content\/uploads\/2012\/05\/Mercedinos-Binner.jpg\" alt=\"\" width=\"612\" height=\"459\" \/><\/a><\/p>\n<p>Con la presencia de autoridades y militantes del Centro Socialista de Mercedes, el m\u00e1ximo referente nacional del Frente Amplio Progresista Hermes Binner asumi\u00f3 la presidencia del Partido Socialista, luego de un acto realizado en la sede partidaria de la avenida Entre R\u00edos en Capital Federal, reemplazando en el cargo al senador Rub\u00e9n Giustiniani.<\/p>\n<p>Para nuestro centro este acontecimiento es muy importante, ya que luego de varios a\u00f1os de luchar por la unidad partidaria y por la construcci\u00f3n de un verdadero frente progresista, somos participes org\u00e1nicos de esta decisi\u00f3n colectiva, reconociendo el liderazgo del Dr. Binner en nuestra estructura.<\/p>\n<p>La responsabilidad de comandar un \u00a0partido con 116 a\u00f1os de historia con grandes figuras como Juan B. Justo, Alfredo Palacios, Alicia Moreau de Justo, Guillermo Est\u00e9vez Boero, Alfredo Bravo, gente que ha forjado en el pa\u00eds una impronta de solidaridad, participaci\u00f3n y transparencia no es para cualquiera, y debido a su larga trayectoria militante, pero por sobre todo por sus capacidades pol\u00edticas y demostraci\u00f3n de gesti\u00f3n es que el conjunto del Partido Socialista ha elegido al compa\u00f1ero Binner para comandarlo.<\/p>\n<p>Durante el acto de asunci\u00f3n pudimos escuchar a Binner cuando manifestaba que \u201cpor eso asumimos este compromiso con mucha responsabilidad. Estamos muy contentos y esperanzados en poder seguir por ese camino. Hoy tenemos el desaf\u00edo de seguir haciendo crecer el Partido Socialista\u00bb.<\/p>\n<p>Para Binner \u201cel Partido Socialista ha sido durante mucho tiempo un partido municipalista y all\u00ed est\u00e1 el gran aprendizaje de la pol\u00edtica al servicio de la gente. Hoy estamos en una alternativa superior, aprovechando las experiencias que hemos vivido en t\u00e9rminos de alianzas y coaliciones a lo largo de nuestra historia, con el Frente Amplio Progresista que tiene una proyecci\u00f3n importante. Trabajaremos por supuesto en la consolidaci\u00f3n del partido, pero a su vez con una amplitud hacia este frente que ha obtenido cerca de 4 millones de votos\u00bb.<\/p>\n<p>\u00abEs un momento muy especial en mi vida, tengo una mezcla de emociones\u00bb, reconoci\u00f3Binner, quien adem\u00e1s resalt\u00f3 \u201cla figura de Rub\u00e9n \u2013Giustiniani- porque en esta gesti\u00f3n se trabaj\u00f3 y se consolid\u00f3 la unidad del Partido Socialista. Esto habla de la calidad humana de Rub\u00e9n y tengo un sentimiento de gratitud por esta tarea extraordinaria\u00bb.<\/p>\n<p>El presidente saliente, Rub\u00e9n Giustiniani destac\u00f3 que \u00abeste Partido Socialista tiene un futuro gigantesco por delante\u00bb, y afirm\u00f3 que \u201ces altamente positiva la alternancia, esta nueva conducci\u00f3n va a tener todo nuestro apoyo, el mismo que han tenido durante nuestra gesti\u00f3n en todo este tiempo\u00bb.<\/p>\n<p>Es por esto y mucho mas que desde el Centro Socialista de Mercedes decimos que a partir de ahora debemos saber construir entre el conjunto de las fuerzas progresistas lazos que terminen con el blanco y negro, y piensen en una Argentina en celeste y blanco, contando con nuestro apoyo a lo que est\u00e1 bien y criticando lo que est\u00e1 mal, pero siempre siendo propositivos. Hoy tenemos otra oportunidad hist\u00f3rica, que es avanzar hacia un futuro con mas igualdad, libertad, participaci\u00f3n y solidaridad, dejar atr\u00e1s el pasado reaccionario y conservador de algunas fuerzas pol\u00edticas que hoy forman parte del pasado y para esto invitamos a todos aquellos que quieran sumarse a las reuniones que realizamos todos los lunes a las 18 hs en la Casa del Pueblo, en calle 35 entre 22 y 24.<\/p>\n<p><span style=\"color: #888888;\">Fuente: PS Mercedes<\/span><\/p>\n","protected":false},"excerpt":{"rendered":"<p>Con la presencia de autoridades y militantes del Centro Socialista de Mercedes, el m\u00e1ximo referente nacional del Frente Amplio Progresista &#8230; <a title=\"Mercedes presente en la asunci\u00f3n de Hermes Binner como presidente del Partido Socialista\" class=\"read-more\" href=\"https:\/\/www.hoymercedes.com.ar\/principal\/2012\/05\/30\/mercedes-presente-en-la-asuncion-de-hermes-binner-como-presidente-del-partido-socialista\/\" aria-label=\"Leer m\u00e1s sobre Mercedes presente en la asunci\u00f3n de Hermes Binner como presidente del Partido Socialista\">Leer m\u00e1s<\/a><\/p>\n","protected":false},"author":1,"featured_media":0,"comment_status":"open","ping_status":"open","sticky":false,"template":"","format":"standard","meta":{"_monsterinsights_skip_tracking":false,"_monsterinsights_sitenote_active":false,"_monsterinsights_sitenote_note":"","_monsterinsights_sitenote_category":0,"jetpack_post_was_ever_published":false,"_jetpack_newsletter_access":"","_jetpack_dont_email_post_to_subs":false,"_jetpack_newsletter_tier_id":0,"_jetpack_memberships_contains_paywalled_content":false,"_jetpack_memberships_contains_paid_content":false,"footnotes":"","jetpack_publicize_message":"","jetpack_publicize_feature_enabled":true,"jetpack_social_post_already_shared":false,"jetpack_social_options":{"image_generator_settings":{"template":"highway","default_image_id":0,"font":"","enabled":false},"version":2},"_wpas_customize_per_network":false},"categories":[5],"tags":[2269,2268,1969],"class_list":["post-13266","post","type-post","status-publish","format-standard","hentry","category-politica","tag-asuncion-binner-mercedes","tag-binner-con-mercedinos","tag-socialistas-mercedes","generate-columns","tablet-grid-50","mobile-grid-100","grid-parent","grid-50"],"jetpack_publicize_connections":[],"jetpack_featured_media_url":"","wps_subtitle":"","jetpack_sharing_enabled":true,"_links":{"self":[{"href":"https:\/\/www.hoymercedes.com.ar\/principal\/wp-json\/wp\/v2\/posts\/13266","targetHints":{"allow":["GET"]}}],"collection":[{"href":"https:\/\/www.hoymercedes.com.ar\/principal\/wp-json\/wp\/v2\/posts"}],"about":[{"href":"https:\/\/www.hoymercedes.com.ar\/principal\/wp-json\/wp\/v2\/types\/post"}],"author":[{"embeddable":true,"href":"https:\/\/www.hoymercedes.com.ar\/principal\/wp-json\/wp\/v2\/users\/1"}],"replies":[{"embeddable":true,"href":"https:\/\/www.hoymercedes.com.ar\/principal\/wp-json\/wp\/v2\/comments?post=13266"}],"version-history":[{"count":0,"href":"https:\/\/www.hoymercedes.com.ar\/principal\/wp-json\/wp\/v2\/posts\/13266\/revisions"}],"wp:attachment":[{"href":"https:\/\/www.hoymercedes.com.ar\/principal\/wp-json\/wp\/v2\/media?parent=13266"}],"wp:term":[{"taxonomy":"category","embeddable":true,"href":"https:\/\/www.hoymercedes.com.ar\/principal\/wp-json\/wp\/v2\/categories?post=13266"},{"taxonomy":"post_tag","embeddable":true,"href":"https:\/\/www.hoymercedes.com.ar\/principal\/wp-json\/wp\/v2\/tags?post=13266"}],"curies":[{"name":"wp","href":"https:\/\/api.w.org\/{rel}","templated":true}]}}